{"id":32809,"date":"2024-10-07T17:16:18","date_gmt":"2024-10-07T15:16:18","guid":{"rendered":"https:\/\/elizagipuzkoa.org\/imposicion-del-palio-arzobispal-a-d-florencio-rosello\/"},"modified":"2024-10-07T17:18:05","modified_gmt":"2024-10-07T15:18:05","slug":"imposicion-del-palio-arzobispal-a-d-florencio-rosello","status":"publish","type":"post","link":"https:\/\/elizagipuzkoa.org\/eu\/imposicion-del-palio-arzobispal-a-d-florencio-rosello\/","title":{"rendered":"Florencio Rosell\u00f3 jaunari artzapezpiku-palioa jartzea"},"content":{"rendered":"<p>Aita Santuak Espainian duen nuntzioak, Bernardito Auza monsinoreak, metropoli-palioa ezarri zion joan den igandean, urriak 6, Florencio Rosello Avellanasi, Iru\u00f1eko artzapezpikua, Iru\u00f1eko Katedralean ospaturiko eukaristia baten baitan.<\/p>\n<p>Bertan izan ziren Iru\u00f1eko artxidiozesiko gotzainak, hala nola, Fernando Prado, Donostiako gotzaina, Santos Montoya, Calahorra-La Calzada eta Logro\u00f1okoa, eta Fernando Jarn\u00e9, Jakako bikario nagusia, bere gotzainaren ordezkari gisa.<\/p>\n<p>Halaber, Mikel Garciandiak, Palentziako gotzaina, Juan Carlos Elizaldek, Gasteizkoa, eta Alberto Verak, Mozambikeko mesedetako-gotzainak ere parte hartu zuten, baita Javier Urosek, Olivako monasterioko abadeak ere. Mintegietako errektoreak eta Nafarroako erakunde ezberdinetako ordezkariak ere bertaratu ziren.<\/p>\n<p>Apezpikuek fededun askoren kidetza izan zuten, eta baita 70 apaizena ere; guztiek babestu zuten Rosello ekitaldi garrantzitsu honetan. Intsignia jarri izanak metropoliko artzapezpikuek Aita Santuarekin duten komunioa, eta bere eskumenean dauden elizbarrutiak gidatzeko betebeharra adierazten du.<\/p>\n<p><strong>Aita Santuaren eskutik<\/strong><\/p>\n<p>Florencio Rosellok, ekainaren 29an, San Pedro eta San Pauloren gorentasuna, kutxa baten barruan zegoen artzapezpiku-palioa jaso zuen Frantzisko Aita Santuaren eskutik Erromako San Pedro basilikan ospaturiko ekitaldi batean.<\/p>\n<p>Ondoren, dagokion Aita Santuaren nuntzioak, artzapezpikuaren katedralean bertan ezarri zion palioa, artxidiozesi elkarte osoak ospakizunean parte hartu zezan. Eukaristia bertaratutako guztien txalo zaparradarekin amaitu zen, katedraleko musika kapera azken pieza jotzen ari zen bitartean.<\/p>\n<p>Homilian zehar, ospakizunak, Aita Santuarekiko bere bategitea berritzen zuela nabarmendu zuen Rosellok. Palioa sorbalda gainera eramaten dela aipatu zuen, ardi galduarekin kargatzen duen Artzain Onaren irudia jasotzen duelako: \u201cZuetako bakoitza zarete ikur hori, denok, tupust egiten baitugu noizbait\u201d. \u201cNire sorbalden gainean, nire bizitza baino gehiagoren zama eman behar dut\u201d, erantsi zuen. Eta argi utzi zuen artzapezpiku izatea \u201cez dela pribilegioa, zerbitzua baizik\u201d. \u201cZerbitzatzeko nago hemen\u201d.<\/p>\n<p>Gainera, zera adierazi zuen Rosellok, abusu kasuak aintzakotzat hartuta, palioak, gaur egun, \u201cpisu handiagoa duela\u201d. \u201cElizak bere erantzukizuna onartu nahi du, eta barkamena eskatzen dut gehiegikeriengatik\u201d, esan zuen. Gainera, fideltasuna eta konpromisoa bilatu behar dira gaineratu zuen. Gaur egun \u201cepe laburreko leialtasuna baitago\u201d, adierazi zuen.<\/p>\n","protected":false},"excerpt":{"rendered":"<p>Aita Santuak Espainian duen nuntzioak, Bernardito Auza monsinoreak, metropoli-palioa ezarri zion joan den igandean, urriak 6, Florencio Rosello Avellanasi, Iru\u00f1eko artzapezpikua, Iru\u00f1eko Katedralean ospaturiko eukaristia [&#8230;]<\/p>\n","protected":false},"author":3,"featured_media":32805,"comment_status":"closed","ping_status":"closed","sticky":false,"template":"","format":"standard","meta":{"_price":"","_stock":"","_tribe_ticket_header":"","_tribe_default_ticket_provider":"","_tribe_ticket_capacity":"0","_ticket_start_date":"","_ticket_end_date":"","_tribe_ticket_show_description":"","_tribe_ticket_show_not_going":false,"_tribe_ticket_use_global_stock":"","_tribe_ticket_global_stock_level":"","_global_stock_mode":"","_global_stock_cap":"","_tribe_rsvp_for_event":"","_tribe_ticket_going_count":"","_tribe_ticket_not_going_count":"","_tribe_tickets_list":"[]","_tribe_ticket_has_attendee_info_fields":false,"footnotes":""},"categories":[162,155],"tags":[],"class_list":["post-32809","post","type-post","status-publish","format-standard","has-post-thumbnail","hentry","category-gaurkotasuna","category-obispo-d-fernando-eu"],"yoast_head":"<!-- This site is optimized with the Yoast SEO plugin v26.9 - https:\/\/yoast.com\/product\/yoast-seo-wordpress\/ -->\n<title>Florencio Rosell\u00f3 jaunari artzapezpiku-palioa jartzea - Di\u00f3cesis de San Sebasti\u00e1n<\/title>\n<meta name=\"description\" content=\"Aita Santuak Espainian duen nuntzioak, Bernardito Auza monsinoreak, metropoli-palioa ezarri zion joan den igandean, urriak 6, Florencio Rosello Avellanasi, Iru\u00f1eko artzapezpikua, Iru\u00f1eko Katedralean ospaturiko eukaristia baten baitan.\" \/>\n<meta name=\"robots\" content=\"index, follow, max-snippet:-1, max-image-preview:large, max-video-preview:-1\" \/>\n<link rel=\"canonical\" href=\"https:\/\/elizagipuzkoa.org\/eu\/imposicion-del-palio-arzobispal-a-d-florencio-rosello\/\" \/>\n<meta property=\"og:locale\" content=\"en_US\" \/>\n<meta property=\"og:type\" content=\"article\" \/>\n<meta property=\"og:title\" content=\"Florencio Rosell\u00f3 jaunari artzapezpiku-palioa jartzea - Di\u00f3cesis de San Sebasti\u00e1n\" \/>\n<meta property=\"og:description\" content=\"Aita Santuak Espainian duen nuntzioak, Bernardito Auza monsinoreak, metropoli-palioa ezarri zion joan den igandean, urriak 6, Florencio Rosello Avellanasi, Iru\u00f1eko artzapezpikua, Iru\u00f1eko Katedralean ospaturiko eukaristia baten baitan.\" \/>\n<meta property=\"og:url\" content=\"https:\/\/elizagipuzkoa.org\/eu\/imposicion-del-palio-arzobispal-a-d-florencio-rosello\/\" \/>\n<meta property=\"og:site_name\" content=\"Di\u00f3cesis de San Sebasti\u00e1n\" \/>\n<meta property=\"article:publisher\" content=\"https:\/\/www.facebook.com\/p\/Donostiako-ElizbarrutiaDicesis-de-San-Sebastin-100064874702840\/\" \/>\n<meta property=\"article:published_time\" content=\"2024-10-07T15:16:18+00:00\" \/>\n<meta property=\"article:modified_time\" content=\"2024-10-07T15:18:05+00:00\" \/>\n<meta property=\"og:image\" content=\"https:\/\/elizagipuzkoa.org\/wp-content\/uploads\/2024\/10\/WhatsApp-Image-2024-10-07-at-14.29.02.jpeg\" \/>\n\t<meta property=\"og:image:width\" content=\"1280\" \/>\n\t<meta property=\"og:image:height\" content=\"842\" \/>\n\t<meta property=\"og:image:type\" content=\"image\/jpeg\" \/>\n<meta name=\"author\" content=\"Ivan Benko\" \/>\n<meta name=\"twitter:card\" content=\"summary_large_image\" \/>\n<meta name=\"twitter:creator\" content=\"@diocesis_ss\" \/>\n<meta name=\"twitter:site\" content=\"@diocesis_ss\" \/>\n<meta name=\"twitter:label1\" content=\"Written by\" \/>\n\t<meta name=\"twitter:data1\" content=\"Ivan Benko\" \/>\n\t<meta name=\"twitter:label2\" content=\"Est. reading time\" \/>\n\t<meta name=\"twitter:data2\" content=\"2 minutua\" \/>\n<script type=\"application\/ld+json\" class=\"yoast-schema-graph\">{\"@context\":\"https:\/\/schema.org\",\"@graph\":[{\"@type\":\"Article\",\"@id\":\"https:\/\/elizagipuzkoa.org\/eu\/imposicion-del-palio-arzobispal-a-d-florencio-rosello\/#article\",\"isPartOf\":{\"@id\":\"https:\/\/elizagipuzkoa.org\/eu\/imposicion-del-palio-arzobispal-a-d-florencio-rosello\/\"},\"author\":{\"name\":\"Ivan Benko\",\"@id\":\"https:\/\/elizagipuzkoa.org\/eu\/#\/schema\/person\/d33380af7f6eaf564ae1ed5b8fb1e8a9\"},\"headline\":\"Florencio Rosell\u00f3 jaunari artzapezpiku-palioa jartzea\",\"datePublished\":\"2024-10-07T15:16:18+00:00\",\"dateModified\":\"2024-10-07T15:18:05+00:00\",\"mainEntityOfPage\":{\"@id\":\"https:\/\/elizagipuzkoa.org\/eu\/imposicion-del-palio-arzobispal-a-d-florencio-rosello\/\"},\"wordCount\":308,\"publisher\":{\"@id\":\"https:\/\/elizagipuzkoa.org\/eu\/#organization\"},\"image\":{\"@id\":\"https:\/\/elizagipuzkoa.org\/eu\/imposicion-del-palio-arzobispal-a-d-florencio-rosello\/#primaryimage\"},\"thumbnailUrl\":\"https:\/\/elizagipuzkoa.org\/wp-content\/uploads\/2024\/10\/WhatsApp-Image-2024-10-07-at-14.29.02.jpeg\",\"articleSection\":[\"Gaurkotasuna\",\"Obispo D. Fernando\"],\"inLanguage\":\"eu\"},{\"@type\":\"WebPage\",\"@id\":\"https:\/\/elizagipuzkoa.org\/eu\/imposicion-del-palio-arzobispal-a-d-florencio-rosello\/\",\"url\":\"https:\/\/elizagipuzkoa.org\/eu\/imposicion-del-palio-arzobispal-a-d-florencio-rosello\/\",\"name\":\"Florencio Rosell\u00f3 jaunari artzapezpiku-palioa jartzea - Di\u00f3cesis de San Sebasti\u00e1n\",\"isPartOf\":{\"@id\":\"https:\/\/elizagipuzkoa.org\/eu\/#website\"},\"primaryImageOfPage\":{\"@id\":\"https:\/\/elizagipuzkoa.org\/eu\/imposicion-del-palio-arzobispal-a-d-florencio-rosello\/#primaryimage\"},\"image\":{\"@id\":\"https:\/\/elizagipuzkoa.org\/eu\/imposicion-del-palio-arzobispal-a-d-florencio-rosello\/#primaryimage\"},\"thumbnailUrl\":\"https:\/\/elizagipuzkoa.org\/wp-content\/uploads\/2024\/10\/WhatsApp-Image-2024-10-07-at-14.29.02.jpeg\",\"datePublished\":\"2024-10-07T15:16:18+00:00\",\"dateModified\":\"2024-10-07T15:18:05+00:00\",\"description\":\"Aita Santuak Espainian duen nuntzioak, Bernardito Auza monsinoreak, metropoli-palioa ezarri zion joan den igandean, urriak 6, Florencio Rosello Avellanasi, Iru\u00f1eko artzapezpikua, Iru\u00f1eko Katedralean ospaturiko eukaristia baten baitan.\",\"breadcrumb\":{\"@id\":\"https:\/\/elizagipuzkoa.org\/eu\/imposicion-del-palio-arzobispal-a-d-florencio-rosello\/#breadcrumb\"},\"inLanguage\":\"eu\",\"potentialAction\":[{\"@type\":\"ReadAction\",\"target\":[\"https:\/\/elizagipuzkoa.org\/eu\/imposicion-del-palio-arzobispal-a-d-florencio-rosello\/\"]}]},{\"@type\":\"ImageObject\",\"inLanguage\":\"eu\",\"@id\":\"https:\/\/elizagipuzkoa.org\/eu\/imposicion-del-palio-arzobispal-a-d-florencio-rosello\/#primaryimage\",\"url\":\"https:\/\/elizagipuzkoa.org\/wp-content\/uploads\/2024\/10\/WhatsApp-Image-2024-10-07-at-14.29.02.jpeg\",\"contentUrl\":\"https:\/\/elizagipuzkoa.org\/wp-content\/uploads\/2024\/10\/WhatsApp-Image-2024-10-07-at-14.29.02.jpeg\",\"width\":1280,\"height\":842},{\"@type\":\"BreadcrumbList\",\"@id\":\"https:\/\/elizagipuzkoa.org\/eu\/imposicion-del-palio-arzobispal-a-d-florencio-rosello\/#breadcrumb\",\"itemListElement\":[{\"@type\":\"ListItem\",\"position\":1,\"name\":\"Inicio\",\"item\":\"https:\/\/elizagipuzkoa.org\/eu\/\"},{\"@type\":\"ListItem\",\"position\":2,\"name\":\"Florencio Rosell\u00f3 jaunari artzapezpiku-palioa jartzea\"}]},{\"@type\":\"WebSite\",\"@id\":\"https:\/\/elizagipuzkoa.org\/eu\/#website\",\"url\":\"https:\/\/elizagipuzkoa.org\/eu\/\",\"name\":\"Di\u00f3cesis de San Sebasti\u00e1n\",\"description\":\"\",\"publisher\":{\"@id\":\"https:\/\/elizagipuzkoa.org\/eu\/#organization\"},\"potentialAction\":[{\"@type\":\"SearchAction\",\"target\":{\"@type\":\"EntryPoint\",\"urlTemplate\":\"https:\/\/elizagipuzkoa.org\/eu\/?s={search_term_string}\"},\"query-input\":{\"@type\":\"PropertyValueSpecification\",\"valueRequired\":true,\"valueName\":\"search_term_string\"}}],\"inLanguage\":\"eu\"},{\"@type\":\"Organization\",\"@id\":\"https:\/\/elizagipuzkoa.org\/eu\/#organization\",\"name\":\"Di\u00f3cesis de San Sebasti\u00e1n\",\"url\":\"https:\/\/elizagipuzkoa.org\/eu\/\",\"logo\":{\"@type\":\"ImageObject\",\"inLanguage\":\"eu\",\"@id\":\"https:\/\/elizagipuzkoa.org\/eu\/#\/schema\/logo\/image\/\",\"url\":\"https:\/\/elizagipuzkoa.org\/wp-content\/uploads\/2024\/02\/logo_transparente_250.png\",\"contentUrl\":\"https:\/\/elizagipuzkoa.org\/wp-content\/uploads\/2024\/02\/logo_transparente_250.png\",\"width\":250,\"height\":124,\"caption\":\"Di\u00f3cesis de San Sebasti\u00e1n\"},\"image\":{\"@id\":\"https:\/\/elizagipuzkoa.org\/eu\/#\/schema\/logo\/image\/\"},\"sameAs\":[\"https:\/\/www.facebook.com\/p\/Donostiako-ElizbarrutiaDicesis-de-San-Sebastin-100064874702840\/\",\"https:\/\/x.com\/diocesis_ss\",\"https:\/\/www.instagram.com\/diocesis_ss\/?hl=es\",\"https:\/\/www.youtube.com\/@DiocesisdeSanSebastian\",\"https:\/\/www.flickr.com\/photos\/133958253@N05\/albums\/\"]},{\"@type\":\"Person\",\"@id\":\"https:\/\/elizagipuzkoa.org\/eu\/#\/schema\/person\/d33380af7f6eaf564ae1ed5b8fb1e8a9\",\"name\":\"Ivan Benko\",\"image\":{\"@type\":\"ImageObject\",\"inLanguage\":\"eu\",\"@id\":\"https:\/\/elizagipuzkoa.org\/eu\/#\/schema\/person\/image\/\",\"url\":\"https:\/\/secure.gravatar.com\/avatar\/f90bd9f1506ff6ba69f5e66b32b211ab55afa300918f2b96b163f0336d4fcb10?s=96&d=mm&r=g\",\"contentUrl\":\"https:\/\/secure.gravatar.com\/avatar\/f90bd9f1506ff6ba69f5e66b32b211ab55afa300918f2b96b163f0336d4fcb10?s=96&d=mm&r=g\",\"caption\":\"Ivan Benko\"},\"url\":\"https:\/\/elizagipuzkoa.org\/eu\/author\/comunicacion\/\"}]}<\/script>\n<!-- \/ Yoast SEO plugin. -->","yoast_head_json":{"title":"Florencio Rosell\u00f3 jaunari artzapezpiku-palioa jartzea - Di\u00f3cesis de San Sebasti\u00e1n","description":"Aita Santuak Espainian duen nuntzioak, Bernardito Auza monsinoreak, metropoli-palioa ezarri zion joan den igandean, urriak 6, Florencio Rosello Avellanasi, Iru\u00f1eko artzapezpikua, Iru\u00f1eko Katedralean ospaturiko eukaristia baten baitan.","robots":{"index":"index","follow":"follow","max-snippet":"max-snippet:-1","max-image-preview":"max-image-preview:large","max-video-preview":"max-video-preview:-1"},"canonical":"https:\/\/elizagipuzkoa.org\/eu\/imposicion-del-palio-arzobispal-a-d-florencio-rosello\/","og_locale":"en_US","og_type":"article","og_title":"Florencio Rosell\u00f3 jaunari artzapezpiku-palioa jartzea - Di\u00f3cesis de San Sebasti\u00e1n","og_description":"Aita Santuak Espainian duen nuntzioak, Bernardito Auza monsinoreak, metropoli-palioa ezarri zion joan den igandean, urriak 6, Florencio Rosello Avellanasi, Iru\u00f1eko artzapezpikua, Iru\u00f1eko Katedralean ospaturiko eukaristia baten baitan.","og_url":"https:\/\/elizagipuzkoa.org\/eu\/imposicion-del-palio-arzobispal-a-d-florencio-rosello\/","og_site_name":"Di\u00f3cesis de San Sebasti\u00e1n","article_publisher":"https:\/\/www.facebook.com\/p\/Donostiako-ElizbarrutiaDicesis-de-San-Sebastin-100064874702840\/","article_published_time":"2024-10-07T15:16:18+00:00","article_modified_time":"2024-10-07T15:18:05+00:00","og_image":[{"width":1280,"height":842,"url":"https:\/\/elizagipuzkoa.org\/wp-content\/uploads\/2024\/10\/WhatsApp-Image-2024-10-07-at-14.29.02.jpeg","type":"image\/jpeg"}],"author":"Ivan Benko","twitter_card":"summary_large_image","twitter_creator":"@diocesis_ss","twitter_site":"@diocesis_ss","twitter_misc":{"Written by":"Ivan Benko","Est. reading time":"2 minutua"},"schema":{"@context":"https:\/\/schema.org","@graph":[{"@type":"Article","@id":"https:\/\/elizagipuzkoa.org\/eu\/imposicion-del-palio-arzobispal-a-d-florencio-rosello\/#article","isPartOf":{"@id":"https:\/\/elizagipuzkoa.org\/eu\/imposicion-del-palio-arzobispal-a-d-florencio-rosello\/"},"author":{"name":"Ivan Benko","@id":"https:\/\/elizagipuzkoa.org\/eu\/#\/schema\/person\/d33380af7f6eaf564ae1ed5b8fb1e8a9"},"headline":"Florencio Rosell\u00f3 jaunari artzapezpiku-palioa jartzea","datePublished":"2024-10-07T15:16:18+00:00","dateModified":"2024-10-07T15:18:05+00:00","mainEntityOfPage":{"@id":"https:\/\/elizagipuzkoa.org\/eu\/imposicion-del-palio-arzobispal-a-d-florencio-rosello\/"},"wordCount":308,"publisher":{"@id":"https:\/\/elizagipuzkoa.org\/eu\/#organization"},"image":{"@id":"https:\/\/elizagipuzkoa.org\/eu\/imposicion-del-palio-arzobispal-a-d-florencio-rosello\/#primaryimage"},"thumbnailUrl":"https:\/\/elizagipuzkoa.org\/wp-content\/uploads\/2024\/10\/WhatsApp-Image-2024-10-07-at-14.29.02.jpeg","articleSection":["Gaurkotasuna","Obispo D. Fernando"],"inLanguage":"eu"},{"@type":"WebPage","@id":"https:\/\/elizagipuzkoa.org\/eu\/imposicion-del-palio-arzobispal-a-d-florencio-rosello\/","url":"https:\/\/elizagipuzkoa.org\/eu\/imposicion-del-palio-arzobispal-a-d-florencio-rosello\/","name":"Florencio Rosell\u00f3 jaunari artzapezpiku-palioa jartzea - Di\u00f3cesis de San Sebasti\u00e1n","isPartOf":{"@id":"https:\/\/elizagipuzkoa.org\/eu\/#website"},"primaryImageOfPage":{"@id":"https:\/\/elizagipuzkoa.org\/eu\/imposicion-del-palio-arzobispal-a-d-florencio-rosello\/#primaryimage"},"image":{"@id":"https:\/\/elizagipuzkoa.org\/eu\/imposicion-del-palio-arzobispal-a-d-florencio-rosello\/#primaryimage"},"thumbnailUrl":"https:\/\/elizagipuzkoa.org\/wp-content\/uploads\/2024\/10\/WhatsApp-Image-2024-10-07-at-14.29.02.jpeg","datePublished":"2024-10-07T15:16:18+00:00","dateModified":"2024-10-07T15:18:05+00:00","description":"Aita Santuak Espainian duen nuntzioak, Bernardito Auza monsinoreak, metropoli-palioa ezarri zion joan den igandean, urriak 6, Florencio Rosello Avellanasi, Iru\u00f1eko artzapezpikua, Iru\u00f1eko Katedralean ospaturiko eukaristia baten baitan.","breadcrumb":{"@id":"https:\/\/elizagipuzkoa.org\/eu\/imposicion-del-palio-arzobispal-a-d-florencio-rosello\/#breadcrumb"},"inLanguage":"eu","potentialAction":[{"@type":"ReadAction","target":["https:\/\/elizagipuzkoa.org\/eu\/imposicion-del-palio-arzobispal-a-d-florencio-rosello\/"]}]},{"@type":"ImageObject","inLanguage":"eu","@id":"https:\/\/elizagipuzkoa.org\/eu\/imposicion-del-palio-arzobispal-a-d-florencio-rosello\/#primaryimage","url":"https:\/\/elizagipuzkoa.org\/wp-content\/uploads\/2024\/10\/WhatsApp-Image-2024-10-07-at-14.29.02.jpeg","contentUrl":"https:\/\/elizagipuzkoa.org\/wp-content\/uploads\/2024\/10\/WhatsApp-Image-2024-10-07-at-14.29.02.jpeg","width":1280,"height":842},{"@type":"BreadcrumbList","@id":"https:\/\/elizagipuzkoa.org\/eu\/imposicion-del-palio-arzobispal-a-d-florencio-rosello\/#breadcrumb","itemListElement":[{"@type":"ListItem","position":1,"name":"Inicio","item":"https:\/\/elizagipuzkoa.org\/eu\/"},{"@type":"ListItem","position":2,"name":"Florencio Rosell\u00f3 jaunari artzapezpiku-palioa jartzea"}]},{"@type":"WebSite","@id":"https:\/\/elizagipuzkoa.org\/eu\/#website","url":"https:\/\/elizagipuzkoa.org\/eu\/","name":"Di\u00f3cesis de San Sebasti\u00e1n","description":"","publisher":{"@id":"https:\/\/elizagipuzkoa.org\/eu\/#organization"},"potentialAction":[{"@type":"SearchAction","target":{"@type":"EntryPoint","urlTemplate":"https:\/\/elizagipuzkoa.org\/eu\/?s={search_term_string}"},"query-input":{"@type":"PropertyValueSpecification","valueRequired":true,"valueName":"search_term_string"}}],"inLanguage":"eu"},{"@type":"Organization","@id":"https:\/\/elizagipuzkoa.org\/eu\/#organization","name":"Di\u00f3cesis de San Sebasti\u00e1n","url":"https:\/\/elizagipuzkoa.org\/eu\/","logo":{"@type":"ImageObject","inLanguage":"eu","@id":"https:\/\/elizagipuzkoa.org\/eu\/#\/schema\/logo\/image\/","url":"https:\/\/elizagipuzkoa.org\/wp-content\/uploads\/2024\/02\/logo_transparente_250.png","contentUrl":"https:\/\/elizagipuzkoa.org\/wp-content\/uploads\/2024\/02\/logo_transparente_250.png","width":250,"height":124,"caption":"Di\u00f3cesis de San Sebasti\u00e1n"},"image":{"@id":"https:\/\/elizagipuzkoa.org\/eu\/#\/schema\/logo\/image\/"},"sameAs":["https:\/\/www.facebook.com\/p\/Donostiako-ElizbarrutiaDicesis-de-San-Sebastin-100064874702840\/","https:\/\/x.com\/diocesis_ss","https:\/\/www.instagram.com\/diocesis_ss\/?hl=es","https:\/\/www.youtube.com\/@DiocesisdeSanSebastian","https:\/\/www.flickr.com\/photos\/133958253@N05\/albums\/"]},{"@type":"Person","@id":"https:\/\/elizagipuzkoa.org\/eu\/#\/schema\/person\/d33380af7f6eaf564ae1ed5b8fb1e8a9","name":"Ivan Benko","image":{"@type":"ImageObject","inLanguage":"eu","@id":"https:\/\/elizagipuzkoa.org\/eu\/#\/schema\/person\/image\/","url":"https:\/\/secure.gravatar.com\/avatar\/f90bd9f1506ff6ba69f5e66b32b211ab55afa300918f2b96b163f0336d4fcb10?s=96&d=mm&r=g","contentUrl":"https:\/\/secure.gravatar.com\/avatar\/f90bd9f1506ff6ba69f5e66b32b211ab55afa300918f2b96b163f0336d4fcb10?s=96&d=mm&r=g","caption":"Ivan Benko"},"url":"https:\/\/elizagipuzkoa.org\/eu\/author\/comunicacion\/"}]}},"_links":{"self":[{"href":"https:\/\/elizagipuzkoa.org\/eu\/wp-json\/wp\/v2\/posts\/32809","targetHints":{"allow":["GET"]}}],"collection":[{"href":"https:\/\/elizagipuzkoa.org\/eu\/wp-json\/wp\/v2\/posts"}],"about":[{"href":"https:\/\/elizagipuzkoa.org\/eu\/wp-json\/wp\/v2\/types\/post"}],"author":[{"embeddable":true,"href":"https:\/\/elizagipuzkoa.org\/eu\/wp-json\/wp\/v2\/users\/3"}],"replies":[{"embeddable":true,"href":"https:\/\/elizagipuzkoa.org\/eu\/wp-json\/wp\/v2\/comments?post=32809"}],"version-history":[{"count":1,"href":"https:\/\/elizagipuzkoa.org\/eu\/wp-json\/wp\/v2\/posts\/32809\/revisions"}],"predecessor-version":[{"id":32810,"href":"https:\/\/elizagipuzkoa.org\/eu\/wp-json\/wp\/v2\/posts\/32809\/revisions\/32810"}],"wp:featuredmedia":[{"embeddable":true,"href":"https:\/\/elizagipuzkoa.org\/eu\/wp-json\/wp\/v2\/media\/32805"}],"wp:attachment":[{"href":"https:\/\/elizagipuzkoa.org\/eu\/wp-json\/wp\/v2\/media?parent=32809"}],"wp:term":[{"taxonomy":"category","embeddable":true,"href":"https:\/\/elizagipuzkoa.org\/eu\/wp-json\/wp\/v2\/categories?post=32809"},{"taxonomy":"post_tag","embeddable":true,"href":"https:\/\/elizagipuzkoa.org\/eu\/wp-json\/wp\/v2\/tags?post=32809"}],"curies":[{"name":"wp","href":"https:\/\/api.w.org\/{rel}","templated":true}]}}