{"id":33227,"date":"2024-10-15T14:15:47","date_gmt":"2024-10-15T12:15:47","guid":{"rendered":"https:\/\/elizagipuzkoa.org\/?p=33227"},"modified":"2026-02-25T10:51:23","modified_gmt":"2026-02-25T09:51:23","slug":"adora-ren-lekualdatzea","status":"publish","type":"post","link":"https:\/\/elizagipuzkoa.org\/eu\/adora-ren-lekualdatzea\/","title":{"rendered":"adOra-ren lekualdatzea"},"content":{"rendered":"<p>Duela 12 urte, martxan jarri zen San Martin parrokiako aldarearen gainean ikusgai dagoen Jesukristo gurtzeko <strong>Etengabeko Gurtza<\/strong> (adOra). Aipatutako urteetan zehar, urteko 365 egunetan, eta egun bakoitzeko 24 orduetan egin zaio gurtza.<\/p>\n<p>Datorren urriaren 18an, ostirala, 17:00etan San Martin parrokian (Easo 20) ospatuko den mezaren ostean, prozesioan, Sakramentu Santua Artzain Ona parrokiara, katedralera, eramango da bertan egokitutako kapera batera; Urdaneta kaleko 12. zenbakitik sartu ahal izango da adOrara.<\/p>\n<p>Ekitaldira joateko gonbita luzatzeaz gain, gure gotzain On Fernandok pastoral-urte honen hasieran esandako hitzak gogoratzen ditugu: \u201cEraberrikuntza-bidean, beste ezer baino lehen eraberritze espirituala beharrezkoa da. Hori da lehena. Oinarria. Gure espiritualtasuna landu gabe, gainerakoa guztia, hutsala, arimarik gabe geratu daiteke\u201d.<\/p>\n<p>adOra baliabide ederra da horretarako, eta Guztiz-Santua gurtzea bihotza handitzeko modua da.<\/p>\n<p>Jaunak esan zigun: \u201cNi zuekin izango nauzue egunero munduaren azkenera arte\u201d (Mateo 28,20).<\/p>\n<p><img loading=\"lazy\" decoding=\"async\" class=\"alignnone wp-image-33221\" src=\"https:\/\/elizagipuzkoa.org\/wp-content\/uploads\/2024\/10\/adora-143x300.jpg\" alt=\"\" width=\"354\" height=\"743\" srcset=\"https:\/\/elizagipuzkoa.org\/wp-content\/uploads\/2024\/10\/adora-143x300.jpg 143w, https:\/\/elizagipuzkoa.org\/wp-content\/uploads\/2024\/10\/adora-305x640.jpg 305w, https:\/\/elizagipuzkoa.org\/wp-content\/uploads\/2024\/10\/adora.jpg 330w\" sizes=\"auto, (max-width: 354px) 100vw, 354px\" \/><\/p>\n","protected":false},"excerpt":{"rendered":"<p>Duela 12 urte, martxan jarri zen San Martin parrokiako aldarearen gainean ikusgai dagoen Jesukristo gurtzeko Etengabeko Gurtza (adOra). Aipatutako urteetan zehar, urteko 365 egunetan, eta [&#8230;]<\/p>\n","protected":false},"author":3,"featured_media":33224,"comment_status":"closed","ping_status":"closed","sticky":false,"template":"","format":"standard","meta":{"_price":"","_stock":"","_tribe_ticket_header":"","_tribe_default_ticket_provider":"","_tribe_ticket_capacity":"0","_ticket_start_date":"","_ticket_end_date":"","_tribe_ticket_show_description":"","_tribe_ticket_show_not_going":false,"_tribe_ticket_use_global_stock":"","_tribe_ticket_global_stock_level":"","_global_stock_mode":"","_global_stock_cap":"","_tribe_rsvp_for_event":"","_tribe_ticket_going_count":"","_tribe_ticket_not_going_count":"","_tribe_tickets_list":"[]","_tribe_ticket_has_attendee_info_fields":false,"footnotes":""},"categories":[162,177],"tags":[],"class_list":["post-33227","post","type-post","status-publish","format-standard","has-post-thumbnail","hentry","category-gaurkotasuna","category-liturgia-ordezkaritza"],"yoast_head":"<!-- This site is optimized with the Yoast SEO plugin v26.9 - https:\/\/yoast.com\/product\/yoast-seo-wordpress\/ -->\n<title>adOra-ren lekualdatzea - Di\u00f3cesis de San Sebasti\u00e1n<\/title>\n<meta name=\"description\" content=\"Duela 12 urte, San Martin parrokiako aldarearen gainean ikusgai dagoen Jesukristo gurtzeko Adoraci\u00f3n Perpetua (adOra) martxan jarri zen. Aipatutako urteetan zehar, urteko 365 egunetan eta egun bakoitzeko 24 orduetan egin zaio gurtza.\" \/>\n<meta name=\"robots\" content=\"index, follow, max-snippet:-1, max-image-preview:large, max-video-preview:-1\" \/>\n<link rel=\"canonical\" href=\"https:\/\/elizagipuzkoa.org\/eu\/adora-ren-lekualdatzea\/\" \/>\n<meta property=\"og:locale\" content=\"en_US\" \/>\n<meta property=\"og:type\" content=\"article\" \/>\n<meta property=\"og:title\" content=\"adOra-ren lekualdatzea - Di\u00f3cesis de San Sebasti\u00e1n\" \/>\n<meta property=\"og:description\" content=\"Duela 12 urte, San Martin parrokiako aldarearen gainean ikusgai dagoen Jesukristo gurtzeko Adoraci\u00f3n Perpetua (adOra) martxan jarri zen. Aipatutako urteetan zehar, urteko 365 egunetan eta egun bakoitzeko 24 orduetan egin zaio gurtza.\" \/>\n<meta property=\"og:url\" content=\"https:\/\/elizagipuzkoa.org\/eu\/adora-ren-lekualdatzea\/\" \/>\n<meta property=\"og:site_name\" content=\"Di\u00f3cesis de San Sebasti\u00e1n\" \/>\n<meta property=\"article:publisher\" content=\"https:\/\/www.facebook.com\/p\/Donostiako-ElizbarrutiaDicesis-de-San-Sebastin-100064874702840\/\" \/>\n<meta property=\"article:published_time\" content=\"2024-10-15T12:15:47+00:00\" \/>\n<meta property=\"article:modified_time\" content=\"2026-02-25T09:51:23+00:00\" \/>\n<meta property=\"og:image\" content=\"https:\/\/elizagipuzkoa.org\/wp-content\/uploads\/2024\/10\/adoraamplio.jpg\" \/>\n\t<meta property=\"og:image:width\" content=\"990\" \/>\n\t<meta property=\"og:image:height\" content=\"606\" \/>\n\t<meta property=\"og:image:type\" content=\"image\/jpeg\" \/>\n<meta name=\"author\" content=\"Ivan Benko\" \/>\n<meta name=\"twitter:card\" content=\"summary_large_image\" \/>\n<meta name=\"twitter:creator\" content=\"@diocesis_ss\" \/>\n<meta name=\"twitter:site\" content=\"@diocesis_ss\" \/>\n<meta name=\"twitter:label1\" content=\"Written by\" \/>\n\t<meta name=\"twitter:data1\" content=\"Ivan Benko\" \/>\n\t<meta name=\"twitter:label2\" content=\"Est. reading time\" \/>\n\t<meta name=\"twitter:data2\" content=\"2 minutua\" \/>\n<script type=\"application\/ld+json\" class=\"yoast-schema-graph\">{\"@context\":\"https:\/\/schema.org\",\"@graph\":[{\"@type\":\"Article\",\"@id\":\"https:\/\/elizagipuzkoa.org\/eu\/adora-ren-lekualdatzea\/#article\",\"isPartOf\":{\"@id\":\"https:\/\/elizagipuzkoa.org\/eu\/adora-ren-lekualdatzea\/\"},\"author\":{\"name\":\"Ivan Benko\",\"@id\":\"https:\/\/elizagipuzkoa.org\/eu\/#\/schema\/person\/d33380af7f6eaf564ae1ed5b8fb1e8a9\"},\"headline\":\"adOra-ren lekualdatzea\",\"datePublished\":\"2024-10-15T12:15:47+00:00\",\"dateModified\":\"2026-02-25T09:51:23+00:00\",\"mainEntityOfPage\":{\"@id\":\"https:\/\/elizagipuzkoa.org\/eu\/adora-ren-lekualdatzea\/\"},\"wordCount\":129,\"publisher\":{\"@id\":\"https:\/\/elizagipuzkoa.org\/eu\/#organization\"},\"image\":{\"@id\":\"https:\/\/elizagipuzkoa.org\/eu\/adora-ren-lekualdatzea\/#primaryimage\"},\"thumbnailUrl\":\"https:\/\/elizagipuzkoa.org\/wp-content\/uploads\/2024\/10\/adoraamplio.jpg\",\"articleSection\":[\"Gaurkotasuna\",\"Liturgia ordezkaritza\"],\"inLanguage\":\"eu\"},{\"@type\":\"WebPage\",\"@id\":\"https:\/\/elizagipuzkoa.org\/eu\/adora-ren-lekualdatzea\/\",\"url\":\"https:\/\/elizagipuzkoa.org\/eu\/adora-ren-lekualdatzea\/\",\"name\":\"adOra-ren lekualdatzea - Di\u00f3cesis de San Sebasti\u00e1n\",\"isPartOf\":{\"@id\":\"https:\/\/elizagipuzkoa.org\/eu\/#website\"},\"primaryImageOfPage\":{\"@id\":\"https:\/\/elizagipuzkoa.org\/eu\/adora-ren-lekualdatzea\/#primaryimage\"},\"image\":{\"@id\":\"https:\/\/elizagipuzkoa.org\/eu\/adora-ren-lekualdatzea\/#primaryimage\"},\"thumbnailUrl\":\"https:\/\/elizagipuzkoa.org\/wp-content\/uploads\/2024\/10\/adoraamplio.jpg\",\"datePublished\":\"2024-10-15T12:15:47+00:00\",\"dateModified\":\"2026-02-25T09:51:23+00:00\",\"description\":\"Duela 12 urte, San Martin parrokiako aldarearen gainean ikusgai dagoen Jesukristo gurtzeko Adoraci\u00f3n Perpetua (adOra) martxan jarri zen. Aipatutako urteetan zehar, urteko 365 egunetan eta egun bakoitzeko 24 orduetan egin zaio gurtza.\",\"breadcrumb\":{\"@id\":\"https:\/\/elizagipuzkoa.org\/eu\/adora-ren-lekualdatzea\/#breadcrumb\"},\"inLanguage\":\"eu\",\"potentialAction\":[{\"@type\":\"ReadAction\",\"target\":[\"https:\/\/elizagipuzkoa.org\/eu\/adora-ren-lekualdatzea\/\"]}]},{\"@type\":\"ImageObject\",\"inLanguage\":\"eu\",\"@id\":\"https:\/\/elizagipuzkoa.org\/eu\/adora-ren-lekualdatzea\/#primaryimage\",\"url\":\"https:\/\/elizagipuzkoa.org\/wp-content\/uploads\/2024\/10\/adoraamplio.jpg\",\"contentUrl\":\"https:\/\/elizagipuzkoa.org\/wp-content\/uploads\/2024\/10\/adoraamplio.jpg\",\"width\":990,\"height\":606},{\"@type\":\"BreadcrumbList\",\"@id\":\"https:\/\/elizagipuzkoa.org\/eu\/adora-ren-lekualdatzea\/#breadcrumb\",\"itemListElement\":[{\"@type\":\"ListItem\",\"position\":1,\"name\":\"Inicio\",\"item\":\"https:\/\/elizagipuzkoa.org\/eu\/\"},{\"@type\":\"ListItem\",\"position\":2,\"name\":\"adOra-ren lekualdatzea\"}]},{\"@type\":\"WebSite\",\"@id\":\"https:\/\/elizagipuzkoa.org\/eu\/#website\",\"url\":\"https:\/\/elizagipuzkoa.org\/eu\/\",\"name\":\"Di\u00f3cesis de San Sebasti\u00e1n\",\"description\":\"\",\"publisher\":{\"@id\":\"https:\/\/elizagipuzkoa.org\/eu\/#organization\"},\"potentialAction\":[{\"@type\":\"SearchAction\",\"target\":{\"@type\":\"EntryPoint\",\"urlTemplate\":\"https:\/\/elizagipuzkoa.org\/eu\/?s={search_term_string}\"},\"query-input\":{\"@type\":\"PropertyValueSpecification\",\"valueRequired\":true,\"valueName\":\"search_term_string\"}}],\"inLanguage\":\"eu\"},{\"@type\":\"Organization\",\"@id\":\"https:\/\/elizagipuzkoa.org\/eu\/#organization\",\"name\":\"Di\u00f3cesis de San Sebasti\u00e1n\",\"url\":\"https:\/\/elizagipuzkoa.org\/eu\/\",\"logo\":{\"@type\":\"ImageObject\",\"inLanguage\":\"eu\",\"@id\":\"https:\/\/elizagipuzkoa.org\/eu\/#\/schema\/logo\/image\/\",\"url\":\"https:\/\/elizagipuzkoa.org\/wp-content\/uploads\/2024\/02\/logo_transparente_250.png\",\"contentUrl\":\"https:\/\/elizagipuzkoa.org\/wp-content\/uploads\/2024\/02\/logo_transparente_250.png\",\"width\":250,\"height\":124,\"caption\":\"Di\u00f3cesis de San Sebasti\u00e1n\"},\"image\":{\"@id\":\"https:\/\/elizagipuzkoa.org\/eu\/#\/schema\/logo\/image\/\"},\"sameAs\":[\"https:\/\/www.facebook.com\/p\/Donostiako-ElizbarrutiaDicesis-de-San-Sebastin-100064874702840\/\",\"https:\/\/x.com\/diocesis_ss\",\"https:\/\/www.instagram.com\/diocesis_ss\/?hl=es\",\"https:\/\/www.youtube.com\/@DiocesisdeSanSebastian\",\"https:\/\/www.flickr.com\/photos\/133958253@N05\/albums\/\"]},{\"@type\":\"Person\",\"@id\":\"https:\/\/elizagipuzkoa.org\/eu\/#\/schema\/person\/d33380af7f6eaf564ae1ed5b8fb1e8a9\",\"name\":\"Ivan Benko\",\"image\":{\"@type\":\"ImageObject\",\"inLanguage\":\"eu\",\"@id\":\"https:\/\/elizagipuzkoa.org\/eu\/#\/schema\/person\/image\/\",\"url\":\"https:\/\/secure.gravatar.com\/avatar\/f90bd9f1506ff6ba69f5e66b32b211ab55afa300918f2b96b163f0336d4fcb10?s=96&d=mm&r=g\",\"contentUrl\":\"https:\/\/secure.gravatar.com\/avatar\/f90bd9f1506ff6ba69f5e66b32b211ab55afa300918f2b96b163f0336d4fcb10?s=96&d=mm&r=g\",\"caption\":\"Ivan Benko\"},\"url\":\"https:\/\/elizagipuzkoa.org\/eu\/author\/comunicacion\/\"}]}<\/script>\n<!-- \/ Yoast SEO plugin. -->","yoast_head_json":{"title":"adOra-ren lekualdatzea - Di\u00f3cesis de San Sebasti\u00e1n","description":"Duela 12 urte, San Martin parrokiako aldarearen gainean ikusgai dagoen Jesukristo gurtzeko Adoraci\u00f3n Perpetua (adOra) martxan jarri zen. Aipatutako urteetan zehar, urteko 365 egunetan eta egun bakoitzeko 24 orduetan egin zaio gurtza.","robots":{"index":"index","follow":"follow","max-snippet":"max-snippet:-1","max-image-preview":"max-image-preview:large","max-video-preview":"max-video-preview:-1"},"canonical":"https:\/\/elizagipuzkoa.org\/eu\/adora-ren-lekualdatzea\/","og_locale":"en_US","og_type":"article","og_title":"adOra-ren lekualdatzea - Di\u00f3cesis de San Sebasti\u00e1n","og_description":"Duela 12 urte, San Martin parrokiako aldarearen gainean ikusgai dagoen Jesukristo gurtzeko Adoraci\u00f3n Perpetua (adOra) martxan jarri zen. Aipatutako urteetan zehar, urteko 365 egunetan eta egun bakoitzeko 24 orduetan egin zaio gurtza.","og_url":"https:\/\/elizagipuzkoa.org\/eu\/adora-ren-lekualdatzea\/","og_site_name":"Di\u00f3cesis de San Sebasti\u00e1n","article_publisher":"https:\/\/www.facebook.com\/p\/Donostiako-ElizbarrutiaDicesis-de-San-Sebastin-100064874702840\/","article_published_time":"2024-10-15T12:15:47+00:00","article_modified_time":"2026-02-25T09:51:23+00:00","og_image":[{"width":990,"height":606,"url":"https:\/\/elizagipuzkoa.org\/wp-content\/uploads\/2024\/10\/adoraamplio.jpg","type":"image\/jpeg"}],"author":"Ivan Benko","twitter_card":"summary_large_image","twitter_creator":"@diocesis_ss","twitter_site":"@diocesis_ss","twitter_misc":{"Written by":"Ivan Benko","Est. reading time":"2 minutua"},"schema":{"@context":"https:\/\/schema.org","@graph":[{"@type":"Article","@id":"https:\/\/elizagipuzkoa.org\/eu\/adora-ren-lekualdatzea\/#article","isPartOf":{"@id":"https:\/\/elizagipuzkoa.org\/eu\/adora-ren-lekualdatzea\/"},"author":{"name":"Ivan Benko","@id":"https:\/\/elizagipuzkoa.org\/eu\/#\/schema\/person\/d33380af7f6eaf564ae1ed5b8fb1e8a9"},"headline":"adOra-ren lekualdatzea","datePublished":"2024-10-15T12:15:47+00:00","dateModified":"2026-02-25T09:51:23+00:00","mainEntityOfPage":{"@id":"https:\/\/elizagipuzkoa.org\/eu\/adora-ren-lekualdatzea\/"},"wordCount":129,"publisher":{"@id":"https:\/\/elizagipuzkoa.org\/eu\/#organization"},"image":{"@id":"https:\/\/elizagipuzkoa.org\/eu\/adora-ren-lekualdatzea\/#primaryimage"},"thumbnailUrl":"https:\/\/elizagipuzkoa.org\/wp-content\/uploads\/2024\/10\/adoraamplio.jpg","articleSection":["Gaurkotasuna","Liturgia ordezkaritza"],"inLanguage":"eu"},{"@type":"WebPage","@id":"https:\/\/elizagipuzkoa.org\/eu\/adora-ren-lekualdatzea\/","url":"https:\/\/elizagipuzkoa.org\/eu\/adora-ren-lekualdatzea\/","name":"adOra-ren lekualdatzea - Di\u00f3cesis de San Sebasti\u00e1n","isPartOf":{"@id":"https:\/\/elizagipuzkoa.org\/eu\/#website"},"primaryImageOfPage":{"@id":"https:\/\/elizagipuzkoa.org\/eu\/adora-ren-lekualdatzea\/#primaryimage"},"image":{"@id":"https:\/\/elizagipuzkoa.org\/eu\/adora-ren-lekualdatzea\/#primaryimage"},"thumbnailUrl":"https:\/\/elizagipuzkoa.org\/wp-content\/uploads\/2024\/10\/adoraamplio.jpg","datePublished":"2024-10-15T12:15:47+00:00","dateModified":"2026-02-25T09:51:23+00:00","description":"Duela 12 urte, San Martin parrokiako aldarearen gainean ikusgai dagoen Jesukristo gurtzeko Adoraci\u00f3n Perpetua (adOra) martxan jarri zen. Aipatutako urteetan zehar, urteko 365 egunetan eta egun bakoitzeko 24 orduetan egin zaio gurtza.","breadcrumb":{"@id":"https:\/\/elizagipuzkoa.org\/eu\/adora-ren-lekualdatzea\/#breadcrumb"},"inLanguage":"eu","potentialAction":[{"@type":"ReadAction","target":["https:\/\/elizagipuzkoa.org\/eu\/adora-ren-lekualdatzea\/"]}]},{"@type":"ImageObject","inLanguage":"eu","@id":"https:\/\/elizagipuzkoa.org\/eu\/adora-ren-lekualdatzea\/#primaryimage","url":"https:\/\/elizagipuzkoa.org\/wp-content\/uploads\/2024\/10\/adoraamplio.jpg","contentUrl":"https:\/\/elizagipuzkoa.org\/wp-content\/uploads\/2024\/10\/adoraamplio.jpg","width":990,"height":606},{"@type":"BreadcrumbList","@id":"https:\/\/elizagipuzkoa.org\/eu\/adora-ren-lekualdatzea\/#breadcrumb","itemListElement":[{"@type":"ListItem","position":1,"name":"Inicio","item":"https:\/\/elizagipuzkoa.org\/eu\/"},{"@type":"ListItem","position":2,"name":"adOra-ren lekualdatzea"}]},{"@type":"WebSite","@id":"https:\/\/elizagipuzkoa.org\/eu\/#website","url":"https:\/\/elizagipuzkoa.org\/eu\/","name":"Di\u00f3cesis de San Sebasti\u00e1n","description":"","publisher":{"@id":"https:\/\/elizagipuzkoa.org\/eu\/#organization"},"potentialAction":[{"@type":"SearchAction","target":{"@type":"EntryPoint","urlTemplate":"https:\/\/elizagipuzkoa.org\/eu\/?s={search_term_string}"},"query-input":{"@type":"PropertyValueSpecification","valueRequired":true,"valueName":"search_term_string"}}],"inLanguage":"eu"},{"@type":"Organization","@id":"https:\/\/elizagipuzkoa.org\/eu\/#organization","name":"Di\u00f3cesis de San Sebasti\u00e1n","url":"https:\/\/elizagipuzkoa.org\/eu\/","logo":{"@type":"ImageObject","inLanguage":"eu","@id":"https:\/\/elizagipuzkoa.org\/eu\/#\/schema\/logo\/image\/","url":"https:\/\/elizagipuzkoa.org\/wp-content\/uploads\/2024\/02\/logo_transparente_250.png","contentUrl":"https:\/\/elizagipuzkoa.org\/wp-content\/uploads\/2024\/02\/logo_transparente_250.png","width":250,"height":124,"caption":"Di\u00f3cesis de San Sebasti\u00e1n"},"image":{"@id":"https:\/\/elizagipuzkoa.org\/eu\/#\/schema\/logo\/image\/"},"sameAs":["https:\/\/www.facebook.com\/p\/Donostiako-ElizbarrutiaDicesis-de-San-Sebastin-100064874702840\/","https:\/\/x.com\/diocesis_ss","https:\/\/www.instagram.com\/diocesis_ss\/?hl=es","https:\/\/www.youtube.com\/@DiocesisdeSanSebastian","https:\/\/www.flickr.com\/photos\/133958253@N05\/albums\/"]},{"@type":"Person","@id":"https:\/\/elizagipuzkoa.org\/eu\/#\/schema\/person\/d33380af7f6eaf564ae1ed5b8fb1e8a9","name":"Ivan Benko","image":{"@type":"ImageObject","inLanguage":"eu","@id":"https:\/\/elizagipuzkoa.org\/eu\/#\/schema\/person\/image\/","url":"https:\/\/secure.gravatar.com\/avatar\/f90bd9f1506ff6ba69f5e66b32b211ab55afa300918f2b96b163f0336d4fcb10?s=96&d=mm&r=g","contentUrl":"https:\/\/secure.gravatar.com\/avatar\/f90bd9f1506ff6ba69f5e66b32b211ab55afa300918f2b96b163f0336d4fcb10?s=96&d=mm&r=g","caption":"Ivan Benko"},"url":"https:\/\/elizagipuzkoa.org\/eu\/author\/comunicacion\/"}]}},"_links":{"self":[{"href":"https:\/\/elizagipuzkoa.org\/eu\/wp-json\/wp\/v2\/posts\/33227","targetHints":{"allow":["GET"]}}],"collection":[{"href":"https:\/\/elizagipuzkoa.org\/eu\/wp-json\/wp\/v2\/posts"}],"about":[{"href":"https:\/\/elizagipuzkoa.org\/eu\/wp-json\/wp\/v2\/types\/post"}],"author":[{"embeddable":true,"href":"https:\/\/elizagipuzkoa.org\/eu\/wp-json\/wp\/v2\/users\/3"}],"replies":[{"embeddable":true,"href":"https:\/\/elizagipuzkoa.org\/eu\/wp-json\/wp\/v2\/comments?post=33227"}],"version-history":[{"count":4,"href":"https:\/\/elizagipuzkoa.org\/eu\/wp-json\/wp\/v2\/posts\/33227\/revisions"}],"predecessor-version":[{"id":55180,"href":"https:\/\/elizagipuzkoa.org\/eu\/wp-json\/wp\/v2\/posts\/33227\/revisions\/55180"}],"wp:featuredmedia":[{"embeddable":true,"href":"https:\/\/elizagipuzkoa.org\/eu\/wp-json\/wp\/v2\/media\/33224"}],"wp:attachment":[{"href":"https:\/\/elizagipuzkoa.org\/eu\/wp-json\/wp\/v2\/media?parent=33227"}],"wp:term":[{"taxonomy":"category","embeddable":true,"href":"https:\/\/elizagipuzkoa.org\/eu\/wp-json\/wp\/v2\/categories?post=33227"},{"taxonomy":"post_tag","embeddable":true,"href":"https:\/\/elizagipuzkoa.org\/eu\/wp-json\/wp\/v2\/tags?post=33227"}],"curies":[{"name":"wp","href":"https:\/\/api.w.org\/{rel}","templated":true}]}}