{"id":35886,"date":"2024-12-05T11:00:58","date_gmt":"2024-12-05T10:00:58","guid":{"rendered":"https:\/\/elizagipuzkoa.org\/?p=35886"},"modified":"2025-01-04T11:07:18","modified_gmt":"2025-01-04T10:07:18","slug":"en-el-nuestra-esperanza-llamada-a-la-renovacion-y-mision-en-gipuzkoa","status":"publish","type":"post","link":"https:\/\/elizagipuzkoa.org\/eu\/en-el-nuestra-esperanza-llamada-a-la-renovacion-y-mision-en-gipuzkoa\/","title":{"rendered":"&#8220;Harengan gure itxaropena&#8221;: eraberritzeko deia eta misioa Gipuzkoan"},"content":{"rendered":"<p>2025eko Jubileu Urtearen baitan, Donostiako Gotzaina, Fernando Prado Ayuso monsinoreak, bere bigarren pastoral gutuna argitaratu du, <strong><em><span style=\"color: #0000ff;\"><a style=\"color: #0000ff;\" href=\"https:\/\/elizagipuzkoa.org\/wp-content\/uploads\/2024\/12\/Pastorala-idazkia-2024-EUSKARAZ.pdf\">Harengan gure itxaropena<\/a><\/span><\/em><\/strong>\u00a0izenburupean. Idatziak, Gipuzkoako fededunak dohain, eraberritze eta misio garai bat bizitzera animatu nahi ditu, mundu-mailako Jubileuarekin, eta elizbarrutiaren 75. urteurrenarekin bat eginez.<\/p>\n<p><img loading=\"lazy\" decoding=\"async\" class=\"alignnone wp-image-35892\" src=\"https:\/\/elizagipuzkoa.org\/wp-content\/uploads\/2024\/12\/Captura-de-pantalla-2024-12-04-193433-300x103.png\" alt=\"\" width=\"545\" height=\"187\" srcset=\"https:\/\/elizagipuzkoa.org\/wp-content\/uploads\/2024\/12\/Captura-de-pantalla-2024-12-04-193433-300x103.png 300w, https:\/\/elizagipuzkoa.org\/wp-content\/uploads\/2024\/12\/Captura-de-pantalla-2024-12-04-193433-1024x351.png 1024w, https:\/\/elizagipuzkoa.org\/wp-content\/uploads\/2024\/12\/Captura-de-pantalla-2024-12-04-193433-768x263.png 768w, https:\/\/elizagipuzkoa.org\/wp-content\/uploads\/2024\/12\/Captura-de-pantalla-2024-12-04-193433-420x144.png 420w, https:\/\/elizagipuzkoa.org\/wp-content\/uploads\/2024\/12\/Captura-de-pantalla-2024-12-04-193433-640x219.png 640w, https:\/\/elizagipuzkoa.org\/wp-content\/uploads\/2024\/12\/Captura-de-pantalla-2024-12-04-193433.png 1050w\" sizes=\"auto, (max-width: 545px) 100vw, 545px\" \/><\/p>\n<p><strong>Itxaropen-mezua aldaketa-garaietan<\/strong><\/p>\n<p>Pastoral Gutuna Abendualdian aurkezten da, kristau itxaropenerako esanahiz beteriko liturgia garaia. Bertute teologiko honek giza baikortasuna gainditzen duela gogorarazten du Prado monsinoreak, Jainkoaren maitasunaren ziurtasunarekin bat eginez. Pastorala gutunak egungo erronkei konfiantzaz aurre egiteko deia luzatzen du, bai globalak, krisi ekonomikoa edo migrazio-fluxuak bezala, edo bai tokian-tokikoak, sekularizazioa eta gazteen zaurgarritasuna kasu.<\/p>\n<p>\u201cBai, Itxaropenean erromes gara. Jainkoak emandako dohaina dugu Itxaropena; horri esker aurre egin diezaiokegu bizitzari konfiantzaz, eta bake onean ibil gaitezke helmuga handi horretarantz: Erreinurantz. Geure burua Jainkoaren eskuetan jarriz \u2013horiexek ditugu gure bizitza pausatzeko eskurik hoberenak\u2013 etorkizunerantz abiatzen gara, beti lauso arteko bideak dituen etorkizunerantz, baina, atsekabeak eta atseginak dituzten bideak izanik ere, helmuga zein den ziur dakigularik (1. zenbakia, 3. orria).<\/p>\n<p><img loading=\"lazy\" decoding=\"async\" class=\"alignnone wp-image-35939\" src=\"https:\/\/elizagipuzkoa.org\/wp-content\/uploads\/2024\/12\/DSC01805OK2-300x225.jpg\" alt=\"\" width=\"455\" height=\"341\" srcset=\"https:\/\/elizagipuzkoa.org\/wp-content\/uploads\/2024\/12\/DSC01805OK2-300x225.jpg 300w, https:\/\/elizagipuzkoa.org\/wp-content\/uploads\/2024\/12\/DSC01805OK2-1024x768.jpg 1024w, https:\/\/elizagipuzkoa.org\/wp-content\/uploads\/2024\/12\/DSC01805OK2-768x576.jpg 768w, https:\/\/elizagipuzkoa.org\/wp-content\/uploads\/2024\/12\/DSC01805OK2-1536x1153.jpg 1536w, https:\/\/elizagipuzkoa.org\/wp-content\/uploads\/2024\/12\/DSC01805OK2-2048x1537.jpg 2048w, https:\/\/elizagipuzkoa.org\/wp-content\/uploads\/2024\/12\/DSC01805OK2-420x315.jpg 420w, https:\/\/elizagipuzkoa.org\/wp-content\/uploads\/2024\/12\/DSC01805OK2-640x480.jpg 640w\" sizes=\"auto, (max-width: 455px) 100vw, 455px\" \/><\/p>\n<p><strong>Guztiontzako Jubileua<\/strong><\/p>\n<p>2025eko Jubileu Urtea, &#8220;Itxaropenaren Erromes&#8221; lelopean, ospakizun bikoitza izango da Gipuzkoako Elizarentzat. Mundu-mailako Jubileuaz gain, elizbarrutiak bere 75. urteurrena ospatuko du. Prado monsinoreak azpimarratu du, aldiberekotasun hau, aukera paregabea dela jaunartzea indartu eta fedea berritzeko. Jarduera nabarmenen artean, Artzain Onaren Katedralean, Arantzazun, Loiolan eta Martuteneko kartzelan Ate Santuak irekitzea, eta Jos\u00e9 Tolentino de Mendon\u00e7a Kultura eta Hezkuntzarako Dicasterioko prefektua eta monsinorearen bisita, gertaera aipagarriak dira. Jos\u00e9 Tolentino de Mendon\u00e7a, gure elizbarrutiko Jubileua era ospetsuan inauguratzera etorriko da.<\/p>\n<p>Elizbarrutiko Jubileuaren inaugurazioa eta Katedraleko Ate Santuaren irekiera, 2025eko urtarrilaren 6an ospatuko da, Epifaniaren Gorentasunean, arratsaldeko 7etan ospatuko den Eukaristian. Arantzazuko santutegiko Ate Santua, urtarrilaren 19an zabalduko da, eta Loiolako santutegikoa berriz, hilaren 26an. Gotzainak biziki gonbidatzen gaitu ekitaldi hauetan guztietan parte hartzera eta hemendik aurrera &#8220;Itxaropenaren erromes&#8221; bezala, martxan jartzera (25 zenbakia, 8. orria.).<\/p>\n<p><img loading=\"lazy\" decoding=\"async\" class=\"alignnone wp-image-35879\" src=\"https:\/\/elizagipuzkoa.org\/wp-content\/uploads\/2024\/12\/53614514045_b5868687e2_c-1-300x225.jpg\" alt=\"\" width=\"456\" height=\"342\" srcset=\"https:\/\/elizagipuzkoa.org\/wp-content\/uploads\/2024\/12\/53614514045_b5868687e2_c-1-300x225.jpg 300w, https:\/\/elizagipuzkoa.org\/wp-content\/uploads\/2024\/12\/53614514045_b5868687e2_c-1-768x576.jpg 768w, https:\/\/elizagipuzkoa.org\/wp-content\/uploads\/2024\/12\/53614514045_b5868687e2_c-1-420x315.jpg 420w, https:\/\/elizagipuzkoa.org\/wp-content\/uploads\/2024\/12\/53614514045_b5868687e2_c-1-640x480.jpg 640w, https:\/\/elizagipuzkoa.org\/wp-content\/uploads\/2024\/12\/53614514045_b5868687e2_c-1.jpg 800w\" sizes=\"auto, (max-width: 456px) 100vw, 456px\" \/><\/p>\n<p><strong>Elizbarrutiko begirada: erronkak eta aukerak<\/strong><\/p>\n<p>Eskutitzak Gipuzkoako elizaren egoeraren balorazioa egiten du, indarguneak eta ahuleziak nabarmenduz, eta entzute eta ulermen lanean jarraitzeko beharra azpimarratuz. Gotzainak fededunen konpromisoa, aberastasun espirituala eta Elizaren ekintza soziala azpimarratzen ditu. Era berean, bokazioen murrizketa, kristau-elkarteen zahartzea eta migratzaileen erabateko integrazio eza gainditzeko premia ere aipatzen ditu.<\/p>\n<p>\u201cGure analisietan agerian jarri dira Itxaropena izateko arrazoiak, azaltzen diren eta beheraka bultza gaitzaketen ahultasunen gainetik. Bizi eta Itxaropen zantzuak sendoak dira eta aurrerantz eragin diezagukete, ezkortasuna gaindituz. \u00abZapuztaileak\u00bb eta \u00abzoritxar-igarleak\u00bb aspaldidanik ari dira huts egiten. Guk, apalki, baina Itxaropen sendoz, uste on osoa dugu Jaunak hazarazten dituela gauzak, parabolako haziaren antzera (ik. Mk 4, 31-32). Fedea eta Ebanjelioa ditugu geure indarrik handiena. Beti berria den iturri horretan edaten du gure Itxaropenak\u201d (53. zenbakia, 15. orria).<\/p>\n<p><img loading=\"lazy\" decoding=\"async\" class=\"alignnone wp-image-27244\" src=\"https:\/\/elizagipuzkoa.org\/wp-content\/uploads\/2024\/04\/candela-300x210.png\" alt=\"\" width=\"374\" height=\"262\" srcset=\"https:\/\/elizagipuzkoa.org\/wp-content\/uploads\/2024\/04\/candela-300x210.png 300w, https:\/\/elizagipuzkoa.org\/wp-content\/uploads\/2024\/04\/candela.png 673w\" sizes=\"auto, (max-width: 374px) 100vw, 374px\" \/><\/p>\n<p><strong>Bihotz berritze pastorala eta etorkizuneko ametsak<\/strong><\/p>\n<p>Prado monsinoreak lau ardatzetan oinarritutako ibilbide-orria mahaigaineratzen du: espiritualtasuna, fedearen transmisioa, sinodalitatea eta lurralde-berrantolaketa. &#8220;Gauzatu daitezkeen ametsak&#8221; ere partekatzen ditu, hala nola, hezkuntza katolikoa indartzea; bokazio berrien sorrera; espiritualtasunaren lan etengabea, sakona eta naturala; emakumearen sustapena eta ahulenen zaintza.<\/p>\n<p>\u201cZuekin amestu eta, ahal bada, gure elizbarrutian etorkizun hurbilean pixka bat gehiago bultzatzea gustatuko litzaidakeen kontuak dira. Elkarrekin amestea, estimulagarria izan eta gure konpromisoa eragin nahi duen gogoeta ariketa da. Eskatuko nizueke bakoitzak, bere mailan eta bere arduran, dagokiona bere aldetik jartzea, errealismoz eta Itxaropenez\u201d. (98. zenbakia, 27. orria).<\/p>\n<p><img loading=\"lazy\" decoding=\"async\" class=\"alignnone wp-image-32310\" src=\"https:\/\/elizagipuzkoa.org\/wp-content\/uploads\/2024\/09\/borjafocopeque-225x300.jpg\" alt=\"\" width=\"360\" height=\"480\" srcset=\"https:\/\/elizagipuzkoa.org\/wp-content\/uploads\/2024\/09\/borjafocopeque-225x300.jpg 225w, https:\/\/elizagipuzkoa.org\/wp-content\/uploads\/2024\/09\/borjafocopeque-420x560.jpg 420w, https:\/\/elizagipuzkoa.org\/wp-content\/uploads\/2024\/09\/borjafocopeque-480x640.jpg 480w, https:\/\/elizagipuzkoa.org\/wp-content\/uploads\/2024\/09\/borjafocopeque.jpg 765w\" sizes=\"auto, (max-width: 360px) 100vw, 360px\" \/><\/p>\n<p><strong>Batasun eta misio mezua<\/strong><\/p>\n<p>Gotzainak itxaropen gogotsurako dei batekin zabaltzen du eskutitza: Gure elizbarrutia, bere mugak eta ahultasunak dituen arren, \u00aborkestra sinfonikoa\u00bb bezalako zerbait da, miresgarria eta bizia. Jaunak nahi duen batasunerako eta elkartasunerako deia (Jn 17, 21) gero eta egiazkoagoa da gure artean\u201d (11. zenbakia, 5. orria), eta fededun guztiak gonbidatzen ditu Jubileuan &#8220;itxaropenaren erromes&#8221; gisa parte hartzera, eta Eliza berritu baten alde elkarrekin lan egitera, garaiko zeinuei erantzuteko gai izango dena.<\/p>\n<p>\u201cElkarrekin amesteari ez uzteko gonbita egiten dizuet, txikien berezko umiltasunarekin. Ez diezaiogun utzi haziaren indarrean konfiantza izateari\u201d (128. zenbakia, 35. orria).<\/p>\n<p>\u201cUtzidazue gogorarazten badakizuen zerbait: egunsentiaren aurretik, ilunabarra eta gau gutxi-asko luzea daude. Hodeiek eguzkia ezkuta dezakete, baina ezin dute eguzkia desagerrarazi. Eguzkiarentzat ez da inoiz gaurik izaten. Neguak udaberria darama bere bihotzean, haziak zuhaitza, arraultzak bere barnean arranoa bere hegaldi handientsuekin. Solemnitate guztia gauez hasten da, lehen bezperekin. Jainkoa gauaren isiltasunean etorri zen gugana eta gizon egin zen Jesu Kristogan (129. zenbakia, 36. orria).<\/p>\n<p><img loading=\"lazy\" decoding=\"async\" class=\"alignnone wp-image-35882\" src=\"https:\/\/elizagipuzkoa.org\/wp-content\/uploads\/2024\/12\/53614512625_cdd1cd4331_b-300x196.jpg\" alt=\"\" width=\"520\" height=\"340\" srcset=\"https:\/\/elizagipuzkoa.org\/wp-content\/uploads\/2024\/12\/53614512625_cdd1cd4331_b-300x196.jpg 300w, https:\/\/elizagipuzkoa.org\/wp-content\/uploads\/2024\/12\/53614512625_cdd1cd4331_b-768x502.jpg 768w, https:\/\/elizagipuzkoa.org\/wp-content\/uploads\/2024\/12\/53614512625_cdd1cd4331_b-420x275.jpg 420w, https:\/\/elizagipuzkoa.org\/wp-content\/uploads\/2024\/12\/53614512625_cdd1cd4331_b-640x419.jpg 640w, https:\/\/elizagipuzkoa.org\/wp-content\/uploads\/2024\/12\/53614512625_cdd1cd4331_b.jpg 1023w\" sizes=\"auto, (max-width: 520px) 100vw, 520px\" \/><\/p>\n<p>&nbsp;<\/p>\n<ul>\n<li>Deskargatu: <span style=\"color: #0000ff;\"><em><a style=\"color: #0000ff;\" href=\"https:\/\/elizagipuzkoa.org\/wp-content\/uploads\/2024\/12\/Pastorala-idazkia-2024-EUSKARAZ-ONA.pdf\"><strong>Harengan gure itxaropena<\/strong><\/a> \/ <strong><a style=\"color: #0000ff;\" href=\"https:\/\/elizagipuzkoa.org\/wp-content\/uploads\/2024\/12\/Pastorala-idazkia-2024-ERDARAZ.pdf\">En \u00c9l, nuestra esperanza<\/a><\/strong><\/em><\/span><\/li>\n<\/ul>\n<h3>Elkarrizketa On Fernando Prado gotzainari<\/h3>\n<p><iframe loading=\"lazy\" title=\"Mons. Fernando Prado, obispo de San Sebasti\u00e1n: &quot;Renovarnos en la esperanza&quot;\" width=\"640\" height=\"360\" src=\"https:\/\/www.youtube.com\/embed\/PrLfiYzddDM?feature=oembed\" frameborder=\"0\" allow=\"accelerometer; autoplay; clipboard-write; encrypted-media; gyroscope; picture-in-picture; web-share\" referrerpolicy=\"strict-origin-when-cross-origin\" allowfullscreen><\/iframe><\/p>\n","protected":false},"excerpt":{"rendered":"<p>2025eko Jubileu Urtearen baitan, Donostiako Gotzaina, Fernando Prado Ayuso monsinoreak, bere bigarren pastoral gutuna argitaratu du, Harengan gure itxaropena\u00a0izenburupean. Idatziak, Gipuzkoako fededunak dohain, eraberritze eta [&#8230;]<\/p>\n","protected":false},"author":3,"featured_media":35962,"comment_status":"closed","ping_status":"closed","sticky":false,"template":"","format":"standard","meta":{"_price":"","_stock":"","_tribe_ticket_header":"","_tribe_default_ticket_provider":"","_tribe_ticket_capacity":"0","_ticket_start_date":"","_ticket_end_date":"","_tribe_ticket_show_description":"","_tribe_ticket_show_not_going":false,"_tribe_ticket_use_global_stock":"","_tribe_ticket_global_stock_level":"","_global_stock_mode":"","_global_stock_cap":"","_tribe_rsvp_for_event":"","_tribe_ticket_going_count":"","_tribe_ticket_not_going_count":"","_tribe_tickets_list":"[]","_tribe_ticket_has_attendee_info_fields":false,"footnotes":""},"categories":[249,162,155],"tags":[],"class_list":["post-35886","post","type-post","status-publish","format-standard","has-post-thumbnail","hentry","category-eraberritze-pastorala","category-gaurkotasuna","category-obispo-d-fernando-eu"],"yoast_head":"<!-- This site is optimized with the Yoast SEO plugin v26.9 - https:\/\/yoast.com\/product\/yoast-seo-wordpress\/ -->\n<title>&quot;Harengan gure itxaropena&quot;: eraberritzeko deia eta misioa Gipuzkoan - Di\u00f3cesis de San Sebasti\u00e1n<\/title>\n<meta name=\"description\" content=\"2025eko Jubileu Urtearen baitan, Donostiako Gotzaina, Fernando Prado Ayuso monsinoreak, bere bigarren pastoral gutuna argitaratu du, Harengan gure itxaropena\u00a0izenburupean.\" \/>\n<meta name=\"robots\" content=\"index, follow, max-snippet:-1, max-image-preview:large, max-video-preview:-1\" \/>\n<link rel=\"canonical\" href=\"https:\/\/elizagipuzkoa.org\/eu\/en-el-nuestra-esperanza-llamada-a-la-renovacion-y-mision-en-gipuzkoa\/\" \/>\n<meta property=\"og:locale\" content=\"en_US\" \/>\n<meta property=\"og:type\" content=\"article\" \/>\n<meta property=\"og:title\" content=\"&quot;Harengan gure itxaropena&quot;: eraberritzeko deia eta misioa Gipuzkoan - Di\u00f3cesis de San Sebasti\u00e1n\" \/>\n<meta property=\"og:description\" content=\"2025eko Jubileu Urtearen baitan, Donostiako Gotzaina, Fernando Prado Ayuso monsinoreak, bere bigarren pastoral gutuna argitaratu du, Harengan gure itxaropena\u00a0izenburupean.\" \/>\n<meta property=\"og:url\" content=\"https:\/\/elizagipuzkoa.org\/eu\/en-el-nuestra-esperanza-llamada-a-la-renovacion-y-mision-en-gipuzkoa\/\" \/>\n<meta property=\"og:site_name\" content=\"Di\u00f3cesis de San Sebasti\u00e1n\" \/>\n<meta property=\"article:publisher\" content=\"https:\/\/www.facebook.com\/p\/Donostiako-ElizbarrutiaDicesis-de-San-Sebastin-100064874702840\/\" \/>\n<meta property=\"article:published_time\" content=\"2024-12-05T10:00:58+00:00\" \/>\n<meta property=\"article:modified_time\" content=\"2025-01-04T10:07:18+00:00\" \/>\n<meta property=\"og:image\" content=\"https:\/\/elizagipuzkoa.org\/wp-content\/uploads\/2024\/12\/DSC01798OK2-1.jpg\" \/>\n\t<meta property=\"og:image:width\" content=\"760\" \/>\n\t<meta property=\"og:image:height\" content=\"315\" \/>\n\t<meta property=\"og:image:type\" content=\"image\/jpeg\" \/>\n<meta name=\"author\" content=\"Ivan Benko\" \/>\n<meta name=\"twitter:card\" content=\"summary_large_image\" \/>\n<meta name=\"twitter:creator\" content=\"@diocesis_ss\" \/>\n<meta name=\"twitter:site\" content=\"@diocesis_ss\" \/>\n<meta name=\"twitter:label1\" content=\"Written by\" \/>\n\t<meta name=\"twitter:data1\" content=\"Ivan Benko\" \/>\n\t<meta name=\"twitter:label2\" content=\"Est. reading time\" \/>\n\t<meta name=\"twitter:data2\" content=\"5 minutua\" \/>\n<script type=\"application\/ld+json\" class=\"yoast-schema-graph\">{\"@context\":\"https:\/\/schema.org\",\"@graph\":[{\"@type\":\"Article\",\"@id\":\"https:\/\/elizagipuzkoa.org\/eu\/en-el-nuestra-esperanza-llamada-a-la-renovacion-y-mision-en-gipuzkoa\/#article\",\"isPartOf\":{\"@id\":\"https:\/\/elizagipuzkoa.org\/eu\/en-el-nuestra-esperanza-llamada-a-la-renovacion-y-mision-en-gipuzkoa\/\"},\"author\":{\"name\":\"Ivan Benko\",\"@id\":\"https:\/\/elizagipuzkoa.org\/eu\/#\/schema\/person\/d33380af7f6eaf564ae1ed5b8fb1e8a9\"},\"headline\":\"&#8220;Harengan gure itxaropena&#8221;: eraberritzeko deia eta misioa Gipuzkoan\",\"datePublished\":\"2024-12-05T10:00:58+00:00\",\"dateModified\":\"2025-01-04T10:07:18+00:00\",\"mainEntityOfPage\":{\"@id\":\"https:\/\/elizagipuzkoa.org\/eu\/en-el-nuestra-esperanza-llamada-a-la-renovacion-y-mision-en-gipuzkoa\/\"},\"wordCount\":685,\"publisher\":{\"@id\":\"https:\/\/elizagipuzkoa.org\/eu\/#organization\"},\"image\":{\"@id\":\"https:\/\/elizagipuzkoa.org\/eu\/en-el-nuestra-esperanza-llamada-a-la-renovacion-y-mision-en-gipuzkoa\/#primaryimage\"},\"thumbnailUrl\":\"https:\/\/elizagipuzkoa.org\/wp-content\/uploads\/2024\/12\/DSC01798OK2-1.jpg\",\"articleSection\":[\"Eraberritze Pastorala\",\"Gaurkotasuna\",\"Obispo D. Fernando\"],\"inLanguage\":\"eu\"},{\"@type\":\"WebPage\",\"@id\":\"https:\/\/elizagipuzkoa.org\/eu\/en-el-nuestra-esperanza-llamada-a-la-renovacion-y-mision-en-gipuzkoa\/\",\"url\":\"https:\/\/elizagipuzkoa.org\/eu\/en-el-nuestra-esperanza-llamada-a-la-renovacion-y-mision-en-gipuzkoa\/\",\"name\":\"\\\"Harengan gure itxaropena\\\": eraberritzeko deia eta misioa Gipuzkoan - Di\u00f3cesis de San Sebasti\u00e1n\",\"isPartOf\":{\"@id\":\"https:\/\/elizagipuzkoa.org\/eu\/#website\"},\"primaryImageOfPage\":{\"@id\":\"https:\/\/elizagipuzkoa.org\/eu\/en-el-nuestra-esperanza-llamada-a-la-renovacion-y-mision-en-gipuzkoa\/#primaryimage\"},\"image\":{\"@id\":\"https:\/\/elizagipuzkoa.org\/eu\/en-el-nuestra-esperanza-llamada-a-la-renovacion-y-mision-en-gipuzkoa\/#primaryimage\"},\"thumbnailUrl\":\"https:\/\/elizagipuzkoa.org\/wp-content\/uploads\/2024\/12\/DSC01798OK2-1.jpg\",\"datePublished\":\"2024-12-05T10:00:58+00:00\",\"dateModified\":\"2025-01-04T10:07:18+00:00\",\"description\":\"2025eko Jubileu Urtearen baitan, Donostiako Gotzaina, Fernando Prado Ayuso monsinoreak, bere bigarren pastoral gutuna argitaratu du, Harengan gure itxaropena\u00a0izenburupean.\",\"breadcrumb\":{\"@id\":\"https:\/\/elizagipuzkoa.org\/eu\/en-el-nuestra-esperanza-llamada-a-la-renovacion-y-mision-en-gipuzkoa\/#breadcrumb\"},\"inLanguage\":\"eu\",\"potentialAction\":[{\"@type\":\"ReadAction\",\"target\":[\"https:\/\/elizagipuzkoa.org\/eu\/en-el-nuestra-esperanza-llamada-a-la-renovacion-y-mision-en-gipuzkoa\/\"]}]},{\"@type\":\"ImageObject\",\"inLanguage\":\"eu\",\"@id\":\"https:\/\/elizagipuzkoa.org\/eu\/en-el-nuestra-esperanza-llamada-a-la-renovacion-y-mision-en-gipuzkoa\/#primaryimage\",\"url\":\"https:\/\/elizagipuzkoa.org\/wp-content\/uploads\/2024\/12\/DSC01798OK2-1.jpg\",\"contentUrl\":\"https:\/\/elizagipuzkoa.org\/wp-content\/uploads\/2024\/12\/DSC01798OK2-1.jpg\",\"width\":760,\"height\":315},{\"@type\":\"BreadcrumbList\",\"@id\":\"https:\/\/elizagipuzkoa.org\/eu\/en-el-nuestra-esperanza-llamada-a-la-renovacion-y-mision-en-gipuzkoa\/#breadcrumb\",\"itemListElement\":[{\"@type\":\"ListItem\",\"position\":1,\"name\":\"Inicio\",\"item\":\"https:\/\/elizagipuzkoa.org\/eu\/\"},{\"@type\":\"ListItem\",\"position\":2,\"name\":\"&#8220;Harengan gure itxaropena&#8221;: eraberritzeko deia eta misioa Gipuzkoan\"}]},{\"@type\":\"WebSite\",\"@id\":\"https:\/\/elizagipuzkoa.org\/eu\/#website\",\"url\":\"https:\/\/elizagipuzkoa.org\/eu\/\",\"name\":\"Di\u00f3cesis de San Sebasti\u00e1n\",\"description\":\"\",\"publisher\":{\"@id\":\"https:\/\/elizagipuzkoa.org\/eu\/#organization\"},\"potentialAction\":[{\"@type\":\"SearchAction\",\"target\":{\"@type\":\"EntryPoint\",\"urlTemplate\":\"https:\/\/elizagipuzkoa.org\/eu\/?s={search_term_string}\"},\"query-input\":{\"@type\":\"PropertyValueSpecification\",\"valueRequired\":true,\"valueName\":\"search_term_string\"}}],\"inLanguage\":\"eu\"},{\"@type\":\"Organization\",\"@id\":\"https:\/\/elizagipuzkoa.org\/eu\/#organization\",\"name\":\"Di\u00f3cesis de San Sebasti\u00e1n\",\"url\":\"https:\/\/elizagipuzkoa.org\/eu\/\",\"logo\":{\"@type\":\"ImageObject\",\"inLanguage\":\"eu\",\"@id\":\"https:\/\/elizagipuzkoa.org\/eu\/#\/schema\/logo\/image\/\",\"url\":\"https:\/\/elizagipuzkoa.org\/wp-content\/uploads\/2024\/02\/logo_transparente_250.png\",\"contentUrl\":\"https:\/\/elizagipuzkoa.org\/wp-content\/uploads\/2024\/02\/logo_transparente_250.png\",\"width\":250,\"height\":124,\"caption\":\"Di\u00f3cesis de San Sebasti\u00e1n\"},\"image\":{\"@id\":\"https:\/\/elizagipuzkoa.org\/eu\/#\/schema\/logo\/image\/\"},\"sameAs\":[\"https:\/\/www.facebook.com\/p\/Donostiako-ElizbarrutiaDicesis-de-San-Sebastin-100064874702840\/\",\"https:\/\/x.com\/diocesis_ss\",\"https:\/\/www.instagram.com\/diocesis_ss\/?hl=es\",\"https:\/\/www.youtube.com\/@DiocesisdeSanSebastian\",\"https:\/\/www.flickr.com\/photos\/133958253@N05\/albums\/\"]},{\"@type\":\"Person\",\"@id\":\"https:\/\/elizagipuzkoa.org\/eu\/#\/schema\/person\/d33380af7f6eaf564ae1ed5b8fb1e8a9\",\"name\":\"Ivan Benko\",\"image\":{\"@type\":\"ImageObject\",\"inLanguage\":\"eu\",\"@id\":\"https:\/\/elizagipuzkoa.org\/eu\/#\/schema\/person\/image\/\",\"url\":\"https:\/\/secure.gravatar.com\/avatar\/f90bd9f1506ff6ba69f5e66b32b211ab55afa300918f2b96b163f0336d4fcb10?s=96&d=mm&r=g\",\"contentUrl\":\"https:\/\/secure.gravatar.com\/avatar\/f90bd9f1506ff6ba69f5e66b32b211ab55afa300918f2b96b163f0336d4fcb10?s=96&d=mm&r=g\",\"caption\":\"Ivan Benko\"},\"url\":\"https:\/\/elizagipuzkoa.org\/eu\/author\/comunicacion\/\"}]}<\/script>\n<!-- \/ Yoast SEO plugin. -->","yoast_head_json":{"title":"\"Harengan gure itxaropena\": eraberritzeko deia eta misioa Gipuzkoan - Di\u00f3cesis de San Sebasti\u00e1n","description":"2025eko Jubileu Urtearen baitan, Donostiako Gotzaina, Fernando Prado Ayuso monsinoreak, bere bigarren pastoral gutuna argitaratu du, Harengan gure itxaropena\u00a0izenburupean.","robots":{"index":"index","follow":"follow","max-snippet":"max-snippet:-1","max-image-preview":"max-image-preview:large","max-video-preview":"max-video-preview:-1"},"canonical":"https:\/\/elizagipuzkoa.org\/eu\/en-el-nuestra-esperanza-llamada-a-la-renovacion-y-mision-en-gipuzkoa\/","og_locale":"en_US","og_type":"article","og_title":"\"Harengan gure itxaropena\": eraberritzeko deia eta misioa Gipuzkoan - Di\u00f3cesis de San Sebasti\u00e1n","og_description":"2025eko Jubileu Urtearen baitan, Donostiako Gotzaina, Fernando Prado Ayuso monsinoreak, bere bigarren pastoral gutuna argitaratu du, Harengan gure itxaropena\u00a0izenburupean.","og_url":"https:\/\/elizagipuzkoa.org\/eu\/en-el-nuestra-esperanza-llamada-a-la-renovacion-y-mision-en-gipuzkoa\/","og_site_name":"Di\u00f3cesis de San Sebasti\u00e1n","article_publisher":"https:\/\/www.facebook.com\/p\/Donostiako-ElizbarrutiaDicesis-de-San-Sebastin-100064874702840\/","article_published_time":"2024-12-05T10:00:58+00:00","article_modified_time":"2025-01-04T10:07:18+00:00","og_image":[{"width":760,"height":315,"url":"https:\/\/elizagipuzkoa.org\/wp-content\/uploads\/2024\/12\/DSC01798OK2-1.jpg","type":"image\/jpeg"}],"author":"Ivan Benko","twitter_card":"summary_large_image","twitter_creator":"@diocesis_ss","twitter_site":"@diocesis_ss","twitter_misc":{"Written by":"Ivan Benko","Est. reading time":"5 minutua"},"schema":{"@context":"https:\/\/schema.org","@graph":[{"@type":"Article","@id":"https:\/\/elizagipuzkoa.org\/eu\/en-el-nuestra-esperanza-llamada-a-la-renovacion-y-mision-en-gipuzkoa\/#article","isPartOf":{"@id":"https:\/\/elizagipuzkoa.org\/eu\/en-el-nuestra-esperanza-llamada-a-la-renovacion-y-mision-en-gipuzkoa\/"},"author":{"name":"Ivan Benko","@id":"https:\/\/elizagipuzkoa.org\/eu\/#\/schema\/person\/d33380af7f6eaf564ae1ed5b8fb1e8a9"},"headline":"&#8220;Harengan gure itxaropena&#8221;: eraberritzeko deia eta misioa Gipuzkoan","datePublished":"2024-12-05T10:00:58+00:00","dateModified":"2025-01-04T10:07:18+00:00","mainEntityOfPage":{"@id":"https:\/\/elizagipuzkoa.org\/eu\/en-el-nuestra-esperanza-llamada-a-la-renovacion-y-mision-en-gipuzkoa\/"},"wordCount":685,"publisher":{"@id":"https:\/\/elizagipuzkoa.org\/eu\/#organization"},"image":{"@id":"https:\/\/elizagipuzkoa.org\/eu\/en-el-nuestra-esperanza-llamada-a-la-renovacion-y-mision-en-gipuzkoa\/#primaryimage"},"thumbnailUrl":"https:\/\/elizagipuzkoa.org\/wp-content\/uploads\/2024\/12\/DSC01798OK2-1.jpg","articleSection":["Eraberritze Pastorala","Gaurkotasuna","Obispo D. Fernando"],"inLanguage":"eu"},{"@type":"WebPage","@id":"https:\/\/elizagipuzkoa.org\/eu\/en-el-nuestra-esperanza-llamada-a-la-renovacion-y-mision-en-gipuzkoa\/","url":"https:\/\/elizagipuzkoa.org\/eu\/en-el-nuestra-esperanza-llamada-a-la-renovacion-y-mision-en-gipuzkoa\/","name":"\"Harengan gure itxaropena\": eraberritzeko deia eta misioa Gipuzkoan - Di\u00f3cesis de San Sebasti\u00e1n","isPartOf":{"@id":"https:\/\/elizagipuzkoa.org\/eu\/#website"},"primaryImageOfPage":{"@id":"https:\/\/elizagipuzkoa.org\/eu\/en-el-nuestra-esperanza-llamada-a-la-renovacion-y-mision-en-gipuzkoa\/#primaryimage"},"image":{"@id":"https:\/\/elizagipuzkoa.org\/eu\/en-el-nuestra-esperanza-llamada-a-la-renovacion-y-mision-en-gipuzkoa\/#primaryimage"},"thumbnailUrl":"https:\/\/elizagipuzkoa.org\/wp-content\/uploads\/2024\/12\/DSC01798OK2-1.jpg","datePublished":"2024-12-05T10:00:58+00:00","dateModified":"2025-01-04T10:07:18+00:00","description":"2025eko Jubileu Urtearen baitan, Donostiako Gotzaina, Fernando Prado Ayuso monsinoreak, bere bigarren pastoral gutuna argitaratu du, Harengan gure itxaropena\u00a0izenburupean.","breadcrumb":{"@id":"https:\/\/elizagipuzkoa.org\/eu\/en-el-nuestra-esperanza-llamada-a-la-renovacion-y-mision-en-gipuzkoa\/#breadcrumb"},"inLanguage":"eu","potentialAction":[{"@type":"ReadAction","target":["https:\/\/elizagipuzkoa.org\/eu\/en-el-nuestra-esperanza-llamada-a-la-renovacion-y-mision-en-gipuzkoa\/"]}]},{"@type":"ImageObject","inLanguage":"eu","@id":"https:\/\/elizagipuzkoa.org\/eu\/en-el-nuestra-esperanza-llamada-a-la-renovacion-y-mision-en-gipuzkoa\/#primaryimage","url":"https:\/\/elizagipuzkoa.org\/wp-content\/uploads\/2024\/12\/DSC01798OK2-1.jpg","contentUrl":"https:\/\/elizagipuzkoa.org\/wp-content\/uploads\/2024\/12\/DSC01798OK2-1.jpg","width":760,"height":315},{"@type":"BreadcrumbList","@id":"https:\/\/elizagipuzkoa.org\/eu\/en-el-nuestra-esperanza-llamada-a-la-renovacion-y-mision-en-gipuzkoa\/#breadcrumb","itemListElement":[{"@type":"ListItem","position":1,"name":"Inicio","item":"https:\/\/elizagipuzkoa.org\/eu\/"},{"@type":"ListItem","position":2,"name":"&#8220;Harengan gure itxaropena&#8221;: eraberritzeko deia eta misioa Gipuzkoan"}]},{"@type":"WebSite","@id":"https:\/\/elizagipuzkoa.org\/eu\/#website","url":"https:\/\/elizagipuzkoa.org\/eu\/","name":"Di\u00f3cesis de San Sebasti\u00e1n","description":"","publisher":{"@id":"https:\/\/elizagipuzkoa.org\/eu\/#organization"},"potentialAction":[{"@type":"SearchAction","target":{"@type":"EntryPoint","urlTemplate":"https:\/\/elizagipuzkoa.org\/eu\/?s={search_term_string}"},"query-input":{"@type":"PropertyValueSpecification","valueRequired":true,"valueName":"search_term_string"}}],"inLanguage":"eu"},{"@type":"Organization","@id":"https:\/\/elizagipuzkoa.org\/eu\/#organization","name":"Di\u00f3cesis de San Sebasti\u00e1n","url":"https:\/\/elizagipuzkoa.org\/eu\/","logo":{"@type":"ImageObject","inLanguage":"eu","@id":"https:\/\/elizagipuzkoa.org\/eu\/#\/schema\/logo\/image\/","url":"https:\/\/elizagipuzkoa.org\/wp-content\/uploads\/2024\/02\/logo_transparente_250.png","contentUrl":"https:\/\/elizagipuzkoa.org\/wp-content\/uploads\/2024\/02\/logo_transparente_250.png","width":250,"height":124,"caption":"Di\u00f3cesis de San Sebasti\u00e1n"},"image":{"@id":"https:\/\/elizagipuzkoa.org\/eu\/#\/schema\/logo\/image\/"},"sameAs":["https:\/\/www.facebook.com\/p\/Donostiako-ElizbarrutiaDicesis-de-San-Sebastin-100064874702840\/","https:\/\/x.com\/diocesis_ss","https:\/\/www.instagram.com\/diocesis_ss\/?hl=es","https:\/\/www.youtube.com\/@DiocesisdeSanSebastian","https:\/\/www.flickr.com\/photos\/133958253@N05\/albums\/"]},{"@type":"Person","@id":"https:\/\/elizagipuzkoa.org\/eu\/#\/schema\/person\/d33380af7f6eaf564ae1ed5b8fb1e8a9","name":"Ivan Benko","image":{"@type":"ImageObject","inLanguage":"eu","@id":"https:\/\/elizagipuzkoa.org\/eu\/#\/schema\/person\/image\/","url":"https:\/\/secure.gravatar.com\/avatar\/f90bd9f1506ff6ba69f5e66b32b211ab55afa300918f2b96b163f0336d4fcb10?s=96&d=mm&r=g","contentUrl":"https:\/\/secure.gravatar.com\/avatar\/f90bd9f1506ff6ba69f5e66b32b211ab55afa300918f2b96b163f0336d4fcb10?s=96&d=mm&r=g","caption":"Ivan Benko"},"url":"https:\/\/elizagipuzkoa.org\/eu\/author\/comunicacion\/"}]}},"_links":{"self":[{"href":"https:\/\/elizagipuzkoa.org\/eu\/wp-json\/wp\/v2\/posts\/35886","targetHints":{"allow":["GET"]}}],"collection":[{"href":"https:\/\/elizagipuzkoa.org\/eu\/wp-json\/wp\/v2\/posts"}],"about":[{"href":"https:\/\/elizagipuzkoa.org\/eu\/wp-json\/wp\/v2\/types\/post"}],"author":[{"embeddable":true,"href":"https:\/\/elizagipuzkoa.org\/eu\/wp-json\/wp\/v2\/users\/3"}],"replies":[{"embeddable":true,"href":"https:\/\/elizagipuzkoa.org\/eu\/wp-json\/wp\/v2\/comments?post=35886"}],"version-history":[{"count":4,"href":"https:\/\/elizagipuzkoa.org\/eu\/wp-json\/wp\/v2\/posts\/35886\/revisions"}],"predecessor-version":[{"id":37137,"href":"https:\/\/elizagipuzkoa.org\/eu\/wp-json\/wp\/v2\/posts\/35886\/revisions\/37137"}],"wp:featuredmedia":[{"embeddable":true,"href":"https:\/\/elizagipuzkoa.org\/eu\/wp-json\/wp\/v2\/media\/35962"}],"wp:attachment":[{"href":"https:\/\/elizagipuzkoa.org\/eu\/wp-json\/wp\/v2\/media?parent=35886"}],"wp:term":[{"taxonomy":"category","embeddable":true,"href":"https:\/\/elizagipuzkoa.org\/eu\/wp-json\/wp\/v2\/categories?post=35886"},{"taxonomy":"post_tag","embeddable":true,"href":"https:\/\/elizagipuzkoa.org\/eu\/wp-json\/wp\/v2\/tags?post=35886"}],"curies":[{"name":"wp","href":"https:\/\/api.w.org\/{rel}","templated":true}]}}