{"id":41623,"date":"2025-04-16T19:33:34","date_gmt":"2025-04-16T17:33:34","guid":{"rendered":"https:\/\/elizagipuzkoa.org\/?p=41623"},"modified":"2025-04-16T19:37:15","modified_gmt":"2025-04-16T17:37:15","slug":"krisma-meza","status":"publish","type":"post","link":"https:\/\/elizagipuzkoa.org\/eu\/krisma-meza\/","title":{"rendered":"Krisma Meza"},"content":{"rendered":"<p>Gaur goizean, gure\u00a0<strong>gotzain Fernando<\/strong>\u00a0buru dela,\u00a0<strong>Donostiako Elizbarrutiak Krisma Meza<\/strong>\u00a0ospatu du\u00a0<strong>Artzain Onaren katedralean<\/strong>; Krisma, zenbait sakramentutan erabiltzen den olio eta baltsamo nahasketa da.<\/p>\n<p><img loading=\"lazy\" decoding=\"async\" class=\"alignnone wp-image-41616\" src=\"https:\/\/elizagipuzkoa.org\/wp-content\/uploads\/2025\/04\/WhatsApp-Image-2025-04-16-at-18.21.40-225x300.jpeg\" alt=\"\" width=\"359\" height=\"479\" srcset=\"https:\/\/elizagipuzkoa.org\/wp-content\/uploads\/2025\/04\/WhatsApp-Image-2025-04-16-at-18.21.40-225x300.jpeg 225w, https:\/\/elizagipuzkoa.org\/wp-content\/uploads\/2025\/04\/WhatsApp-Image-2025-04-16-at-18.21.40-768x1024.jpeg 768w, https:\/\/elizagipuzkoa.org\/wp-content\/uploads\/2025\/04\/WhatsApp-Image-2025-04-16-at-18.21.40-1152x1536.jpeg 1152w, https:\/\/elizagipuzkoa.org\/wp-content\/uploads\/2025\/04\/WhatsApp-Image-2025-04-16-at-18.21.40-1536x2048.jpeg 1536w, https:\/\/elizagipuzkoa.org\/wp-content\/uploads\/2025\/04\/WhatsApp-Image-2025-04-16-at-18.21.40-420x560.jpeg 420w, https:\/\/elizagipuzkoa.org\/wp-content\/uploads\/2025\/04\/WhatsApp-Image-2025-04-16-at-18.21.40-480x640.jpeg 480w, https:\/\/elizagipuzkoa.org\/wp-content\/uploads\/2025\/04\/WhatsApp-Image-2025-04-16-at-18.21.40-scaled.jpeg 1920w\" sizes=\"auto, (max-width: 359px) 100vw, 359px\" \/><\/p>\n<p>Ospakizunean zehar, gotzainari erakusteko asmoz, laikoek eta apaizgaiek,\u00a0<strong>anforak<\/strong>\u00a0eraman dituzte aldarera;\u00a0<strong>Fernandok bedeinkatu egin ditu<\/strong>\u00a0Olio Santuzko anforak, eta Krisma Santua kontsakratu du.<\/p>\n<p><img loading=\"lazy\" decoding=\"async\" class=\"alignnone wp-image-41619\" src=\"https:\/\/elizagipuzkoa.org\/wp-content\/uploads\/2025\/04\/WhatsApp-Image-2025-04-16-at-18.21.38-300x225.jpeg\" alt=\"\" width=\"459\" height=\"344\" srcset=\"https:\/\/elizagipuzkoa.org\/wp-content\/uploads\/2025\/04\/WhatsApp-Image-2025-04-16-at-18.21.38-300x225.jpeg 300w, https:\/\/elizagipuzkoa.org\/wp-content\/uploads\/2025\/04\/WhatsApp-Image-2025-04-16-at-18.21.38-1024x768.jpeg 1024w, https:\/\/elizagipuzkoa.org\/wp-content\/uploads\/2025\/04\/WhatsApp-Image-2025-04-16-at-18.21.38-768x576.jpeg 768w, https:\/\/elizagipuzkoa.org\/wp-content\/uploads\/2025\/04\/WhatsApp-Image-2025-04-16-at-18.21.38-1536x1152.jpeg 1536w, https:\/\/elizagipuzkoa.org\/wp-content\/uploads\/2025\/04\/WhatsApp-Image-2025-04-16-at-18.21.38-2048x1536.jpeg 2048w, https:\/\/elizagipuzkoa.org\/wp-content\/uploads\/2025\/04\/WhatsApp-Image-2025-04-16-at-18.21.38-420x315.jpeg 420w, https:\/\/elizagipuzkoa.org\/wp-content\/uploads\/2025\/04\/WhatsApp-Image-2025-04-16-at-18.21.38-640x480.jpeg 640w\" sizes=\"auto, (max-width: 459px) 100vw, 459px\" \/><\/p>\n<p>Krisma Mezan olio ezberdinak erakutsi dira.\u00a0<strong>Gaixoen olioa<\/strong>, gaixotasunen bat dutenei, lasaitasuna eta kontsolamendua emango diena.\u00a0<strong>Kristaugaien olioa<\/strong>; Bataioaren sakramentua jasoko dutenek jasoko dute babes zeinu bezala. Eta\u00a0<strong>Krisma Santurako olio<\/strong>a, Sendotzerako, Apaizen Antolamendurako, eta Eliza eta Aldareetarako erabiliko dena.<\/p>\n<h3>On Fernando Prado gotzainaren homilia<\/h3>\n<p><iframe loading=\"lazy\" title=\"Homil\u00eda de Mons. Fernando Prado \/ Misa Crismal - Krisma Meza (16\/04\/2025)\" width=\"640\" height=\"360\" src=\"https:\/\/www.youtube.com\/embed\/OhOGLbTaYR8?feature=oembed\" frameborder=\"0\" allow=\"accelerometer; autoplay; clipboard-write; encrypted-media; gyroscope; picture-in-picture; web-share\" referrerpolicy=\"strict-origin-when-cross-origin\" allowfullscreen><\/iframe><\/p>\n<p style=\"text-align: center;\">Krisma Meza. <em>Homilia<\/em>.<\/p>\n<p style=\"text-align: center;\">Artzain Ona katedrala (Donostia).<\/p>\n<p style=\"text-align: center;\">Apirilak 16<\/p>\n<p>Apaiz maiteok eta hona hurbildu zarete eliztar anai-arreba maiteok:<\/p>\n<p>Gaurko elizkizun hau oso esanguratsua da guziontzat baina, bereziki guretzat, apaizak garenontzat. Celebramos hoy una Eucarist\u00eda solemne y especial en la que se expresa de forma singular la uni\u00f3n del presbiterio con su Obispo y la uni\u00f3n del Obispo con su presbiterio en nuestra di\u00f3cesis. Es una fiesta en la que celebramos los v\u00ednculos sacramentales que nos unen, agradeciendo el don del sacerdocio y renovando nuestro ministerio y compromiso al servicio del pueblo de Dios que camina en Gipuzkoa. Gaur, olio sakratuak bedeinkatuko ditugu eta Krisma Kontsakratuko dugu.<\/p>\n<p>Con estos elementos celebraremos este a\u00f1o los sacramentos y ungiremos al pueblo santo de Dios. En esta celebraci\u00f3n, los sacerdotes renovamos tambi\u00e9n nuestras promesas de fidelidad a los compromisos de amor contra\u00eddos en la ordenaci\u00f3n que un d\u00eda recibimos. Krisma Meza honek alde ezberdinak ditu. Son aspectos diferentes del rico contenido de esta Misa Crismal. No dejemos de traer a la memoria a nuestros hermanos sacerdotes fallecidos este a\u00f1o y traigamos al altar a nuestros hermanos m\u00e1s mayores, especialmente a los que est\u00e1n enfermos. Gogoan ditugu ere, etortzerik izan ez dutenak. Algunos de nuestros hermanos laicos y algunas personas consagradas nos acompa\u00f1an tambi\u00e9n en esta celebraci\u00f3n y se gozan de vernos hoy aqu\u00ed, juntos, en el altar. Agradezco esta presencia que, como pueblo de Dios, hoy nos arropa y acompa\u00f1a nuestro ministerio. Juntos estamos comprometidos en una \u00fanica misi\u00f3n como Iglesia. Mila esker, benetan, hemen, elkarrekin fedea ospatuz egoteagatik.<\/p>\n<p>En la liturgia, antes de la oraci\u00f3n de consagraci\u00f3n del sagrado Crisma pediremos a Dios Padre \u201cque se digne bendecir y santificar el ung\u00fcento para que aquellos cuerpos que van a ser ungidos con \u00e9l sientan interiormente la unci\u00f3n de la bondad divina\u2026\u201d. Fijaos qu\u00e9 bella expresi\u00f3n: \u00a1Somos enviados a llevar a nuestro pueblo la unci\u00f3n de la bondad divina! Sin duda, un env\u00edo que nos supera. Parece una osad\u00eda, pensar que a trav\u00e9s de nuestra pobreza podamos llevar a los dem\u00e1s esta bondad Divina. Pero as\u00ed es. Servimos la unci\u00f3n del Se\u00f1or en los sacramentos, desde nuestra debilidad, pero con la confianza de haber recibido nuestro ministerio del Se\u00f1or. Al celebrar los sacramentos, representamos ante nuestro pueblo la imagen sacramental de Cristo Pastor y nos hacemos \u201creflejo de su bondad\u201d. Recordemos el viejo adaggio latino: <em>Lex orandi, lex credendi. <\/em>Aquello que oramos en la liturgia<\/p>\n<p>es lo que creemos. Tomar nueva conciencia de esto, verdaderamente, nos refuerza en el compromiso por mantener nuestro propio tono vital y espiritual. Quiero descubrir en este inicio de la oraci\u00f3n de consagraci\u00f3n del Crisma, una gracia especial que Dios nos quiere indicar, una llamada a esa nueva toma de conciencia de nuestro propio ministerio, una llamada a nuestra propia santidad. \u201cQue a trav\u00e9s de nosotros y de nuestro ministerio, los dem\u00e1s sientan interiormente la unci\u00f3n de la bondad divina\u201d. Una bondad que se vehicula a los dem\u00e1s en gestos de amor concretos. Keinu txikiak, agian. Gestos que pasan por el servicio desinteresado, por el estar cerca de quien lo necesita, por saber \u201cperder el tiempo\u201d escuchando, por saber acompa\u00f1ar y decir una palabra con ternura, cari\u00f1o, confianza. Keinu txikiak, agian, baina benetan beharrezkoak. Son los gestos que a tantos sirven para acercarse a Dios y a \u201csentir interiormente esa unci\u00f3n de la bondad divina\u201d.<\/p>\n<p>En este a\u00f1o Jubilar puede resonar tambi\u00e9n de forma especial la lectura que hemos proclamado. San Lucas nos recuerda que Jes\u00fas, a quien nosotros representamos sacramentalmente, fue ungido para \u201cproclamar el a\u00f1o de gracia del Se\u00f1or\u201d, para proclamar un A\u00f1o Santo, un a\u00f1o de J\u00fabilo, para proclamar la misericordia del Se\u00f1or, la alegr\u00eda del perd\u00f3n y la reconciliaci\u00f3n y, sobre todo, para proclamar la Esperanza que se ofrece en ese a\u00f1o de Gracia.<\/p>\n<p>M\u00e1s all\u00e1 de toda circunstancia, nuestra misi\u00f3n como ministros ordenados y sacerdotes tiene tambi\u00e9n dentro del pueblo de Dios esa dimensi\u00f3n de predicaci\u00f3n y proclamaci\u00f3n al Pueblo: Queremos proclamarle su misericordia; proclamar que no todo est\u00e1 perdido, que Dios est\u00e1 siempre con nosotros. Un d\u00eda fuimos ungidos y comisionados para proclamar la Palabra. Somos servidores de esa Palabra que anuncia al Pueblo, en nombre del Se\u00f1or, que la gracia sigue brotando, que \u201cla esperanza no defrauda, porque el amor de Dios ha sido derramado en nuestros corazones por el Esp\u00edritu Santo que se nos ha dado\u201d. Esta es la unci\u00f3n del Esp\u00edritu que nos hace proclamar que Jes\u00fas es nuestra esperanza, que solo en \u00e9l est\u00e1 nuestra esperanza (cf. 1Tim 1,1).<\/p>\n<p>Es la unci\u00f3n recibida que estamos llamados a avivar en nuestro pueblo al que servimos. Abrimos hoy estas \u00e1nforas llenas del aceite que vamos a bendecir. Dejemos que su perfume nos traiga la unci\u00f3n del Se\u00f1or. Que su perfume impregne nuestra vida. Que al llevar los \u00f3leos a nuestras parroquias, llevemos tambi\u00e9n el alma renovada, la fe m\u00e1s encendida, la esperanza m\u00e1s firme, la alegr\u00eda de sabernos unidos, juntos, para ungir a nuestro pueblo.<\/p>\n<p>Permitidme que aproveche tambi\u00e9n este d\u00eda de profunda uni\u00f3n con vosotros para agradecer vuestra vida y para pediros tambi\u00e9n que sig\u00e1is teniendo paciencia con vuestro obispo. Yo tambi\u00e9n llevo este tesoro de la unci\u00f3n y el tesoro de la fe en vasijas de barro. Disculpadme si os hab\u00e9is sentido desatendidos o en alg\u00fan momento no hab\u00e9is sentido mi solicitud. No dej\u00e9is de acercaros a m\u00ed incluso antes de que yo me acerque. Yo tambi\u00e9n necesito vuestra cercan\u00eda, vuestra amistad y vuestro cari\u00f1o. Es dif\u00edcil combinar acertadamente esto de ser Padre, hermano y amigo a lo que la Iglesia me llama para con vosotros. Con todo, como os he dicho en otras ocasiones, me siento sinceramente orgulloso de vosotros, no solo por lo que hac\u00e9is, (\u00a1que es tanto!), sino por lo que sois como sacerdotes, m\u00e1s all\u00e1 de las debilidades: hombres de Dios apasionados por el Evangelio y por servir al pueblo que se nos ha encomendado. Harro sentitzen naiz zuetaz, benetan, eta honetan aurkitzen dut nire poz handiena gotzaina bezala. Eskerrik asko, bihotz-bihotzetik!<\/p>\n<p>Renovamos hoy nuestras promesas sacerdotales, y pedimos la gracia de la fidelidad al don recibido. Pedimos hoy al Se\u00f1or permanecer en ese amor que se nos ha regalado. Ese amor que vivimos en cercan\u00eda con el Se\u00f1or en la oraci\u00f3n y nos llena de consuelo y gozo en nuestra vida. La cercan\u00eda al Se\u00f1or nos abre las puertas de la alegr\u00eda y la esperanza m\u00e1s all\u00e1 de las fatigas y cansancios que las tareas y las dificultades nos presentan cada d\u00eda.<\/p>\n<p>Apaiz maiteok: jarraian, ni eta gure beste eliztar anai-arreben aurrean berriztatuko dituzue apaiz konpromezuak. Maitasunez eta batez ere esker onez entzungo ditugu berriz zuen desio hoberenak. Lagun izango nauzue konpromezu eta desio horiek betetzen. Lagun iezadazue zuek ere, niri, nireak ere betetzen, eta bihotzez, mila esker zuen testigantza humilagatik. Gracias por tanta ayuda y servicio entre nuestras gentes, por vuestro amor de pastores y por vuestro empe\u00f1o tantas veces poco reconocido o incluso no pocas veces con el viento contrario. No dejemos de remar juntos. Beren-beregi eskertzen dizuet gaur eta beste hainbeste momentuetan elizbarrutiaren aurrean ematen duzuen eliz komunioaren testigantzagatik.<\/p>\n<p>Eskerrik asko, benetan. Jarraitu aurrera, Jainkoa lagun, zareten hoberena Jainkoaren herriari eskeintzen eta beraren alde otoitz egiten. Orad tambi\u00e9n por este obispo que tanto os quiere y tanto os necesita. Y a todos vosotros, hermanos y hermanas religiosas y laicos y laicas que acompa\u00f1\u00e1is esta celebraci\u00f3n, os pido que rec\u00e9is agradecidos por nuestros sacerdotes, por los que aqu\u00ed est\u00e1n, por los que est\u00e1n atendiendo otros menesteres y, sobre todo, que no nos falte una oraci\u00f3n constante por los que Dios nos quiera dar en un pr\u00f3ximo futuro.<\/p>\n<p>Que as\u00ed sea.<\/p>\n<ul>\n<li>Deskargatu <span style=\"color: #0000ff;\"><a style=\"color: #0000ff;\" href=\"https:\/\/elizagipuzkoa.org\/wp-content\/uploads\/2025\/04\/MISA-CRISMAL_25-1.pdf\">homilia<\/a><\/span>.<\/li>\n<li>Fotos en Flickr disponibles el 17\/04\/2025.<\/li>\n<\/ul>\n","protected":false},"excerpt":{"rendered":"<p>Gaur goizean, gure\u00a0gotzain Fernando\u00a0buru dela,\u00a0Donostiako Elizbarrutiak Krisma Meza\u00a0ospatu du\u00a0Artzain Onaren katedralean; Krisma, zenbait sakramentutan erabiltzen den olio eta baltsamo nahasketa da. Ospakizunean zehar, gotzainari erakusteko [&#8230;]<\/p>\n","protected":false},"author":3,"featured_media":41614,"comment_status":"closed","ping_status":"closed","sticky":false,"template":"","format":"standard","meta":{"_price":"","_stock":"","_tribe_ticket_header":"","_tribe_default_ticket_provider":"","_tribe_ticket_capacity":"0","_ticket_start_date":"","_ticket_end_date":"","_tribe_ticket_show_description":"","_tribe_ticket_show_not_going":false,"_tribe_ticket_use_global_stock":"","_tribe_ticket_global_stock_level":"","_global_stock_mode":"","_global_stock_cap":"","_tribe_rsvp_for_event":"","_tribe_ticket_going_count":"","_tribe_ticket_not_going_count":"","_tribe_tickets_list":"[]","_tribe_ticket_has_attendee_info_fields":false,"footnotes":""},"categories":[202,162,205,177,155],"tags":[],"class_list":["post-41623","post","type-post","status-publish","format-standard","has-post-thumbnail","hentry","category-bikaritza-nagusia","category-gaurkotasuna","category-kleroaren-ordezkaritza","category-liturgia-ordezkaritza","category-obispo-d-fernando-eu"],"yoast_head":"<!-- This site is optimized with the Yoast SEO plugin v26.9 - https:\/\/yoast.com\/product\/yoast-seo-wordpress\/ -->\n<title>Krisma Meza - Di\u00f3cesis de San Sebasti\u00e1n<\/title>\n<meta name=\"description\" content=\"Gaur goizean, gure\u00a0gotzain Fernando\u00a0buru dela,\u00a0Donostiako Elizbarrutiak Krisma Meza\u00a0ospatu du\u00a0Artzain Onaren katedralean; Krisma, zenbait sakramentutan erabiltzen den olio eta baltsamo nahasketa da.\u00a0\" \/>\n<meta name=\"robots\" content=\"index, follow, max-snippet:-1, max-image-preview:large, max-video-preview:-1\" \/>\n<link rel=\"canonical\" href=\"https:\/\/elizagipuzkoa.org\/eu\/krisma-meza\/\" \/>\n<meta property=\"og:locale\" content=\"en_US\" \/>\n<meta property=\"og:type\" content=\"article\" \/>\n<meta property=\"og:title\" content=\"Krisma Meza - Di\u00f3cesis de San Sebasti\u00e1n\" \/>\n<meta property=\"og:description\" content=\"Gaur goizean, gure\u00a0gotzain Fernando\u00a0buru dela,\u00a0Donostiako Elizbarrutiak Krisma Meza\u00a0ospatu du\u00a0Artzain Onaren katedralean; Krisma, zenbait sakramentutan erabiltzen den olio eta baltsamo nahasketa da.\u00a0\" \/>\n<meta property=\"og:url\" content=\"https:\/\/elizagipuzkoa.org\/eu\/krisma-meza\/\" \/>\n<meta property=\"og:site_name\" content=\"Di\u00f3cesis de San Sebasti\u00e1n\" \/>\n<meta property=\"article:publisher\" content=\"https:\/\/www.facebook.com\/p\/Donostiako-ElizbarrutiaDicesis-de-San-Sebastin-100064874702840\/\" \/>\n<meta property=\"article:published_time\" content=\"2025-04-16T17:33:34+00:00\" \/>\n<meta property=\"article:modified_time\" content=\"2025-04-16T17:37:15+00:00\" \/>\n<meta property=\"og:image\" content=\"https:\/\/elizagipuzkoa.org\/wp-content\/uploads\/2025\/04\/WhatsApp-Image-2025-04-16-at-18.21.29-scaled.jpeg\" \/>\n\t<meta property=\"og:image:width\" content=\"2560\" \/>\n\t<meta property=\"og:image:height\" content=\"1920\" \/>\n\t<meta property=\"og:image:type\" content=\"image\/jpeg\" \/>\n<meta name=\"author\" content=\"Ivan Benko\" \/>\n<meta name=\"twitter:card\" content=\"summary_large_image\" \/>\n<meta name=\"twitter:creator\" content=\"@diocesis_ss\" \/>\n<meta name=\"twitter:site\" content=\"@diocesis_ss\" \/>\n<meta name=\"twitter:label1\" content=\"Written by\" \/>\n\t<meta name=\"twitter:data1\" content=\"Ivan Benko\" \/>\n\t<meta name=\"twitter:label2\" content=\"Est. reading time\" \/>\n\t<meta name=\"twitter:data2\" content=\"7 minutua\" \/>\n<script type=\"application\/ld+json\" class=\"yoast-schema-graph\">{\"@context\":\"https:\/\/schema.org\",\"@graph\":[{\"@type\":\"Article\",\"@id\":\"https:\/\/elizagipuzkoa.org\/eu\/krisma-meza\/#article\",\"isPartOf\":{\"@id\":\"https:\/\/elizagipuzkoa.org\/eu\/krisma-meza\/\"},\"author\":{\"name\":\"Ivan Benko\",\"@id\":\"https:\/\/elizagipuzkoa.org\/eu\/#\/schema\/person\/d33380af7f6eaf564ae1ed5b8fb1e8a9\"},\"headline\":\"Krisma Meza\",\"datePublished\":\"2025-04-16T17:33:34+00:00\",\"dateModified\":\"2025-04-16T17:37:15+00:00\",\"mainEntityOfPage\":{\"@id\":\"https:\/\/elizagipuzkoa.org\/eu\/krisma-meza\/\"},\"wordCount\":1487,\"publisher\":{\"@id\":\"https:\/\/elizagipuzkoa.org\/eu\/#organization\"},\"image\":{\"@id\":\"https:\/\/elizagipuzkoa.org\/eu\/krisma-meza\/#primaryimage\"},\"thumbnailUrl\":\"https:\/\/elizagipuzkoa.org\/wp-content\/uploads\/2025\/04\/WhatsApp-Image-2025-04-16-at-18.21.29-scaled.jpeg\",\"articleSection\":[\"Bikaritza Nagusia\",\"Gaurkotasuna\",\"Kleroaren Ordezkaritza\",\"Liturgia ordezkaritza\",\"Obispo D. Fernando\"],\"inLanguage\":\"eu\"},{\"@type\":\"WebPage\",\"@id\":\"https:\/\/elizagipuzkoa.org\/eu\/krisma-meza\/\",\"url\":\"https:\/\/elizagipuzkoa.org\/eu\/krisma-meza\/\",\"name\":\"Krisma Meza - Di\u00f3cesis de San Sebasti\u00e1n\",\"isPartOf\":{\"@id\":\"https:\/\/elizagipuzkoa.org\/eu\/#website\"},\"primaryImageOfPage\":{\"@id\":\"https:\/\/elizagipuzkoa.org\/eu\/krisma-meza\/#primaryimage\"},\"image\":{\"@id\":\"https:\/\/elizagipuzkoa.org\/eu\/krisma-meza\/#primaryimage\"},\"thumbnailUrl\":\"https:\/\/elizagipuzkoa.org\/wp-content\/uploads\/2025\/04\/WhatsApp-Image-2025-04-16-at-18.21.29-scaled.jpeg\",\"datePublished\":\"2025-04-16T17:33:34+00:00\",\"dateModified\":\"2025-04-16T17:37:15+00:00\",\"description\":\"Gaur goizean, gure\u00a0gotzain Fernando\u00a0buru dela,\u00a0Donostiako Elizbarrutiak Krisma Meza\u00a0ospatu du\u00a0Artzain Onaren katedralean; Krisma, zenbait sakramentutan erabiltzen den olio eta baltsamo nahasketa da.\u00a0\",\"breadcrumb\":{\"@id\":\"https:\/\/elizagipuzkoa.org\/eu\/krisma-meza\/#breadcrumb\"},\"inLanguage\":\"eu\",\"potentialAction\":[{\"@type\":\"ReadAction\",\"target\":[\"https:\/\/elizagipuzkoa.org\/eu\/krisma-meza\/\"]}]},{\"@type\":\"ImageObject\",\"inLanguage\":\"eu\",\"@id\":\"https:\/\/elizagipuzkoa.org\/eu\/krisma-meza\/#primaryimage\",\"url\":\"https:\/\/elizagipuzkoa.org\/wp-content\/uploads\/2025\/04\/WhatsApp-Image-2025-04-16-at-18.21.29-scaled.jpeg\",\"contentUrl\":\"https:\/\/elizagipuzkoa.org\/wp-content\/uploads\/2025\/04\/WhatsApp-Image-2025-04-16-at-18.21.29-scaled.jpeg\",\"width\":2560,\"height\":1920},{\"@type\":\"BreadcrumbList\",\"@id\":\"https:\/\/elizagipuzkoa.org\/eu\/krisma-meza\/#breadcrumb\",\"itemListElement\":[{\"@type\":\"ListItem\",\"position\":1,\"name\":\"Inicio\",\"item\":\"https:\/\/elizagipuzkoa.org\/eu\/\"},{\"@type\":\"ListItem\",\"position\":2,\"name\":\"Krisma Meza\"}]},{\"@type\":\"WebSite\",\"@id\":\"https:\/\/elizagipuzkoa.org\/eu\/#website\",\"url\":\"https:\/\/elizagipuzkoa.org\/eu\/\",\"name\":\"Di\u00f3cesis de San Sebasti\u00e1n\",\"description\":\"\",\"publisher\":{\"@id\":\"https:\/\/elizagipuzkoa.org\/eu\/#organization\"},\"potentialAction\":[{\"@type\":\"SearchAction\",\"target\":{\"@type\":\"EntryPoint\",\"urlTemplate\":\"https:\/\/elizagipuzkoa.org\/eu\/?s={search_term_string}\"},\"query-input\":{\"@type\":\"PropertyValueSpecification\",\"valueRequired\":true,\"valueName\":\"search_term_string\"}}],\"inLanguage\":\"eu\"},{\"@type\":\"Organization\",\"@id\":\"https:\/\/elizagipuzkoa.org\/eu\/#organization\",\"name\":\"Di\u00f3cesis de San Sebasti\u00e1n\",\"url\":\"https:\/\/elizagipuzkoa.org\/eu\/\",\"logo\":{\"@type\":\"ImageObject\",\"inLanguage\":\"eu\",\"@id\":\"https:\/\/elizagipuzkoa.org\/eu\/#\/schema\/logo\/image\/\",\"url\":\"https:\/\/elizagipuzkoa.org\/wp-content\/uploads\/2024\/02\/logo_transparente_250.png\",\"contentUrl\":\"https:\/\/elizagipuzkoa.org\/wp-content\/uploads\/2024\/02\/logo_transparente_250.png\",\"width\":250,\"height\":124,\"caption\":\"Di\u00f3cesis de San Sebasti\u00e1n\"},\"image\":{\"@id\":\"https:\/\/elizagipuzkoa.org\/eu\/#\/schema\/logo\/image\/\"},\"sameAs\":[\"https:\/\/www.facebook.com\/p\/Donostiako-ElizbarrutiaDicesis-de-San-Sebastin-100064874702840\/\",\"https:\/\/x.com\/diocesis_ss\",\"https:\/\/www.instagram.com\/diocesis_ss\/?hl=es\",\"https:\/\/www.youtube.com\/@DiocesisdeSanSebastian\",\"https:\/\/www.flickr.com\/photos\/133958253@N05\/albums\/\"]},{\"@type\":\"Person\",\"@id\":\"https:\/\/elizagipuzkoa.org\/eu\/#\/schema\/person\/d33380af7f6eaf564ae1ed5b8fb1e8a9\",\"name\":\"Ivan Benko\",\"image\":{\"@type\":\"ImageObject\",\"inLanguage\":\"eu\",\"@id\":\"https:\/\/elizagipuzkoa.org\/eu\/#\/schema\/person\/image\/\",\"url\":\"https:\/\/secure.gravatar.com\/avatar\/f90bd9f1506ff6ba69f5e66b32b211ab55afa300918f2b96b163f0336d4fcb10?s=96&d=mm&r=g\",\"contentUrl\":\"https:\/\/secure.gravatar.com\/avatar\/f90bd9f1506ff6ba69f5e66b32b211ab55afa300918f2b96b163f0336d4fcb10?s=96&d=mm&r=g\",\"caption\":\"Ivan Benko\"},\"url\":\"https:\/\/elizagipuzkoa.org\/eu\/author\/comunicacion\/\"}]}<\/script>\n<!-- \/ Yoast SEO plugin. -->","yoast_head_json":{"title":"Krisma Meza - Di\u00f3cesis de San Sebasti\u00e1n","description":"Gaur goizean, gure\u00a0gotzain Fernando\u00a0buru dela,\u00a0Donostiako Elizbarrutiak Krisma Meza\u00a0ospatu du\u00a0Artzain Onaren katedralean; Krisma, zenbait sakramentutan erabiltzen den olio eta baltsamo nahasketa da.\u00a0","robots":{"index":"index","follow":"follow","max-snippet":"max-snippet:-1","max-image-preview":"max-image-preview:large","max-video-preview":"max-video-preview:-1"},"canonical":"https:\/\/elizagipuzkoa.org\/eu\/krisma-meza\/","og_locale":"en_US","og_type":"article","og_title":"Krisma Meza - Di\u00f3cesis de San Sebasti\u00e1n","og_description":"Gaur goizean, gure\u00a0gotzain Fernando\u00a0buru dela,\u00a0Donostiako Elizbarrutiak Krisma Meza\u00a0ospatu du\u00a0Artzain Onaren katedralean; Krisma, zenbait sakramentutan erabiltzen den olio eta baltsamo nahasketa da.\u00a0","og_url":"https:\/\/elizagipuzkoa.org\/eu\/krisma-meza\/","og_site_name":"Di\u00f3cesis de San Sebasti\u00e1n","article_publisher":"https:\/\/www.facebook.com\/p\/Donostiako-ElizbarrutiaDicesis-de-San-Sebastin-100064874702840\/","article_published_time":"2025-04-16T17:33:34+00:00","article_modified_time":"2025-04-16T17:37:15+00:00","og_image":[{"width":2560,"height":1920,"url":"https:\/\/elizagipuzkoa.org\/wp-content\/uploads\/2025\/04\/WhatsApp-Image-2025-04-16-at-18.21.29-scaled.jpeg","type":"image\/jpeg"}],"author":"Ivan Benko","twitter_card":"summary_large_image","twitter_creator":"@diocesis_ss","twitter_site":"@diocesis_ss","twitter_misc":{"Written by":"Ivan Benko","Est. reading time":"7 minutua"},"schema":{"@context":"https:\/\/schema.org","@graph":[{"@type":"Article","@id":"https:\/\/elizagipuzkoa.org\/eu\/krisma-meza\/#article","isPartOf":{"@id":"https:\/\/elizagipuzkoa.org\/eu\/krisma-meza\/"},"author":{"name":"Ivan Benko","@id":"https:\/\/elizagipuzkoa.org\/eu\/#\/schema\/person\/d33380af7f6eaf564ae1ed5b8fb1e8a9"},"headline":"Krisma Meza","datePublished":"2025-04-16T17:33:34+00:00","dateModified":"2025-04-16T17:37:15+00:00","mainEntityOfPage":{"@id":"https:\/\/elizagipuzkoa.org\/eu\/krisma-meza\/"},"wordCount":1487,"publisher":{"@id":"https:\/\/elizagipuzkoa.org\/eu\/#organization"},"image":{"@id":"https:\/\/elizagipuzkoa.org\/eu\/krisma-meza\/#primaryimage"},"thumbnailUrl":"https:\/\/elizagipuzkoa.org\/wp-content\/uploads\/2025\/04\/WhatsApp-Image-2025-04-16-at-18.21.29-scaled.jpeg","articleSection":["Bikaritza Nagusia","Gaurkotasuna","Kleroaren Ordezkaritza","Liturgia ordezkaritza","Obispo D. Fernando"],"inLanguage":"eu"},{"@type":"WebPage","@id":"https:\/\/elizagipuzkoa.org\/eu\/krisma-meza\/","url":"https:\/\/elizagipuzkoa.org\/eu\/krisma-meza\/","name":"Krisma Meza - Di\u00f3cesis de San Sebasti\u00e1n","isPartOf":{"@id":"https:\/\/elizagipuzkoa.org\/eu\/#website"},"primaryImageOfPage":{"@id":"https:\/\/elizagipuzkoa.org\/eu\/krisma-meza\/#primaryimage"},"image":{"@id":"https:\/\/elizagipuzkoa.org\/eu\/krisma-meza\/#primaryimage"},"thumbnailUrl":"https:\/\/elizagipuzkoa.org\/wp-content\/uploads\/2025\/04\/WhatsApp-Image-2025-04-16-at-18.21.29-scaled.jpeg","datePublished":"2025-04-16T17:33:34+00:00","dateModified":"2025-04-16T17:37:15+00:00","description":"Gaur goizean, gure\u00a0gotzain Fernando\u00a0buru dela,\u00a0Donostiako Elizbarrutiak Krisma Meza\u00a0ospatu du\u00a0Artzain Onaren katedralean; Krisma, zenbait sakramentutan erabiltzen den olio eta baltsamo nahasketa da.\u00a0","breadcrumb":{"@id":"https:\/\/elizagipuzkoa.org\/eu\/krisma-meza\/#breadcrumb"},"inLanguage":"eu","potentialAction":[{"@type":"ReadAction","target":["https:\/\/elizagipuzkoa.org\/eu\/krisma-meza\/"]}]},{"@type":"ImageObject","inLanguage":"eu","@id":"https:\/\/elizagipuzkoa.org\/eu\/krisma-meza\/#primaryimage","url":"https:\/\/elizagipuzkoa.org\/wp-content\/uploads\/2025\/04\/WhatsApp-Image-2025-04-16-at-18.21.29-scaled.jpeg","contentUrl":"https:\/\/elizagipuzkoa.org\/wp-content\/uploads\/2025\/04\/WhatsApp-Image-2025-04-16-at-18.21.29-scaled.jpeg","width":2560,"height":1920},{"@type":"BreadcrumbList","@id":"https:\/\/elizagipuzkoa.org\/eu\/krisma-meza\/#breadcrumb","itemListElement":[{"@type":"ListItem","position":1,"name":"Inicio","item":"https:\/\/elizagipuzkoa.org\/eu\/"},{"@type":"ListItem","position":2,"name":"Krisma Meza"}]},{"@type":"WebSite","@id":"https:\/\/elizagipuzkoa.org\/eu\/#website","url":"https:\/\/elizagipuzkoa.org\/eu\/","name":"Di\u00f3cesis de San Sebasti\u00e1n","description":"","publisher":{"@id":"https:\/\/elizagipuzkoa.org\/eu\/#organization"},"potentialAction":[{"@type":"SearchAction","target":{"@type":"EntryPoint","urlTemplate":"https:\/\/elizagipuzkoa.org\/eu\/?s={search_term_string}"},"query-input":{"@type":"PropertyValueSpecification","valueRequired":true,"valueName":"search_term_string"}}],"inLanguage":"eu"},{"@type":"Organization","@id":"https:\/\/elizagipuzkoa.org\/eu\/#organization","name":"Di\u00f3cesis de San Sebasti\u00e1n","url":"https:\/\/elizagipuzkoa.org\/eu\/","logo":{"@type":"ImageObject","inLanguage":"eu","@id":"https:\/\/elizagipuzkoa.org\/eu\/#\/schema\/logo\/image\/","url":"https:\/\/elizagipuzkoa.org\/wp-content\/uploads\/2024\/02\/logo_transparente_250.png","contentUrl":"https:\/\/elizagipuzkoa.org\/wp-content\/uploads\/2024\/02\/logo_transparente_250.png","width":250,"height":124,"caption":"Di\u00f3cesis de San Sebasti\u00e1n"},"image":{"@id":"https:\/\/elizagipuzkoa.org\/eu\/#\/schema\/logo\/image\/"},"sameAs":["https:\/\/www.facebook.com\/p\/Donostiako-ElizbarrutiaDicesis-de-San-Sebastin-100064874702840\/","https:\/\/x.com\/diocesis_ss","https:\/\/www.instagram.com\/diocesis_ss\/?hl=es","https:\/\/www.youtube.com\/@DiocesisdeSanSebastian","https:\/\/www.flickr.com\/photos\/133958253@N05\/albums\/"]},{"@type":"Person","@id":"https:\/\/elizagipuzkoa.org\/eu\/#\/schema\/person\/d33380af7f6eaf564ae1ed5b8fb1e8a9","name":"Ivan Benko","image":{"@type":"ImageObject","inLanguage":"eu","@id":"https:\/\/elizagipuzkoa.org\/eu\/#\/schema\/person\/image\/","url":"https:\/\/secure.gravatar.com\/avatar\/f90bd9f1506ff6ba69f5e66b32b211ab55afa300918f2b96b163f0336d4fcb10?s=96&d=mm&r=g","contentUrl":"https:\/\/secure.gravatar.com\/avatar\/f90bd9f1506ff6ba69f5e66b32b211ab55afa300918f2b96b163f0336d4fcb10?s=96&d=mm&r=g","caption":"Ivan Benko"},"url":"https:\/\/elizagipuzkoa.org\/eu\/author\/comunicacion\/"}]}},"_links":{"self":[{"href":"https:\/\/elizagipuzkoa.org\/eu\/wp-json\/wp\/v2\/posts\/41623","targetHints":{"allow":["GET"]}}],"collection":[{"href":"https:\/\/elizagipuzkoa.org\/eu\/wp-json\/wp\/v2\/posts"}],"about":[{"href":"https:\/\/elizagipuzkoa.org\/eu\/wp-json\/wp\/v2\/types\/post"}],"author":[{"embeddable":true,"href":"https:\/\/elizagipuzkoa.org\/eu\/wp-json\/wp\/v2\/users\/3"}],"replies":[{"embeddable":true,"href":"https:\/\/elizagipuzkoa.org\/eu\/wp-json\/wp\/v2\/comments?post=41623"}],"version-history":[{"count":4,"href":"https:\/\/elizagipuzkoa.org\/eu\/wp-json\/wp\/v2\/posts\/41623\/revisions"}],"predecessor-version":[{"id":41631,"href":"https:\/\/elizagipuzkoa.org\/eu\/wp-json\/wp\/v2\/posts\/41623\/revisions\/41631"}],"wp:featuredmedia":[{"embeddable":true,"href":"https:\/\/elizagipuzkoa.org\/eu\/wp-json\/wp\/v2\/media\/41614"}],"wp:attachment":[{"href":"https:\/\/elizagipuzkoa.org\/eu\/wp-json\/wp\/v2\/media?parent=41623"}],"wp:term":[{"taxonomy":"category","embeddable":true,"href":"https:\/\/elizagipuzkoa.org\/eu\/wp-json\/wp\/v2\/categories?post=41623"},{"taxonomy":"post_tag","embeddable":true,"href":"https:\/\/elizagipuzkoa.org\/eu\/wp-json\/wp\/v2\/tags?post=41623"}],"curies":[{"name":"wp","href":"https:\/\/api.w.org\/{rel}","templated":true}]}}