{"id":42275,"date":"2025-05-02T11:05:05","date_gmt":"2025-05-02T09:05:05","guid":{"rendered":"https:\/\/elizagipuzkoa.org\/?p=42275"},"modified":"2025-05-02T11:05:11","modified_gmt":"2025-05-02T09:05:11","slug":"fe-en-las-parroquias-de-gipuzkoa","status":"publish","type":"post","link":"https:\/\/elizagipuzkoa.org\/eu\/fe-en-las-parroquias-de-gipuzkoa\/","title":{"rendered":"Fe en las parroquias de Gipuzkoa"},"content":{"rendered":"<p data-pm-slice=\"1 1 []\">En las \u00faltimas semanas, las parroquias de Gipuzkoa se han llenado de vida, oraci\u00f3n y celebraciones en torno a los misterios centrales de nuestra fe. A trav\u00e9s de diversas actividades y actos lit\u00fargicos, los fieles han participado activamente en los momentos m\u00e1s significativos del a\u00f1o lit\u00fargico, as\u00ed como en las despedidas al Papa Francisco.<\/p>\n<p data-pm-slice=\"1 1 []\">En Legazpi, la tradicional procesi\u00f3n de Semana Santa reuni\u00f3 a numerosos fieles que acompa\u00f1aron los nueve pasos, manifestando su devoci\u00f3n y recogimiento. Adem\u00e1s, la celebraci\u00f3n del Domingo de Ramos en la misma localidad congreg\u00f3 a la comunidad para la bendici\u00f3n de los ramos, preludio solemne de la Semana Santa.<\/p>\n<p><img loading=\"lazy\" decoding=\"async\" class=\"alignnone wp-image-42229\" src=\"https:\/\/elizagipuzkoa.org\/wp-content\/uploads\/2025\/04\/legazpi1-300x225.jpg\" alt=\"\" width=\"493\" height=\"370\" srcset=\"https:\/\/elizagipuzkoa.org\/wp-content\/uploads\/2025\/04\/legazpi1-300x225.jpg 300w, https:\/\/elizagipuzkoa.org\/wp-content\/uploads\/2025\/04\/legazpi1-1024x768.jpg 1024w, https:\/\/elizagipuzkoa.org\/wp-content\/uploads\/2025\/04\/legazpi1-768x576.jpg 768w, https:\/\/elizagipuzkoa.org\/wp-content\/uploads\/2025\/04\/legazpi1-1536x1152.jpg 1536w, https:\/\/elizagipuzkoa.org\/wp-content\/uploads\/2025\/04\/legazpi1-420x315.jpg 420w, https:\/\/elizagipuzkoa.org\/wp-content\/uploads\/2025\/04\/legazpi1-640x480.jpg 640w, https:\/\/elizagipuzkoa.org\/wp-content\/uploads\/2025\/04\/legazpi1.jpg 1600w\" sizes=\"auto, (max-width: 493px) 100vw, 493px\" \/><\/p>\n<p><img loading=\"lazy\" decoding=\"async\" class=\"alignnone wp-image-42232\" src=\"https:\/\/elizagipuzkoa.org\/wp-content\/uploads\/2025\/04\/bendicionderamoslegazpi-225x300.jpg\" alt=\"\" width=\"401\" height=\"535\" srcset=\"https:\/\/elizagipuzkoa.org\/wp-content\/uploads\/2025\/04\/bendicionderamoslegazpi-225x300.jpg 225w, https:\/\/elizagipuzkoa.org\/wp-content\/uploads\/2025\/04\/bendicionderamoslegazpi-768x1024.jpg 768w, https:\/\/elizagipuzkoa.org\/wp-content\/uploads\/2025\/04\/bendicionderamoslegazpi-1152x1536.jpg 1152w, https:\/\/elizagipuzkoa.org\/wp-content\/uploads\/2025\/04\/bendicionderamoslegazpi-1536x2048.jpg 1536w, https:\/\/elizagipuzkoa.org\/wp-content\/uploads\/2025\/04\/bendicionderamoslegazpi-420x560.jpg 420w, https:\/\/elizagipuzkoa.org\/wp-content\/uploads\/2025\/04\/bendicionderamoslegazpi-480x640.jpg 480w, https:\/\/elizagipuzkoa.org\/wp-content\/uploads\/2025\/04\/bendicionderamoslegazpi-scaled.jpg 1920w\" sizes=\"auto, (max-width: 401px) 100vw, 401px\" \/><\/p>\n<p data-pm-slice=\"1 1 []\">En Ir\u00fan, las religiosas de la parroquia del Juncal prepararon con esmero el altar para la celebraci\u00f3n del Jueves Santo, creando un espacio propicio para la adoraci\u00f3n y el recuerdo de la \u00daltima Cena. Igualmente, el Sepulcro preparado en la misma parroquia acompa\u00f1\u00f3 a los fieles en la contemplaci\u00f3n del misterio de la muerte del Se\u00f1or.<\/p>\n<p><img loading=\"lazy\" decoding=\"async\" class=\"alignnone wp-image-42238\" src=\"https:\/\/elizagipuzkoa.org\/wp-content\/uploads\/2025\/04\/religiosas1-225x300.jpg\" alt=\"\" width=\"398\" height=\"531\" srcset=\"https:\/\/elizagipuzkoa.org\/wp-content\/uploads\/2025\/04\/religiosas1-225x300.jpg 225w, https:\/\/elizagipuzkoa.org\/wp-content\/uploads\/2025\/04\/religiosas1-768x1024.jpg 768w, https:\/\/elizagipuzkoa.org\/wp-content\/uploads\/2025\/04\/religiosas1-1152x1536.jpg 1152w, https:\/\/elizagipuzkoa.org\/wp-content\/uploads\/2025\/04\/religiosas1-420x560.jpg 420w, https:\/\/elizagipuzkoa.org\/wp-content\/uploads\/2025\/04\/religiosas1-480x640.jpg 480w, https:\/\/elizagipuzkoa.org\/wp-content\/uploads\/2025\/04\/religiosas1.jpg 1536w\" sizes=\"auto, (max-width: 398px) 100vw, 398px\" \/><\/p>\n<p><img loading=\"lazy\" decoding=\"async\" class=\"alignnone wp-image-42235\" src=\"https:\/\/elizagipuzkoa.org\/wp-content\/uploads\/2025\/04\/religiosas2-225x300.jpg\" alt=\"\" width=\"353\" height=\"471\" srcset=\"https:\/\/elizagipuzkoa.org\/wp-content\/uploads\/2025\/04\/religiosas2-225x300.jpg 225w, https:\/\/elizagipuzkoa.org\/wp-content\/uploads\/2025\/04\/religiosas2-768x1024.jpg 768w, https:\/\/elizagipuzkoa.org\/wp-content\/uploads\/2025\/04\/religiosas2-1152x1536.jpg 1152w, https:\/\/elizagipuzkoa.org\/wp-content\/uploads\/2025\/04\/religiosas2-420x560.jpg 420w, https:\/\/elizagipuzkoa.org\/wp-content\/uploads\/2025\/04\/religiosas2-480x640.jpg 480w, https:\/\/elizagipuzkoa.org\/wp-content\/uploads\/2025\/04\/religiosas2.jpg 1536w\" sizes=\"auto, (max-width: 353px) 100vw, 353px\" \/><\/p>\n<p data-pm-slice=\"1 1 []\">La parroquia de Ormaiztegi tambi\u00e9n destac\u00f3 por el mimo en la sobria disposici\u00f3n de su altar, en un ambiente de recogimiento y oraci\u00f3n.<\/p>\n<p><img loading=\"lazy\" decoding=\"async\" class=\"alignnone wp-image-42241\" src=\"https:\/\/elizagipuzkoa.org\/wp-content\/uploads\/2025\/04\/parroquiadeormaeztegi1-225x300.jpg\" alt=\"\" width=\"325\" height=\"433\" srcset=\"https:\/\/elizagipuzkoa.org\/wp-content\/uploads\/2025\/04\/parroquiadeormaeztegi1-225x300.jpg 225w, https:\/\/elizagipuzkoa.org\/wp-content\/uploads\/2025\/04\/parroquiadeormaeztegi1-768x1024.jpg 768w, https:\/\/elizagipuzkoa.org\/wp-content\/uploads\/2025\/04\/parroquiadeormaeztegi1-1152x1536.jpg 1152w, https:\/\/elizagipuzkoa.org\/wp-content\/uploads\/2025\/04\/parroquiadeormaeztegi1-420x560.jpg 420w, https:\/\/elizagipuzkoa.org\/wp-content\/uploads\/2025\/04\/parroquiadeormaeztegi1-480x640.jpg 480w, https:\/\/elizagipuzkoa.org\/wp-content\/uploads\/2025\/04\/parroquiadeormaeztegi1.jpg 1500w\" sizes=\"auto, (max-width: 325px) 100vw, 325px\" \/><\/p>\n<p>En Mendaro, se vivi\u00f3 un momento especial con la presencia del restaurado Sagrario, signo visible de la presencia del Se\u00f1or entre nosotros.<\/p>\n<p><img loading=\"lazy\" decoding=\"async\" class=\"alignnone wp-image-42244\" src=\"https:\/\/elizagipuzkoa.org\/wp-content\/uploads\/2025\/04\/mendaro-225x300.jpg\" alt=\"\" width=\"376\" height=\"501\" srcset=\"https:\/\/elizagipuzkoa.org\/wp-content\/uploads\/2025\/04\/mendaro-225x300.jpg 225w, https:\/\/elizagipuzkoa.org\/wp-content\/uploads\/2025\/04\/mendaro-768x1024.jpg 768w, https:\/\/elizagipuzkoa.org\/wp-content\/uploads\/2025\/04\/mendaro-1152x1536.jpg 1152w, https:\/\/elizagipuzkoa.org\/wp-content\/uploads\/2025\/04\/mendaro-420x560.jpg 420w, https:\/\/elizagipuzkoa.org\/wp-content\/uploads\/2025\/04\/mendaro-480x640.jpg 480w, https:\/\/elizagipuzkoa.org\/wp-content\/uploads\/2025\/04\/mendaro.jpg 1200w\" sizes=\"auto, (max-width: 376px) 100vw, 376px\" \/><\/p>\n<p data-pm-slice=\"1 1 []\">En Itsaso-Alegi, en la iglesia de Santa Magdalena, se celebr\u00f3 un V\u00eda Crucis parroquial, acompa\u00f1ando a Cristo en su camino hacia la Cruz.<\/p>\n<p><img loading=\"lazy\" decoding=\"async\" class=\"alignnone wp-image-42247\" src=\"https:\/\/elizagipuzkoa.org\/wp-content\/uploads\/2025\/04\/teterterajpg-225x300.jpg\" alt=\"\" width=\"330\" height=\"440\" srcset=\"https:\/\/elizagipuzkoa.org\/wp-content\/uploads\/2025\/04\/teterterajpg-225x300.jpg 225w, https:\/\/elizagipuzkoa.org\/wp-content\/uploads\/2025\/04\/teterterajpg-768x1024.jpg 768w, https:\/\/elizagipuzkoa.org\/wp-content\/uploads\/2025\/04\/teterterajpg-1152x1536.jpg 1152w, https:\/\/elizagipuzkoa.org\/wp-content\/uploads\/2025\/04\/teterterajpg-420x560.jpg 420w, https:\/\/elizagipuzkoa.org\/wp-content\/uploads\/2025\/04\/teterterajpg-480x640.jpg 480w, https:\/\/elizagipuzkoa.org\/wp-content\/uploads\/2025\/04\/teterterajpg.jpg 1500w\" sizes=\"auto, (max-width: 330px) 100vw, 330px\" \/><\/p>\n<p>Asimismo, en la parroquia de San Ignacio, el V\u00eda Crucis y la posterior celebraci\u00f3n de la Pascua de Resurrecci\u00f3n fueron momentos intensos de fe y alegr\u00eda para toda la comunidad.<\/p>\n<p><img loading=\"lazy\" decoding=\"async\" class=\"alignnone wp-image-42253\" src=\"https:\/\/elizagipuzkoa.org\/wp-content\/uploads\/2025\/04\/IMG-20250418-WA00051-225x300.jpg\" alt=\"\" width=\"352\" height=\"469\" srcset=\"https:\/\/elizagipuzkoa.org\/wp-content\/uploads\/2025\/04\/IMG-20250418-WA00051-225x300.jpg 225w, https:\/\/elizagipuzkoa.org\/wp-content\/uploads\/2025\/04\/IMG-20250418-WA00051-768x1024.jpg 768w, https:\/\/elizagipuzkoa.org\/wp-content\/uploads\/2025\/04\/IMG-20250418-WA00051-1152x1536.jpg 1152w, https:\/\/elizagipuzkoa.org\/wp-content\/uploads\/2025\/04\/IMG-20250418-WA00051-420x560.jpg 420w, https:\/\/elizagipuzkoa.org\/wp-content\/uploads\/2025\/04\/IMG-20250418-WA00051-480x640.jpg 480w, https:\/\/elizagipuzkoa.org\/wp-content\/uploads\/2025\/04\/IMG-20250418-WA00051.jpg 1200w\" sizes=\"auto, (max-width: 352px) 100vw, 352px\" \/><\/p>\n<p><img loading=\"lazy\" decoding=\"async\" class=\"alignnone wp-image-42250\" src=\"https:\/\/elizagipuzkoa.org\/wp-content\/uploads\/2025\/04\/si222222-300x225.jpg\" alt=\"\" width=\"373\" height=\"280\" srcset=\"https:\/\/elizagipuzkoa.org\/wp-content\/uploads\/2025\/04\/si222222-300x225.jpg 300w, https:\/\/elizagipuzkoa.org\/wp-content\/uploads\/2025\/04\/si222222-1024x768.jpg 1024w, https:\/\/elizagipuzkoa.org\/wp-content\/uploads\/2025\/04\/si222222-768x576.jpg 768w, https:\/\/elizagipuzkoa.org\/wp-content\/uploads\/2025\/04\/si222222-1536x1152.jpg 1536w, https:\/\/elizagipuzkoa.org\/wp-content\/uploads\/2025\/04\/si222222-420x315.jpg 420w, https:\/\/elizagipuzkoa.org\/wp-content\/uploads\/2025\/04\/si222222-640x480.jpg 640w, https:\/\/elizagipuzkoa.org\/wp-content\/uploads\/2025\/04\/si222222.jpg 1600w\" sizes=\"auto, (max-width: 373px) 100vw, 373px\" \/><\/p>\n<ul>\n<li>Sepulcro en la parroquia del Juncal de Ir\u00fan<\/li>\n<\/ul>\n<p><img loading=\"lazy\" decoding=\"async\" class=\"alignnone wp-image-42259\" src=\"https:\/\/elizagipuzkoa.org\/wp-content\/uploads\/2025\/04\/sepulcroirun-300x225.jpg\" alt=\"\" width=\"423\" height=\"317\" srcset=\"https:\/\/elizagipuzkoa.org\/wp-content\/uploads\/2025\/04\/sepulcroirun-300x225.jpg 300w, https:\/\/elizagipuzkoa.org\/wp-content\/uploads\/2025\/04\/sepulcroirun-1024x768.jpg 1024w, https:\/\/elizagipuzkoa.org\/wp-content\/uploads\/2025\/04\/sepulcroirun-768x576.jpg 768w, https:\/\/elizagipuzkoa.org\/wp-content\/uploads\/2025\/04\/sepulcroirun-1536x1152.jpg 1536w, https:\/\/elizagipuzkoa.org\/wp-content\/uploads\/2025\/04\/sepulcroirun-420x315.jpg 420w, https:\/\/elizagipuzkoa.org\/wp-content\/uploads\/2025\/04\/sepulcroirun-640x480.jpg 640w, https:\/\/elizagipuzkoa.org\/wp-content\/uploads\/2025\/04\/sepulcroirun.jpg 2048w\" sizes=\"auto, (max-width: 423px) 100vw, 423px\" \/><\/p>\n<ul>\n<li>Pascua de Resurrecci\u00f3n en San Ignacio:<\/li>\n<\/ul>\n<p><img loading=\"lazy\" decoding=\"async\" class=\"alignnone wp-image-42262\" src=\"https:\/\/elizagipuzkoa.org\/wp-content\/uploads\/2025\/04\/pascuaderesurreccionsanignacio-169x300.jpg\" alt=\"\" width=\"362\" height=\"643\" srcset=\"https:\/\/elizagipuzkoa.org\/wp-content\/uploads\/2025\/04\/pascuaderesurreccionsanignacio-169x300.jpg 169w, https:\/\/elizagipuzkoa.org\/wp-content\/uploads\/2025\/04\/pascuaderesurreccionsanignacio-576x1024.jpg 576w, https:\/\/elizagipuzkoa.org\/wp-content\/uploads\/2025\/04\/pascuaderesurreccionsanignacio-768x1365.jpg 768w, https:\/\/elizagipuzkoa.org\/wp-content\/uploads\/2025\/04\/pascuaderesurreccionsanignacio-864x1536.jpg 864w, https:\/\/elizagipuzkoa.org\/wp-content\/uploads\/2025\/04\/pascuaderesurreccionsanignacio-420x747.jpg 420w, https:\/\/elizagipuzkoa.org\/wp-content\/uploads\/2025\/04\/pascuaderesurreccionsanignacio-360x640.jpg 360w, https:\/\/elizagipuzkoa.org\/wp-content\/uploads\/2025\/04\/pascuaderesurreccionsanignacio.jpg 900w\" sizes=\"auto, (max-width: 362px) 100vw, 362px\" \/><\/p>\n<p data-pm-slice=\"1 1 []\">Finalmente, en Andoain, se realiz\u00f3 un emotivo memorial al Papa Francisco, uni\u00e9ndose en oraci\u00f3n a la Iglesia Universal por el\u00a0 descanso eterno del Santo Padre.<\/p>\n<p><img loading=\"lazy\" decoding=\"async\" class=\"alignnone wp-image-42268\" src=\"https:\/\/elizagipuzkoa.org\/wp-content\/uploads\/2025\/04\/aitasantuaandoain-225x300.jpg\" alt=\"\" width=\"356\" height=\"475\" srcset=\"https:\/\/elizagipuzkoa.org\/wp-content\/uploads\/2025\/04\/aitasantuaandoain-225x300.jpg 225w, https:\/\/elizagipuzkoa.org\/wp-content\/uploads\/2025\/04\/aitasantuaandoain-768x1024.jpg 768w, https:\/\/elizagipuzkoa.org\/wp-content\/uploads\/2025\/04\/aitasantuaandoain-1152x1536.jpg 1152w, https:\/\/elizagipuzkoa.org\/wp-content\/uploads\/2025\/04\/aitasantuaandoain-420x560.jpg 420w, https:\/\/elizagipuzkoa.org\/wp-content\/uploads\/2025\/04\/aitasantuaandoain-480x640.jpg 480w, https:\/\/elizagipuzkoa.org\/wp-content\/uploads\/2025\/04\/aitasantuaandoain.jpg 1200w\" sizes=\"auto, (max-width: 356px) 100vw, 356px\" \/><\/p>\n<p data-pm-slice=\"1 1 []\">Estos son solo algunos ejemplos de la riqueza y vitalidad de nuestras comunidades parroquiales, que, junto a muchas otras actividades, testimonian una Iglesia viva, en camino y llena de esperanza.<\/p>\n","protected":false},"excerpt":{"rendered":"<p>En las \u00faltimas semanas, las parroquias de Gipuzkoa se han llenado de vida, oraci\u00f3n y celebraciones en torno a los misterios centrales de nuestra fe. [&#8230;]<\/p>\n","protected":false},"author":3,"featured_media":42266,"comment_status":"closed","ping_status":"closed","sticky":false,"template":"","format":"standard","meta":{"_price":"","_stock":"","_tribe_ticket_header":"","_tribe_default_ticket_provider":"","_tribe_ticket_capacity":"0","_ticket_start_date":"","_ticket_end_date":"","_tribe_ticket_show_description":"","_tribe_ticket_show_not_going":false,"_tribe_ticket_use_global_stock":"","_tribe_ticket_global_stock_level":"","_global_stock_mode":"","_global_stock_cap":"","_tribe_rsvp_for_event":"","_tribe_ticket_going_count":"","_tribe_ticket_not_going_count":"","_tribe_tickets_list":"[]","_tribe_ticket_has_attendee_info_fields":false,"footnotes":""},"categories":[234,162,236],"tags":[],"class_list":["post-42275","post","type-post","status-publish","format-standard","has-post-thumbnail","hentry","category-francisco-aita-santua","category-gaurkotasuna","category-parrokiak"],"yoast_head":"<!-- This site is optimized with the Yoast SEO plugin v26.9 - https:\/\/yoast.com\/product\/yoast-seo-wordpress\/ -->\n<title>Fe en las parroquias de Gipuzkoa - Di\u00f3cesis de San Sebasti\u00e1n<\/title>\n<meta name=\"description\" content=\"En las \u00faltimas semanas, las parroquias de Gipuzkoa se han llenado de vida, oraci\u00f3n y celebraciones en torno a los misterios centrales de nuestra fe.\" \/>\n<meta name=\"robots\" content=\"index, follow, max-snippet:-1, max-image-preview:large, max-video-preview:-1\" \/>\n<link rel=\"canonical\" href=\"https:\/\/elizagipuzkoa.org\/eu\/fe-en-las-parroquias-de-gipuzkoa\/\" \/>\n<meta property=\"og:locale\" content=\"en_US\" \/>\n<meta property=\"og:type\" content=\"article\" \/>\n<meta property=\"og:title\" content=\"Fe en las parroquias de Gipuzkoa - Di\u00f3cesis de San Sebasti\u00e1n\" \/>\n<meta property=\"og:description\" content=\"En las \u00faltimas semanas, las parroquias de Gipuzkoa se han llenado de vida, oraci\u00f3n y celebraciones en torno a los misterios centrales de nuestra fe.\" \/>\n<meta property=\"og:url\" content=\"https:\/\/elizagipuzkoa.org\/eu\/fe-en-las-parroquias-de-gipuzkoa\/\" \/>\n<meta property=\"og:site_name\" content=\"Di\u00f3cesis de San Sebasti\u00e1n\" \/>\n<meta property=\"article:publisher\" content=\"https:\/\/www.facebook.com\/p\/Donostiako-ElizbarrutiaDicesis-de-San-Sebastin-100064874702840\/\" \/>\n<meta property=\"article:published_time\" content=\"2025-05-02T09:05:05+00:00\" \/>\n<meta property=\"article:modified_time\" content=\"2025-05-02T09:05:11+00:00\" \/>\n<meta property=\"og:image\" content=\"https:\/\/elizagipuzkoa.org\/wp-content\/uploads\/2025\/04\/andoain2.jpg\" \/>\n\t<meta property=\"og:image:width\" content=\"900\" \/>\n\t<meta property=\"og:image:height\" content=\"1600\" \/>\n\t<meta property=\"og:image:type\" content=\"image\/jpeg\" \/>\n<meta name=\"author\" content=\"Ivan Benko\" \/>\n<meta name=\"twitter:card\" content=\"summary_large_image\" \/>\n<meta name=\"twitter:creator\" content=\"@diocesis_ss\" \/>\n<meta name=\"twitter:site\" content=\"@diocesis_ss\" \/>\n<meta name=\"twitter:label1\" content=\"Written by\" \/>\n\t<meta name=\"twitter:data1\" content=\"Ivan Benko\" \/>\n\t<meta name=\"twitter:label2\" content=\"Est. reading time\" \/>\n\t<meta name=\"twitter:data2\" content=\"5 minutua\" \/>\n<script type=\"application\/ld+json\" class=\"yoast-schema-graph\">{\"@context\":\"https:\/\/schema.org\",\"@graph\":[{\"@type\":\"Article\",\"@id\":\"https:\/\/elizagipuzkoa.org\/eu\/fe-en-las-parroquias-de-gipuzkoa\/#article\",\"isPartOf\":{\"@id\":\"https:\/\/elizagipuzkoa.org\/eu\/fe-en-las-parroquias-de-gipuzkoa\/\"},\"author\":{\"name\":\"Ivan Benko\",\"@id\":\"https:\/\/elizagipuzkoa.org\/eu\/#\/schema\/person\/d33380af7f6eaf564ae1ed5b8fb1e8a9\"},\"headline\":\"Fe en las parroquias de Gipuzkoa\",\"datePublished\":\"2025-05-02T09:05:05+00:00\",\"dateModified\":\"2025-05-02T09:05:11+00:00\",\"mainEntityOfPage\":{\"@id\":\"https:\/\/elizagipuzkoa.org\/eu\/fe-en-las-parroquias-de-gipuzkoa\/\"},\"wordCount\":363,\"publisher\":{\"@id\":\"https:\/\/elizagipuzkoa.org\/eu\/#organization\"},\"image\":{\"@id\":\"https:\/\/elizagipuzkoa.org\/eu\/fe-en-las-parroquias-de-gipuzkoa\/#primaryimage\"},\"thumbnailUrl\":\"https:\/\/elizagipuzkoa.org\/wp-content\/uploads\/2025\/04\/andoain2.jpg\",\"articleSection\":[\"Francisco Aita Santua\",\"Gaurkotasuna\",\"Parrokiak\"],\"inLanguage\":\"eu\"},{\"@type\":\"WebPage\",\"@id\":\"https:\/\/elizagipuzkoa.org\/eu\/fe-en-las-parroquias-de-gipuzkoa\/\",\"url\":\"https:\/\/elizagipuzkoa.org\/eu\/fe-en-las-parroquias-de-gipuzkoa\/\",\"name\":\"Fe en las parroquias de Gipuzkoa - Di\u00f3cesis de San Sebasti\u00e1n\",\"isPartOf\":{\"@id\":\"https:\/\/elizagipuzkoa.org\/eu\/#website\"},\"primaryImageOfPage\":{\"@id\":\"https:\/\/elizagipuzkoa.org\/eu\/fe-en-las-parroquias-de-gipuzkoa\/#primaryimage\"},\"image\":{\"@id\":\"https:\/\/elizagipuzkoa.org\/eu\/fe-en-las-parroquias-de-gipuzkoa\/#primaryimage\"},\"thumbnailUrl\":\"https:\/\/elizagipuzkoa.org\/wp-content\/uploads\/2025\/04\/andoain2.jpg\",\"datePublished\":\"2025-05-02T09:05:05+00:00\",\"dateModified\":\"2025-05-02T09:05:11+00:00\",\"description\":\"En las \u00faltimas semanas, las parroquias de Gipuzkoa se han llenado de vida, oraci\u00f3n y celebraciones en torno a los misterios centrales de nuestra fe.\",\"breadcrumb\":{\"@id\":\"https:\/\/elizagipuzkoa.org\/eu\/fe-en-las-parroquias-de-gipuzkoa\/#breadcrumb\"},\"inLanguage\":\"eu\",\"potentialAction\":[{\"@type\":\"ReadAction\",\"target\":[\"https:\/\/elizagipuzkoa.org\/eu\/fe-en-las-parroquias-de-gipuzkoa\/\"]}]},{\"@type\":\"ImageObject\",\"inLanguage\":\"eu\",\"@id\":\"https:\/\/elizagipuzkoa.org\/eu\/fe-en-las-parroquias-de-gipuzkoa\/#primaryimage\",\"url\":\"https:\/\/elizagipuzkoa.org\/wp-content\/uploads\/2025\/04\/andoain2.jpg\",\"contentUrl\":\"https:\/\/elizagipuzkoa.org\/wp-content\/uploads\/2025\/04\/andoain2.jpg\",\"width\":900,\"height\":1600},{\"@type\":\"BreadcrumbList\",\"@id\":\"https:\/\/elizagipuzkoa.org\/eu\/fe-en-las-parroquias-de-gipuzkoa\/#breadcrumb\",\"itemListElement\":[{\"@type\":\"ListItem\",\"position\":1,\"name\":\"Inicio\",\"item\":\"https:\/\/elizagipuzkoa.org\/eu\/\"},{\"@type\":\"ListItem\",\"position\":2,\"name\":\"Fe en las parroquias de Gipuzkoa\"}]},{\"@type\":\"WebSite\",\"@id\":\"https:\/\/elizagipuzkoa.org\/eu\/#website\",\"url\":\"https:\/\/elizagipuzkoa.org\/eu\/\",\"name\":\"Di\u00f3cesis de San Sebasti\u00e1n\",\"description\":\"\",\"publisher\":{\"@id\":\"https:\/\/elizagipuzkoa.org\/eu\/#organization\"},\"potentialAction\":[{\"@type\":\"SearchAction\",\"target\":{\"@type\":\"EntryPoint\",\"urlTemplate\":\"https:\/\/elizagipuzkoa.org\/eu\/?s={search_term_string}\"},\"query-input\":{\"@type\":\"PropertyValueSpecification\",\"valueRequired\":true,\"valueName\":\"search_term_string\"}}],\"inLanguage\":\"eu\"},{\"@type\":\"Organization\",\"@id\":\"https:\/\/elizagipuzkoa.org\/eu\/#organization\",\"name\":\"Di\u00f3cesis de San Sebasti\u00e1n\",\"url\":\"https:\/\/elizagipuzkoa.org\/eu\/\",\"logo\":{\"@type\":\"ImageObject\",\"inLanguage\":\"eu\",\"@id\":\"https:\/\/elizagipuzkoa.org\/eu\/#\/schema\/logo\/image\/\",\"url\":\"https:\/\/elizagipuzkoa.org\/wp-content\/uploads\/2024\/02\/logo_transparente_250.png\",\"contentUrl\":\"https:\/\/elizagipuzkoa.org\/wp-content\/uploads\/2024\/02\/logo_transparente_250.png\",\"width\":250,\"height\":124,\"caption\":\"Di\u00f3cesis de San Sebasti\u00e1n\"},\"image\":{\"@id\":\"https:\/\/elizagipuzkoa.org\/eu\/#\/schema\/logo\/image\/\"},\"sameAs\":[\"https:\/\/www.facebook.com\/p\/Donostiako-ElizbarrutiaDicesis-de-San-Sebastin-100064874702840\/\",\"https:\/\/x.com\/diocesis_ss\",\"https:\/\/www.instagram.com\/diocesis_ss\/?hl=es\",\"https:\/\/www.youtube.com\/@DiocesisdeSanSebastian\",\"https:\/\/www.flickr.com\/photos\/133958253@N05\/albums\/\"]},{\"@type\":\"Person\",\"@id\":\"https:\/\/elizagipuzkoa.org\/eu\/#\/schema\/person\/d33380af7f6eaf564ae1ed5b8fb1e8a9\",\"name\":\"Ivan Benko\",\"image\":{\"@type\":\"ImageObject\",\"inLanguage\":\"eu\",\"@id\":\"https:\/\/elizagipuzkoa.org\/eu\/#\/schema\/person\/image\/\",\"url\":\"https:\/\/secure.gravatar.com\/avatar\/f90bd9f1506ff6ba69f5e66b32b211ab55afa300918f2b96b163f0336d4fcb10?s=96&d=mm&r=g\",\"contentUrl\":\"https:\/\/secure.gravatar.com\/avatar\/f90bd9f1506ff6ba69f5e66b32b211ab55afa300918f2b96b163f0336d4fcb10?s=96&d=mm&r=g\",\"caption\":\"Ivan Benko\"},\"url\":\"https:\/\/elizagipuzkoa.org\/eu\/author\/comunicacion\/\"}]}<\/script>\n<!-- \/ Yoast SEO plugin. -->","yoast_head_json":{"title":"Fe en las parroquias de Gipuzkoa - Di\u00f3cesis de San Sebasti\u00e1n","description":"En las \u00faltimas semanas, las parroquias de Gipuzkoa se han llenado de vida, oraci\u00f3n y celebraciones en torno a los misterios centrales de nuestra fe.","robots":{"index":"index","follow":"follow","max-snippet":"max-snippet:-1","max-image-preview":"max-image-preview:large","max-video-preview":"max-video-preview:-1"},"canonical":"https:\/\/elizagipuzkoa.org\/eu\/fe-en-las-parroquias-de-gipuzkoa\/","og_locale":"en_US","og_type":"article","og_title":"Fe en las parroquias de Gipuzkoa - Di\u00f3cesis de San Sebasti\u00e1n","og_description":"En las \u00faltimas semanas, las parroquias de Gipuzkoa se han llenado de vida, oraci\u00f3n y celebraciones en torno a los misterios centrales de nuestra fe.","og_url":"https:\/\/elizagipuzkoa.org\/eu\/fe-en-las-parroquias-de-gipuzkoa\/","og_site_name":"Di\u00f3cesis de San Sebasti\u00e1n","article_publisher":"https:\/\/www.facebook.com\/p\/Donostiako-ElizbarrutiaDicesis-de-San-Sebastin-100064874702840\/","article_published_time":"2025-05-02T09:05:05+00:00","article_modified_time":"2025-05-02T09:05:11+00:00","og_image":[{"width":900,"height":1600,"url":"https:\/\/elizagipuzkoa.org\/wp-content\/uploads\/2025\/04\/andoain2.jpg","type":"image\/jpeg"}],"author":"Ivan Benko","twitter_card":"summary_large_image","twitter_creator":"@diocesis_ss","twitter_site":"@diocesis_ss","twitter_misc":{"Written by":"Ivan Benko","Est. reading time":"5 minutua"},"schema":{"@context":"https:\/\/schema.org","@graph":[{"@type":"Article","@id":"https:\/\/elizagipuzkoa.org\/eu\/fe-en-las-parroquias-de-gipuzkoa\/#article","isPartOf":{"@id":"https:\/\/elizagipuzkoa.org\/eu\/fe-en-las-parroquias-de-gipuzkoa\/"},"author":{"name":"Ivan Benko","@id":"https:\/\/elizagipuzkoa.org\/eu\/#\/schema\/person\/d33380af7f6eaf564ae1ed5b8fb1e8a9"},"headline":"Fe en las parroquias de Gipuzkoa","datePublished":"2025-05-02T09:05:05+00:00","dateModified":"2025-05-02T09:05:11+00:00","mainEntityOfPage":{"@id":"https:\/\/elizagipuzkoa.org\/eu\/fe-en-las-parroquias-de-gipuzkoa\/"},"wordCount":363,"publisher":{"@id":"https:\/\/elizagipuzkoa.org\/eu\/#organization"},"image":{"@id":"https:\/\/elizagipuzkoa.org\/eu\/fe-en-las-parroquias-de-gipuzkoa\/#primaryimage"},"thumbnailUrl":"https:\/\/elizagipuzkoa.org\/wp-content\/uploads\/2025\/04\/andoain2.jpg","articleSection":["Francisco Aita Santua","Gaurkotasuna","Parrokiak"],"inLanguage":"eu"},{"@type":"WebPage","@id":"https:\/\/elizagipuzkoa.org\/eu\/fe-en-las-parroquias-de-gipuzkoa\/","url":"https:\/\/elizagipuzkoa.org\/eu\/fe-en-las-parroquias-de-gipuzkoa\/","name":"Fe en las parroquias de Gipuzkoa - Di\u00f3cesis de San Sebasti\u00e1n","isPartOf":{"@id":"https:\/\/elizagipuzkoa.org\/eu\/#website"},"primaryImageOfPage":{"@id":"https:\/\/elizagipuzkoa.org\/eu\/fe-en-las-parroquias-de-gipuzkoa\/#primaryimage"},"image":{"@id":"https:\/\/elizagipuzkoa.org\/eu\/fe-en-las-parroquias-de-gipuzkoa\/#primaryimage"},"thumbnailUrl":"https:\/\/elizagipuzkoa.org\/wp-content\/uploads\/2025\/04\/andoain2.jpg","datePublished":"2025-05-02T09:05:05+00:00","dateModified":"2025-05-02T09:05:11+00:00","description":"En las \u00faltimas semanas, las parroquias de Gipuzkoa se han llenado de vida, oraci\u00f3n y celebraciones en torno a los misterios centrales de nuestra fe.","breadcrumb":{"@id":"https:\/\/elizagipuzkoa.org\/eu\/fe-en-las-parroquias-de-gipuzkoa\/#breadcrumb"},"inLanguage":"eu","potentialAction":[{"@type":"ReadAction","target":["https:\/\/elizagipuzkoa.org\/eu\/fe-en-las-parroquias-de-gipuzkoa\/"]}]},{"@type":"ImageObject","inLanguage":"eu","@id":"https:\/\/elizagipuzkoa.org\/eu\/fe-en-las-parroquias-de-gipuzkoa\/#primaryimage","url":"https:\/\/elizagipuzkoa.org\/wp-content\/uploads\/2025\/04\/andoain2.jpg","contentUrl":"https:\/\/elizagipuzkoa.org\/wp-content\/uploads\/2025\/04\/andoain2.jpg","width":900,"height":1600},{"@type":"BreadcrumbList","@id":"https:\/\/elizagipuzkoa.org\/eu\/fe-en-las-parroquias-de-gipuzkoa\/#breadcrumb","itemListElement":[{"@type":"ListItem","position":1,"name":"Inicio","item":"https:\/\/elizagipuzkoa.org\/eu\/"},{"@type":"ListItem","position":2,"name":"Fe en las parroquias de Gipuzkoa"}]},{"@type":"WebSite","@id":"https:\/\/elizagipuzkoa.org\/eu\/#website","url":"https:\/\/elizagipuzkoa.org\/eu\/","name":"Di\u00f3cesis de San Sebasti\u00e1n","description":"","publisher":{"@id":"https:\/\/elizagipuzkoa.org\/eu\/#organization"},"potentialAction":[{"@type":"SearchAction","target":{"@type":"EntryPoint","urlTemplate":"https:\/\/elizagipuzkoa.org\/eu\/?s={search_term_string}"},"query-input":{"@type":"PropertyValueSpecification","valueRequired":true,"valueName":"search_term_string"}}],"inLanguage":"eu"},{"@type":"Organization","@id":"https:\/\/elizagipuzkoa.org\/eu\/#organization","name":"Di\u00f3cesis de San Sebasti\u00e1n","url":"https:\/\/elizagipuzkoa.org\/eu\/","logo":{"@type":"ImageObject","inLanguage":"eu","@id":"https:\/\/elizagipuzkoa.org\/eu\/#\/schema\/logo\/image\/","url":"https:\/\/elizagipuzkoa.org\/wp-content\/uploads\/2024\/02\/logo_transparente_250.png","contentUrl":"https:\/\/elizagipuzkoa.org\/wp-content\/uploads\/2024\/02\/logo_transparente_250.png","width":250,"height":124,"caption":"Di\u00f3cesis de San Sebasti\u00e1n"},"image":{"@id":"https:\/\/elizagipuzkoa.org\/eu\/#\/schema\/logo\/image\/"},"sameAs":["https:\/\/www.facebook.com\/p\/Donostiako-ElizbarrutiaDicesis-de-San-Sebastin-100064874702840\/","https:\/\/x.com\/diocesis_ss","https:\/\/www.instagram.com\/diocesis_ss\/?hl=es","https:\/\/www.youtube.com\/@DiocesisdeSanSebastian","https:\/\/www.flickr.com\/photos\/133958253@N05\/albums\/"]},{"@type":"Person","@id":"https:\/\/elizagipuzkoa.org\/eu\/#\/schema\/person\/d33380af7f6eaf564ae1ed5b8fb1e8a9","name":"Ivan Benko","image":{"@type":"ImageObject","inLanguage":"eu","@id":"https:\/\/elizagipuzkoa.org\/eu\/#\/schema\/person\/image\/","url":"https:\/\/secure.gravatar.com\/avatar\/f90bd9f1506ff6ba69f5e66b32b211ab55afa300918f2b96b163f0336d4fcb10?s=96&d=mm&r=g","contentUrl":"https:\/\/secure.gravatar.com\/avatar\/f90bd9f1506ff6ba69f5e66b32b211ab55afa300918f2b96b163f0336d4fcb10?s=96&d=mm&r=g","caption":"Ivan Benko"},"url":"https:\/\/elizagipuzkoa.org\/eu\/author\/comunicacion\/"}]}},"_links":{"self":[{"href":"https:\/\/elizagipuzkoa.org\/eu\/wp-json\/wp\/v2\/posts\/42275","targetHints":{"allow":["GET"]}}],"collection":[{"href":"https:\/\/elizagipuzkoa.org\/eu\/wp-json\/wp\/v2\/posts"}],"about":[{"href":"https:\/\/elizagipuzkoa.org\/eu\/wp-json\/wp\/v2\/types\/post"}],"author":[{"embeddable":true,"href":"https:\/\/elizagipuzkoa.org\/eu\/wp-json\/wp\/v2\/users\/3"}],"replies":[{"embeddable":true,"href":"https:\/\/elizagipuzkoa.org\/eu\/wp-json\/wp\/v2\/comments?post=42275"}],"version-history":[{"count":1,"href":"https:\/\/elizagipuzkoa.org\/eu\/wp-json\/wp\/v2\/posts\/42275\/revisions"}],"predecessor-version":[{"id":42276,"href":"https:\/\/elizagipuzkoa.org\/eu\/wp-json\/wp\/v2\/posts\/42275\/revisions\/42276"}],"wp:featuredmedia":[{"embeddable":true,"href":"https:\/\/elizagipuzkoa.org\/eu\/wp-json\/wp\/v2\/media\/42266"}],"wp:attachment":[{"href":"https:\/\/elizagipuzkoa.org\/eu\/wp-json\/wp\/v2\/media?parent=42275"}],"wp:term":[{"taxonomy":"category","embeddable":true,"href":"https:\/\/elizagipuzkoa.org\/eu\/wp-json\/wp\/v2\/categories?post=42275"},{"taxonomy":"post_tag","embeddable":true,"href":"https:\/\/elizagipuzkoa.org\/eu\/wp-json\/wp\/v2\/tags?post=42275"}],"curies":[{"name":"wp","href":"https:\/\/api.w.org\/{rel}","templated":true}]}}