{"id":49632,"date":"2025-11-03T14:48:14","date_gmt":"2025-11-03T13:48:14","guid":{"rendered":"https:\/\/elizagipuzkoa.org\/dia-de-la-iglesia-diocesana-9-de-noviembre-tu-tambien-puedes-ser-santo\/"},"modified":"2025-11-12T09:24:18","modified_gmt":"2025-11-12T08:24:18","slug":"dia-de-la-iglesia-diocesana-9-de-noviembre-tu-tambien-puedes-ser-santo","status":"publish","type":"post","link":"https:\/\/elizagipuzkoa.org\/eu\/dia-de-la-iglesia-diocesana-9-de-noviembre-tu-tambien-puedes-ser-santo\/","title":{"rendered":"Elizbarrutiaren Eguna (Azaroak 9): \u201cZu ere Santu izan zaitezke\u201d"},"content":{"rendered":"<p>Gure gotzain Fernando Prado Ayusok gogorarazten digun bezala, aurtengo\u00a0<strong>Elizbarrutiaren Egunak<\/strong>, oso esanahi berezia du.<\/p>\n<p>Batetik, gure elizbarrutiaren sorreraren 75. urteurrena ospatzen ari gara, eta, bestetik, Frantzisko Aita Santua zenak deitutako Jubileu Urtearen -Itxaropenean erromes- azken txanpara hurbiltzen ari gara.<\/p>\n<p>Hau da, eskerrak emateko, etorkizunari konfiantzaz begiratzeko, eta kristau elkartearekin dugun konpromisoa berritzeko.<\/p>\n<p>Gaur, guri dagokigu Eliza bizia eta itxaropentsua izatea, bere misioaren eta sostenguaren erantzun-kidea, alegia.<\/p>\n<p>Denok egin dezakegu ekarpenen bat: denbora, otoitza, bertan egotea, sormena, baliabide ekonomikoak&#8230; Dena da garrantzitsua, eta dena da beharrezkoa Ebanjelioa gure lurraldean iragartzen jarraitzeko.<\/p>\n<p>Pertsona askoren eskuzabaltasunari esker, Gipuzkoako Elizak aurrera darrai bere pastoral, gizarte, hezkuntza eta misio lanarekin.<\/p>\n<p>Jarrai dezagun, fedea, jaso, baliatu, bere berri eman, eta denekin bidegile izan nahi duen Gipuzkoako Eliza hau elkarrekin eraikitzen.<\/p>\n<p>Fernando Prado Ayusok zera azpimarratzen du\u00a0<strong>Elizbarrutiaren Egunean<\/strong>, \u201cEskerrik asko, bihotzez, hainbeste parrokia, eta eliza-ahalegin egiteagatik, zuen otoitzengatik, dohaintzengatik, eta konpromisoagatik. Jaunak bedeinka gaitzala bere Espirituaren indarrez, benetako \u201cItxaropenean Erromes\u201d garen aldetik, fedean, karitatean eta misioan bat eginik bizi gaitezen\u201d.<\/p>\n<ul>\n<li><span style=\"color: #0000ff;\"><a style=\"color: #0000ff;\" href=\"https:\/\/drive.google.com\/drive\/folders\/1nmaWYKJQDauji5znqobhYBvCO39yONn9\">Kartela<\/a>\u00a0<\/span><\/li>\n<li><span style=\"color: #0000ff;\"><a style=\"color: #0000ff;\" href=\"https:\/\/elizagipuzkoa.org\/wp-content\/uploads\/2025\/11\/SanSebastian-7.pdf\">Aldizkaria<\/a><\/span><\/li>\n<li><span style=\"color: #0000ff;\"><a style=\"color: #0000ff;\" href=\"https:\/\/drive.google.com\/file\/d\/1dNIXbqCAlQSprtIRJA90oeRzLGANq1op\/view?usp=sharing\">Liturgia (Mintzo eta Kantu)<\/a><\/span><\/li>\n<\/ul>\n<h3><span data-olk-copy-source=\"MessageBody\"><b>&#8220;<span style=\"color: #000000;\"><a style=\"color: #000000;\" href=\"https:\/\/evangelizacion.conferenciaepiscopal.es\/catequesis-abiertos-al-amor-de-dios-una-invitacion-a-vivir-la-santidad\/\">Jainkoaren Maitasunera Irekiak<\/a><\/span>&#8220;, Santutasunaren Katekesia<\/b><\/span><\/h3>\n<p><iframe loading=\"lazy\" title=\"T\u00fa tambi\u00e9n puedes ser Santo. D\u00eda de la Iglesia Diocesana 2025\" width=\"640\" height=\"360\" src=\"https:\/\/www.youtube.com\/embed\/rggq6_RwBcQ?feature=oembed\" frameborder=\"0\" allow=\"accelerometer; autoplay; clipboard-write; encrypted-media; gyroscope; picture-in-picture; web-share\" referrerpolicy=\"strict-origin-when-cross-origin\" allowfullscreen><\/iframe><\/p>\n<p><span data-olk-copy-source=\"MessageBody\">Santu, dohatsu, beneragarri, eta Jainkoaren zerbitzariak gogoan izateko pastoral orientazioak. Ondoren, Ebanjelizatze, Katekesi eta Katekumenotzarako Gotzain Batzordeak prestaturiko\u00a0<b>&#8220;<span style=\"color: #0000ff;\"><a style=\"color: #0000ff;\" href=\"https:\/\/evangelizacion.conferenciaepiscopal.es\/catequesis-abiertos-al-amor-de-dios-una-invitacion-a-vivir-la-santidad\/\">Jainkoaren Maitasunera Irekiak<\/a><\/span>&#8220;, Santutasunaren Katekesiari<\/b>\u00a0buruzko materiala topatuko duzu:<\/span><\/p>\n<ul data-editing-info=\"{&quot;applyListStyleFromLevel&quot;:false,&quot;unorderedStyleType&quot;:1}\">\n<li>\n<div role=\"presentation\"><b>Haurrei<\/b>\u00a0santutasunaz hitz egiteko materiala (Victorren istorioa):\u00a0<span style=\"color: #0000ff;\"><a id=\"OWAeb2d6152-00d8-eec0-05d6-d3288924c76a\" style=\"color: #0000ff;\" title=\"https:\/\/www.youtube.com\/watch?v=ylEQenBQyR0\" href=\"https:\/\/www.youtube.com\/watch?v=ylEQenBQyR0\" data-auth=\"NotApplicable\" data-linkindex=\"5\">https:\/\/www.youtube.com\/watch?v=ylEQenBQyR0<\/a><\/span><\/div>\n<\/li>\n<li>\n<div role=\"presentation\"><b>Nerabeei<\/b>\u00a0santutasunaz hitz egiteko materiala (San Carlo Acutis):\u00a0<span style=\"color: #0000ff;\"><a id=\"OWA1a80f83e-479e-9ea0-25fa-8bc959807a6a\" style=\"color: #0000ff;\" title=\"https:\/\/www.youtube.com\/watch?v=NvnM9N_UH2c\" href=\"https:\/\/www.youtube.com\/watch?v=NvnM9N_UH2c\" data-auth=\"NotApplicable\" data-linkindex=\"6\">https:\/\/www.youtube.com\/watch?v=NvnM9N_UH2c<\/a><\/span><\/div>\n<\/li>\n<li>\n<div role=\"presentation\"><b>Helduei\u00a0<\/b>santutasunaz hitz egiteko materiala (\u201cItxaropenerako itsasargiak\u201d):<span style=\"color: #0000ff;\">\u00a0<a id=\"OWAd81b3623-3ceb-30fe-527d-da7bd3cf1b72\" style=\"color: #0000ff;\" title=\"https:\/\/haciaeljubileo.com\/farosesperanza\/#sexto\" href=\"https:\/\/haciaeljubileo.com\/farosesperanza\/#sexto\" data-auth=\"NotApplicable\" data-linkindex=\"7\">https:\/\/haciaeljubileo.com\/farosesperanza\/#sexto<\/a><\/span><\/div>\n<\/li>\n<\/ul>\n<h3><span style=\"color: #0000ff;\"><a style=\"color: #0000ff;\" href=\"https:\/\/elizagipuzkoa.org\/wp-content\/uploads\/2025\/11\/santu-guztiak.pdf\">Santu<\/a><\/span> gipuzkoarrak<\/h3>\n<p><img loading=\"lazy\" decoding=\"async\" class=\"wp-image-49792 alignleft\" src=\"https:\/\/elizagipuzkoa.org\/wp-content\/uploads\/2025\/11\/san-ignacio-de-loyola-300x227.jpg\" alt=\"\" width=\"340\" height=\"257\" srcset=\"https:\/\/elizagipuzkoa.org\/wp-content\/uploads\/2025\/11\/san-ignacio-de-loyola-300x227.jpg 300w, https:\/\/elizagipuzkoa.org\/wp-content\/uploads\/2025\/11\/san-ignacio-de-loyola-1024x775.jpg 1024w, https:\/\/elizagipuzkoa.org\/wp-content\/uploads\/2025\/11\/san-ignacio-de-loyola-768x581.jpg 768w, https:\/\/elizagipuzkoa.org\/wp-content\/uploads\/2025\/11\/san-ignacio-de-loyola-1536x1162.jpg 1536w, https:\/\/elizagipuzkoa.org\/wp-content\/uploads\/2025\/11\/san-ignacio-de-loyola-420x318.jpg 420w, https:\/\/elizagipuzkoa.org\/wp-content\/uploads\/2025\/11\/san-ignacio-de-loyola-640x484.jpg 640w, https:\/\/elizagipuzkoa.org\/wp-content\/uploads\/2025\/11\/san-ignacio-de-loyola.jpg 1920w\" sizes=\"auto, (max-width: 340px) 100vw, 340px\" \/><\/p>\n<ul>\n<li><span style=\"color: #0000ff;\"><a style=\"color: #0000ff;\" href=\"https:\/\/elizagipuzkoa.org\/wp-content\/uploads\/2025\/11\/san-ignacio.pdf\">Loioako San Ignazio\u00a0<\/a><\/span><\/li>\n<li><span style=\"color: #0000ff;\"><a style=\"color: #0000ff;\" href=\"https:\/\/elizagipuzkoa.org\/wp-content\/uploads\/2025\/11\/San-Martin.pdf\">Igokundeko San Martin<\/a> <\/span><\/li>\n<li><span style=\"color: #0000ff;\"><a style=\"color: #0000ff;\" href=\"https:\/\/elizagipuzkoa.org\/wp-content\/uploads\/2025\/11\/santo-domingo.pdf\">Domingo Iba\u00f1ez Erkizia santua<\/a><\/span><\/li>\n<li><span style=\"color: #0000ff;\"><a style=\"color: #0000ff;\" href=\"https:\/\/elizagipuzkoa.org\/wp-content\/uploads\/2025\/11\/San-Miguel.pdf\">Aozarazako San Migel<\/a><\/span><\/li>\n<li><span style=\"color: #0000ff;\"><a style=\"color: #0000ff;\" href=\"https:\/\/elizagipuzkoa.org\/wp-content\/uploads\/2025\/11\/santa-candida.pdf\"> Kandida Maria Jesusena\u00a0<\/a><\/span><\/li>\n<\/ul>\n<h4 class=\"titulo-libro\">Iturria: <em>Gipuzkoa, Santuen Lurraldea. Tierra de Santidad<\/em><\/h4>\n<h5 class=\"heading-subtitulo\">Autoreak: Azcoaga Bengoechea, Ignacio Mar\u00eda \/ Joxe Mari Azcoaga Lasheras<\/h5>\n<h5>Argitaletxea: Idatz<\/h5>\n<p>&nbsp;<\/p>\n<h3>Gure Eliza<\/h3>\n<p><iframe loading=\"lazy\" title=\"Elizbarrutiaren Eguna: \u201cZu ere Santu izan zaitezke\u201d\" width=\"640\" height=\"360\" src=\"https:\/\/www.youtube.com\/embed\/IGV-vsAERoU?start=1&#038;feature=oembed\" frameborder=\"0\" allow=\"accelerometer; autoplay; clipboard-write; encrypted-media; gyroscope; picture-in-picture; web-share\" referrerpolicy=\"strict-origin-when-cross-origin\" allowfullscreen><\/iframe><\/p>\n","protected":false},"excerpt":{"rendered":"<p>Gure gotzain Fernando Prado Ayusok gogorarazten digun bezala, aurtengo\u00a0Elizbarrutiaren Egunak, oso esanahi berezia du. Batetik, gure elizbarrutiaren sorreraren 75. urteurrena ospatzen ari gara, eta, bestetik, [&#8230;]<\/p>\n","protected":false},"author":3,"featured_media":49843,"comment_status":"closed","ping_status":"closed","sticky":false,"template":"","format":"standard","meta":{"_price":"","_stock":"","_tribe_ticket_header":"","_tribe_default_ticket_provider":"","_tribe_ticket_capacity":"0","_ticket_start_date":"","_ticket_end_date":"","_tribe_ticket_show_description":"","_tribe_ticket_show_not_going":false,"_tribe_ticket_use_global_stock":"","_tribe_ticket_global_stock_level":"","_global_stock_mode":"","_global_stock_cap":"","_tribe_rsvp_for_event":"","_tribe_ticket_going_count":"","_tribe_ticket_not_going_count":"","_tribe_tickets_list":"[]","_tribe_ticket_has_attendee_info_fields":false,"footnotes":""},"categories":[60,162],"tags":[],"class_list":["post-49632","post","type-post","status-publish","format-standard","has-post-thumbnail","hentry","category-diocesis","category-gaurkotasuna"],"yoast_head":"<!-- This site is optimized with the Yoast SEO plugin v26.9 - https:\/\/yoast.com\/product\/yoast-seo-wordpress\/ -->\n<title>Elizbarrutiaren Eguna (Azaroak 9): \u201cZu ere Santu izan zaitezke\u201d - Di\u00f3cesis de San Sebasti\u00e1n<\/title>\n<meta name=\"description\" content=\"Gure gotzain Fernando Prado Ayusok gogorarazten digun bezala, aurtengo\u00a0Elizbarrutiaren Egunak, oso esanahi berezia du.\" \/>\n<meta name=\"robots\" content=\"index, follow, max-snippet:-1, max-image-preview:large, max-video-preview:-1\" \/>\n<link rel=\"canonical\" href=\"https:\/\/elizagipuzkoa.org\/eu\/dia-de-la-iglesia-diocesana-9-de-noviembre-tu-tambien-puedes-ser-santo\/\" \/>\n<meta property=\"og:locale\" content=\"en_US\" \/>\n<meta property=\"og:type\" content=\"article\" \/>\n<meta property=\"og:title\" content=\"Elizbarrutiaren Eguna (Azaroak 9): \u201cZu ere Santu izan zaitezke\u201d - Di\u00f3cesis de San Sebasti\u00e1n\" \/>\n<meta property=\"og:description\" content=\"Gure gotzain Fernando Prado Ayusok gogorarazten digun bezala, aurtengo\u00a0Elizbarrutiaren Egunak, oso esanahi berezia du.\" \/>\n<meta property=\"og:url\" content=\"https:\/\/elizagipuzkoa.org\/eu\/dia-de-la-iglesia-diocesana-9-de-noviembre-tu-tambien-puedes-ser-santo\/\" \/>\n<meta property=\"og:site_name\" content=\"Di\u00f3cesis de San Sebasti\u00e1n\" \/>\n<meta property=\"article:publisher\" content=\"https:\/\/www.facebook.com\/p\/Donostiako-ElizbarrutiaDicesis-de-San-Sebastin-100064874702840\/\" \/>\n<meta property=\"article:published_time\" content=\"2025-11-03T13:48:14+00:00\" \/>\n<meta property=\"article:modified_time\" content=\"2025-11-12T08:24:18+00:00\" \/>\n<meta property=\"og:image\" content=\"https:\/\/elizagipuzkoa.org\/wp-content\/uploads\/2025\/11\/Captura-de-pantalla-2025-11-06-131858.png\" \/>\n\t<meta property=\"og:image:width\" content=\"865\" \/>\n\t<meta property=\"og:image:height\" content=\"205\" \/>\n\t<meta property=\"og:image:type\" content=\"image\/png\" \/>\n<meta name=\"author\" content=\"Ivan Benko\" \/>\n<meta name=\"twitter:card\" content=\"summary_large_image\" \/>\n<meta name=\"twitter:creator\" content=\"@diocesis_ss\" \/>\n<meta name=\"twitter:site\" content=\"@diocesis_ss\" \/>\n<meta name=\"twitter:label1\" content=\"Written by\" \/>\n\t<meta name=\"twitter:data1\" content=\"Ivan Benko\" \/>\n\t<meta name=\"twitter:label2\" content=\"Est. reading time\" \/>\n\t<meta name=\"twitter:data2\" content=\"2 minutua\" \/>\n<script type=\"application\/ld+json\" class=\"yoast-schema-graph\">{\"@context\":\"https:\/\/schema.org\",\"@graph\":[{\"@type\":\"Article\",\"@id\":\"https:\/\/elizagipuzkoa.org\/eu\/dia-de-la-iglesia-diocesana-9-de-noviembre-tu-tambien-puedes-ser-santo\/#article\",\"isPartOf\":{\"@id\":\"https:\/\/elizagipuzkoa.org\/eu\/dia-de-la-iglesia-diocesana-9-de-noviembre-tu-tambien-puedes-ser-santo\/\"},\"author\":{\"name\":\"Ivan Benko\",\"@id\":\"https:\/\/elizagipuzkoa.org\/eu\/#\/schema\/person\/d33380af7f6eaf564ae1ed5b8fb1e8a9\"},\"headline\":\"Elizbarrutiaren Eguna (Azaroak 9): \u201cZu ere Santu izan zaitezke\u201d\",\"datePublished\":\"2025-11-03T13:48:14+00:00\",\"dateModified\":\"2025-11-12T08:24:18+00:00\",\"mainEntityOfPage\":{\"@id\":\"https:\/\/elizagipuzkoa.org\/eu\/dia-de-la-iglesia-diocesana-9-de-noviembre-tu-tambien-puedes-ser-santo\/\"},\"wordCount\":316,\"publisher\":{\"@id\":\"https:\/\/elizagipuzkoa.org\/eu\/#organization\"},\"image\":{\"@id\":\"https:\/\/elizagipuzkoa.org\/eu\/dia-de-la-iglesia-diocesana-9-de-noviembre-tu-tambien-puedes-ser-santo\/#primaryimage\"},\"thumbnailUrl\":\"https:\/\/elizagipuzkoa.org\/wp-content\/uploads\/2025\/11\/Captura-de-pantalla-2025-11-06-131858.png\",\"articleSection\":[\"Diocesis\",\"Gaurkotasuna\"],\"inLanguage\":\"eu\"},{\"@type\":\"WebPage\",\"@id\":\"https:\/\/elizagipuzkoa.org\/eu\/dia-de-la-iglesia-diocesana-9-de-noviembre-tu-tambien-puedes-ser-santo\/\",\"url\":\"https:\/\/elizagipuzkoa.org\/eu\/dia-de-la-iglesia-diocesana-9-de-noviembre-tu-tambien-puedes-ser-santo\/\",\"name\":\"Elizbarrutiaren Eguna (Azaroak 9): \u201cZu ere Santu izan zaitezke\u201d - Di\u00f3cesis de San Sebasti\u00e1n\",\"isPartOf\":{\"@id\":\"https:\/\/elizagipuzkoa.org\/eu\/#website\"},\"primaryImageOfPage\":{\"@id\":\"https:\/\/elizagipuzkoa.org\/eu\/dia-de-la-iglesia-diocesana-9-de-noviembre-tu-tambien-puedes-ser-santo\/#primaryimage\"},\"image\":{\"@id\":\"https:\/\/elizagipuzkoa.org\/eu\/dia-de-la-iglesia-diocesana-9-de-noviembre-tu-tambien-puedes-ser-santo\/#primaryimage\"},\"thumbnailUrl\":\"https:\/\/elizagipuzkoa.org\/wp-content\/uploads\/2025\/11\/Captura-de-pantalla-2025-11-06-131858.png\",\"datePublished\":\"2025-11-03T13:48:14+00:00\",\"dateModified\":\"2025-11-12T08:24:18+00:00\",\"description\":\"Gure gotzain Fernando Prado Ayusok gogorarazten digun bezala, aurtengo\u00a0Elizbarrutiaren Egunak, oso esanahi berezia du.\",\"breadcrumb\":{\"@id\":\"https:\/\/elizagipuzkoa.org\/eu\/dia-de-la-iglesia-diocesana-9-de-noviembre-tu-tambien-puedes-ser-santo\/#breadcrumb\"},\"inLanguage\":\"eu\",\"potentialAction\":[{\"@type\":\"ReadAction\",\"target\":[\"https:\/\/elizagipuzkoa.org\/eu\/dia-de-la-iglesia-diocesana-9-de-noviembre-tu-tambien-puedes-ser-santo\/\"]}]},{\"@type\":\"ImageObject\",\"inLanguage\":\"eu\",\"@id\":\"https:\/\/elizagipuzkoa.org\/eu\/dia-de-la-iglesia-diocesana-9-de-noviembre-tu-tambien-puedes-ser-santo\/#primaryimage\",\"url\":\"https:\/\/elizagipuzkoa.org\/wp-content\/uploads\/2025\/11\/Captura-de-pantalla-2025-11-06-131858.png\",\"contentUrl\":\"https:\/\/elizagipuzkoa.org\/wp-content\/uploads\/2025\/11\/Captura-de-pantalla-2025-11-06-131858.png\",\"width\":865,\"height\":205},{\"@type\":\"BreadcrumbList\",\"@id\":\"https:\/\/elizagipuzkoa.org\/eu\/dia-de-la-iglesia-diocesana-9-de-noviembre-tu-tambien-puedes-ser-santo\/#breadcrumb\",\"itemListElement\":[{\"@type\":\"ListItem\",\"position\":1,\"name\":\"Inicio\",\"item\":\"https:\/\/elizagipuzkoa.org\/eu\/\"},{\"@type\":\"ListItem\",\"position\":2,\"name\":\"Elizbarrutiaren Eguna (Azaroak 9): \u201cZu ere Santu izan zaitezke\u201d\"}]},{\"@type\":\"WebSite\",\"@id\":\"https:\/\/elizagipuzkoa.org\/eu\/#website\",\"url\":\"https:\/\/elizagipuzkoa.org\/eu\/\",\"name\":\"Di\u00f3cesis de San Sebasti\u00e1n\",\"description\":\"\",\"publisher\":{\"@id\":\"https:\/\/elizagipuzkoa.org\/eu\/#organization\"},\"potentialAction\":[{\"@type\":\"SearchAction\",\"target\":{\"@type\":\"EntryPoint\",\"urlTemplate\":\"https:\/\/elizagipuzkoa.org\/eu\/?s={search_term_string}\"},\"query-input\":{\"@type\":\"PropertyValueSpecification\",\"valueRequired\":true,\"valueName\":\"search_term_string\"}}],\"inLanguage\":\"eu\"},{\"@type\":\"Organization\",\"@id\":\"https:\/\/elizagipuzkoa.org\/eu\/#organization\",\"name\":\"Di\u00f3cesis de San Sebasti\u00e1n\",\"url\":\"https:\/\/elizagipuzkoa.org\/eu\/\",\"logo\":{\"@type\":\"ImageObject\",\"inLanguage\":\"eu\",\"@id\":\"https:\/\/elizagipuzkoa.org\/eu\/#\/schema\/logo\/image\/\",\"url\":\"https:\/\/elizagipuzkoa.org\/wp-content\/uploads\/2024\/02\/logo_transparente_250.png\",\"contentUrl\":\"https:\/\/elizagipuzkoa.org\/wp-content\/uploads\/2024\/02\/logo_transparente_250.png\",\"width\":250,\"height\":124,\"caption\":\"Di\u00f3cesis de San Sebasti\u00e1n\"},\"image\":{\"@id\":\"https:\/\/elizagipuzkoa.org\/eu\/#\/schema\/logo\/image\/\"},\"sameAs\":[\"https:\/\/www.facebook.com\/p\/Donostiako-ElizbarrutiaDicesis-de-San-Sebastin-100064874702840\/\",\"https:\/\/x.com\/diocesis_ss\",\"https:\/\/www.instagram.com\/diocesis_ss\/?hl=es\",\"https:\/\/www.youtube.com\/@DiocesisdeSanSebastian\",\"https:\/\/www.flickr.com\/photos\/133958253@N05\/albums\/\"]},{\"@type\":\"Person\",\"@id\":\"https:\/\/elizagipuzkoa.org\/eu\/#\/schema\/person\/d33380af7f6eaf564ae1ed5b8fb1e8a9\",\"name\":\"Ivan Benko\",\"image\":{\"@type\":\"ImageObject\",\"inLanguage\":\"eu\",\"@id\":\"https:\/\/elizagipuzkoa.org\/eu\/#\/schema\/person\/image\/\",\"url\":\"https:\/\/secure.gravatar.com\/avatar\/f90bd9f1506ff6ba69f5e66b32b211ab55afa300918f2b96b163f0336d4fcb10?s=96&d=mm&r=g\",\"contentUrl\":\"https:\/\/secure.gravatar.com\/avatar\/f90bd9f1506ff6ba69f5e66b32b211ab55afa300918f2b96b163f0336d4fcb10?s=96&d=mm&r=g\",\"caption\":\"Ivan Benko\"},\"url\":\"https:\/\/elizagipuzkoa.org\/eu\/author\/comunicacion\/\"}]}<\/script>\n<!-- \/ Yoast SEO plugin. -->","yoast_head_json":{"title":"Elizbarrutiaren Eguna (Azaroak 9): \u201cZu ere Santu izan zaitezke\u201d - Di\u00f3cesis de San Sebasti\u00e1n","description":"Gure gotzain Fernando Prado Ayusok gogorarazten digun bezala, aurtengo\u00a0Elizbarrutiaren Egunak, oso esanahi berezia du.","robots":{"index":"index","follow":"follow","max-snippet":"max-snippet:-1","max-image-preview":"max-image-preview:large","max-video-preview":"max-video-preview:-1"},"canonical":"https:\/\/elizagipuzkoa.org\/eu\/dia-de-la-iglesia-diocesana-9-de-noviembre-tu-tambien-puedes-ser-santo\/","og_locale":"en_US","og_type":"article","og_title":"Elizbarrutiaren Eguna (Azaroak 9): \u201cZu ere Santu izan zaitezke\u201d - Di\u00f3cesis de San Sebasti\u00e1n","og_description":"Gure gotzain Fernando Prado Ayusok gogorarazten digun bezala, aurtengo\u00a0Elizbarrutiaren Egunak, oso esanahi berezia du.","og_url":"https:\/\/elizagipuzkoa.org\/eu\/dia-de-la-iglesia-diocesana-9-de-noviembre-tu-tambien-puedes-ser-santo\/","og_site_name":"Di\u00f3cesis de San Sebasti\u00e1n","article_publisher":"https:\/\/www.facebook.com\/p\/Donostiako-ElizbarrutiaDicesis-de-San-Sebastin-100064874702840\/","article_published_time":"2025-11-03T13:48:14+00:00","article_modified_time":"2025-11-12T08:24:18+00:00","og_image":[{"width":865,"height":205,"url":"https:\/\/elizagipuzkoa.org\/wp-content\/uploads\/2025\/11\/Captura-de-pantalla-2025-11-06-131858.png","type":"image\/png"}],"author":"Ivan Benko","twitter_card":"summary_large_image","twitter_creator":"@diocesis_ss","twitter_site":"@diocesis_ss","twitter_misc":{"Written by":"Ivan Benko","Est. reading time":"2 minutua"},"schema":{"@context":"https:\/\/schema.org","@graph":[{"@type":"Article","@id":"https:\/\/elizagipuzkoa.org\/eu\/dia-de-la-iglesia-diocesana-9-de-noviembre-tu-tambien-puedes-ser-santo\/#article","isPartOf":{"@id":"https:\/\/elizagipuzkoa.org\/eu\/dia-de-la-iglesia-diocesana-9-de-noviembre-tu-tambien-puedes-ser-santo\/"},"author":{"name":"Ivan Benko","@id":"https:\/\/elizagipuzkoa.org\/eu\/#\/schema\/person\/d33380af7f6eaf564ae1ed5b8fb1e8a9"},"headline":"Elizbarrutiaren Eguna (Azaroak 9): \u201cZu ere Santu izan zaitezke\u201d","datePublished":"2025-11-03T13:48:14+00:00","dateModified":"2025-11-12T08:24:18+00:00","mainEntityOfPage":{"@id":"https:\/\/elizagipuzkoa.org\/eu\/dia-de-la-iglesia-diocesana-9-de-noviembre-tu-tambien-puedes-ser-santo\/"},"wordCount":316,"publisher":{"@id":"https:\/\/elizagipuzkoa.org\/eu\/#organization"},"image":{"@id":"https:\/\/elizagipuzkoa.org\/eu\/dia-de-la-iglesia-diocesana-9-de-noviembre-tu-tambien-puedes-ser-santo\/#primaryimage"},"thumbnailUrl":"https:\/\/elizagipuzkoa.org\/wp-content\/uploads\/2025\/11\/Captura-de-pantalla-2025-11-06-131858.png","articleSection":["Diocesis","Gaurkotasuna"],"inLanguage":"eu"},{"@type":"WebPage","@id":"https:\/\/elizagipuzkoa.org\/eu\/dia-de-la-iglesia-diocesana-9-de-noviembre-tu-tambien-puedes-ser-santo\/","url":"https:\/\/elizagipuzkoa.org\/eu\/dia-de-la-iglesia-diocesana-9-de-noviembre-tu-tambien-puedes-ser-santo\/","name":"Elizbarrutiaren Eguna (Azaroak 9): \u201cZu ere Santu izan zaitezke\u201d - Di\u00f3cesis de San Sebasti\u00e1n","isPartOf":{"@id":"https:\/\/elizagipuzkoa.org\/eu\/#website"},"primaryImageOfPage":{"@id":"https:\/\/elizagipuzkoa.org\/eu\/dia-de-la-iglesia-diocesana-9-de-noviembre-tu-tambien-puedes-ser-santo\/#primaryimage"},"image":{"@id":"https:\/\/elizagipuzkoa.org\/eu\/dia-de-la-iglesia-diocesana-9-de-noviembre-tu-tambien-puedes-ser-santo\/#primaryimage"},"thumbnailUrl":"https:\/\/elizagipuzkoa.org\/wp-content\/uploads\/2025\/11\/Captura-de-pantalla-2025-11-06-131858.png","datePublished":"2025-11-03T13:48:14+00:00","dateModified":"2025-11-12T08:24:18+00:00","description":"Gure gotzain Fernando Prado Ayusok gogorarazten digun bezala, aurtengo\u00a0Elizbarrutiaren Egunak, oso esanahi berezia du.","breadcrumb":{"@id":"https:\/\/elizagipuzkoa.org\/eu\/dia-de-la-iglesia-diocesana-9-de-noviembre-tu-tambien-puedes-ser-santo\/#breadcrumb"},"inLanguage":"eu","potentialAction":[{"@type":"ReadAction","target":["https:\/\/elizagipuzkoa.org\/eu\/dia-de-la-iglesia-diocesana-9-de-noviembre-tu-tambien-puedes-ser-santo\/"]}]},{"@type":"ImageObject","inLanguage":"eu","@id":"https:\/\/elizagipuzkoa.org\/eu\/dia-de-la-iglesia-diocesana-9-de-noviembre-tu-tambien-puedes-ser-santo\/#primaryimage","url":"https:\/\/elizagipuzkoa.org\/wp-content\/uploads\/2025\/11\/Captura-de-pantalla-2025-11-06-131858.png","contentUrl":"https:\/\/elizagipuzkoa.org\/wp-content\/uploads\/2025\/11\/Captura-de-pantalla-2025-11-06-131858.png","width":865,"height":205},{"@type":"BreadcrumbList","@id":"https:\/\/elizagipuzkoa.org\/eu\/dia-de-la-iglesia-diocesana-9-de-noviembre-tu-tambien-puedes-ser-santo\/#breadcrumb","itemListElement":[{"@type":"ListItem","position":1,"name":"Inicio","item":"https:\/\/elizagipuzkoa.org\/eu\/"},{"@type":"ListItem","position":2,"name":"Elizbarrutiaren Eguna (Azaroak 9): \u201cZu ere Santu izan zaitezke\u201d"}]},{"@type":"WebSite","@id":"https:\/\/elizagipuzkoa.org\/eu\/#website","url":"https:\/\/elizagipuzkoa.org\/eu\/","name":"Di\u00f3cesis de San Sebasti\u00e1n","description":"","publisher":{"@id":"https:\/\/elizagipuzkoa.org\/eu\/#organization"},"potentialAction":[{"@type":"SearchAction","target":{"@type":"EntryPoint","urlTemplate":"https:\/\/elizagipuzkoa.org\/eu\/?s={search_term_string}"},"query-input":{"@type":"PropertyValueSpecification","valueRequired":true,"valueName":"search_term_string"}}],"inLanguage":"eu"},{"@type":"Organization","@id":"https:\/\/elizagipuzkoa.org\/eu\/#organization","name":"Di\u00f3cesis de San Sebasti\u00e1n","url":"https:\/\/elizagipuzkoa.org\/eu\/","logo":{"@type":"ImageObject","inLanguage":"eu","@id":"https:\/\/elizagipuzkoa.org\/eu\/#\/schema\/logo\/image\/","url":"https:\/\/elizagipuzkoa.org\/wp-content\/uploads\/2024\/02\/logo_transparente_250.png","contentUrl":"https:\/\/elizagipuzkoa.org\/wp-content\/uploads\/2024\/02\/logo_transparente_250.png","width":250,"height":124,"caption":"Di\u00f3cesis de San Sebasti\u00e1n"},"image":{"@id":"https:\/\/elizagipuzkoa.org\/eu\/#\/schema\/logo\/image\/"},"sameAs":["https:\/\/www.facebook.com\/p\/Donostiako-ElizbarrutiaDicesis-de-San-Sebastin-100064874702840\/","https:\/\/x.com\/diocesis_ss","https:\/\/www.instagram.com\/diocesis_ss\/?hl=es","https:\/\/www.youtube.com\/@DiocesisdeSanSebastian","https:\/\/www.flickr.com\/photos\/133958253@N05\/albums\/"]},{"@type":"Person","@id":"https:\/\/elizagipuzkoa.org\/eu\/#\/schema\/person\/d33380af7f6eaf564ae1ed5b8fb1e8a9","name":"Ivan Benko","image":{"@type":"ImageObject","inLanguage":"eu","@id":"https:\/\/elizagipuzkoa.org\/eu\/#\/schema\/person\/image\/","url":"https:\/\/secure.gravatar.com\/avatar\/f90bd9f1506ff6ba69f5e66b32b211ab55afa300918f2b96b163f0336d4fcb10?s=96&d=mm&r=g","contentUrl":"https:\/\/secure.gravatar.com\/avatar\/f90bd9f1506ff6ba69f5e66b32b211ab55afa300918f2b96b163f0336d4fcb10?s=96&d=mm&r=g","caption":"Ivan Benko"},"url":"https:\/\/elizagipuzkoa.org\/eu\/author\/comunicacion\/"}]}},"_links":{"self":[{"href":"https:\/\/elizagipuzkoa.org\/eu\/wp-json\/wp\/v2\/posts\/49632","targetHints":{"allow":["GET"]}}],"collection":[{"href":"https:\/\/elizagipuzkoa.org\/eu\/wp-json\/wp\/v2\/posts"}],"about":[{"href":"https:\/\/elizagipuzkoa.org\/eu\/wp-json\/wp\/v2\/types\/post"}],"author":[{"embeddable":true,"href":"https:\/\/elizagipuzkoa.org\/eu\/wp-json\/wp\/v2\/users\/3"}],"replies":[{"embeddable":true,"href":"https:\/\/elizagipuzkoa.org\/eu\/wp-json\/wp\/v2\/comments?post=49632"}],"version-history":[{"count":7,"href":"https:\/\/elizagipuzkoa.org\/eu\/wp-json\/wp\/v2\/posts\/49632\/revisions"}],"predecessor-version":[{"id":50125,"href":"https:\/\/elizagipuzkoa.org\/eu\/wp-json\/wp\/v2\/posts\/49632\/revisions\/50125"}],"wp:featuredmedia":[{"embeddable":true,"href":"https:\/\/elizagipuzkoa.org\/eu\/wp-json\/wp\/v2\/media\/49843"}],"wp:attachment":[{"href":"https:\/\/elizagipuzkoa.org\/eu\/wp-json\/wp\/v2\/media?parent=49632"}],"wp:term":[{"taxonomy":"category","embeddable":true,"href":"https:\/\/elizagipuzkoa.org\/eu\/wp-json\/wp\/v2\/categories?post=49632"},{"taxonomy":"post_tag","embeddable":true,"href":"https:\/\/elizagipuzkoa.org\/eu\/wp-json\/wp\/v2\/tags?post=49632"}],"curies":[{"name":"wp","href":"https:\/\/api.w.org\/{rel}","templated":true}]}}