{"id":51460,"date":"2025-12-05T09:16:23","date_gmt":"2025-12-05T08:16:23","guid":{"rendered":"https:\/\/elizagipuzkoa.org\/estreno-musical-en-la-parroquia-de-legazpi-con-la-nueva-obra-de-oier-gaston\/"},"modified":"2025-12-05T09:21:28","modified_gmt":"2025-12-05T08:21:28","slug":"estreno-musical-en-la-parroquia-de-legazpi-con-la-nueva-obra-de-oier-gaston","status":"publish","type":"post","link":"https:\/\/elizagipuzkoa.org\/eu\/estreno-musical-en-la-parroquia-de-legazpi-con-la-nueva-obra-de-oier-gaston\/","title":{"rendered":"Oier Gastonen obra berriarekin estreinaldi musikala Legazpiko parrokian"},"content":{"rendered":"<p>Legazpiko parrokian, arratsaldeko mezaren ostean, &#8216;AO D\u00fao&#8217; taldea protagonista izango den hitzordu kulturala ospatuko da. Ekitaldiak garrantzi berezia hartzen du &#8216;Sonate pour Grand Orgue en r\u00e9 mineur&#8217; lanaren erabateko estreinaldiagatik, Urretxuko organista titularra den Oier Gastonek herriko organorako espresuki konposatutako pieza. Lanak hiru mugimendu izango ditu \u2014 Allegro Assai, Adagio Cantabile eta Vivace Brillante \u2014 eta tenpluko instrumentuaren sonoritatea nabarmentzeko diseinatutako gaualdi baten ardatz nagusia izango da.<\/p>\n<p>Errezitaldian Alison Fernandez, Donostiako Kontserbatorioko 15 urteko soprano donostiar gazteak ere parte hartuko du. Gastonek bere lagunaren ahots-kalitate ikaragarria nabarmendu du, eta berarekin abesti ezagun ugari biltzen dituen errepertorio askotarikoa interpretatuko du, musika klasikoa eta liturgikoa publiko zabalarengana hurbilduz. Belaunaldien arteko lankidetza horri esker, kontzertua asteburuko kultur agendaren ezinbesteko geldialdietako bat da udalerrian.<\/p>\n<p>Argazkia: DV<\/p>\n","protected":false},"excerpt":{"rendered":"<p>Legazpiko parrokian, arratsaldeko mezaren ostean, &#8216;AO D\u00fao&#8217; taldea protagonista izango den hitzordu kulturala ospatuko da. Ekitaldiak garrantzi berezia hartzen du &#8216;Sonate pour Grand Orgue en [&#8230;]<\/p>\n","protected":false},"author":6,"featured_media":51458,"comment_status":"closed","ping_status":"closed","sticky":false,"template":"","format":"standard","meta":{"_price":"","_stock":"","_tribe_ticket_header":"","_tribe_default_ticket_provider":"","_tribe_ticket_capacity":"0","_ticket_start_date":"","_ticket_end_date":"","_tribe_ticket_show_description":"","_tribe_ticket_show_not_going":false,"_tribe_ticket_use_global_stock":"","_tribe_ticket_global_stock_level":"","_global_stock_mode":"","_global_stock_cap":"","_tribe_rsvp_for_event":"","_tribe_ticket_going_count":"","_tribe_ticket_not_going_count":"","_tribe_tickets_list":"[]","_tribe_ticket_has_attendee_info_fields":false,"footnotes":""},"categories":[236],"tags":[],"class_list":["post-51460","post","type-post","status-publish","format-standard","has-post-thumbnail","hentry","category-parrokiak"],"yoast_head":"<!-- This site is optimized with the Yoast SEO plugin v26.9 - https:\/\/yoast.com\/product\/yoast-seo-wordpress\/ -->\n<title>Oier Gastonen obra berriarekin estreinaldi musikala Legazpiko parrokian - Di\u00f3cesis de San Sebasti\u00e1n<\/title>\n<meta name=\"robots\" content=\"index, follow, max-snippet:-1, max-image-preview:large, max-video-preview:-1\" \/>\n<link rel=\"canonical\" href=\"https:\/\/elizagipuzkoa.org\/eu\/estreno-musical-en-la-parroquia-de-legazpi-con-la-nueva-obra-de-oier-gaston\/\" \/>\n<meta property=\"og:locale\" content=\"en_US\" \/>\n<meta property=\"og:type\" content=\"article\" \/>\n<meta property=\"og:title\" content=\"Oier Gastonen obra berriarekin estreinaldi musikala Legazpiko parrokian - Di\u00f3cesis de San Sebasti\u00e1n\" \/>\n<meta property=\"og:description\" content=\"Legazpiko parrokian, arratsaldeko mezaren ostean, &#8216;AO D\u00fao&#8217; taldea protagonista izango den hitzordu kulturala ospatuko da. Ekitaldiak garrantzi berezia hartzen du &#8216;Sonate pour Grand Orgue en [...]\" \/>\n<meta property=\"og:url\" content=\"https:\/\/elizagipuzkoa.org\/eu\/estreno-musical-en-la-parroquia-de-legazpi-con-la-nueva-obra-de-oier-gaston\/\" \/>\n<meta property=\"og:site_name\" content=\"Di\u00f3cesis de San Sebasti\u00e1n\" \/>\n<meta property=\"article:publisher\" content=\"https:\/\/www.facebook.com\/p\/Donostiako-ElizbarrutiaDicesis-de-San-Sebastin-100064874702840\/\" \/>\n<meta property=\"article:published_time\" content=\"2025-12-05T08:16:23+00:00\" \/>\n<meta property=\"article:modified_time\" content=\"2025-12-05T08:21:28+00:00\" \/>\n<meta property=\"og:image\" content=\"https:\/\/elizagipuzkoa.org\/wp-content\/uploads\/2025\/12\/Oier-Gaston_Alison-Fernandez.png\" \/>\n\t<meta property=\"og:image:width\" content=\"737\" \/>\n\t<meta property=\"og:image:height\" content=\"517\" \/>\n\t<meta property=\"og:image:type\" content=\"image\/png\" \/>\n<meta name=\"author\" content=\"Imanol Irigoien\" \/>\n<meta name=\"twitter:card\" content=\"summary_large_image\" \/>\n<meta name=\"twitter:creator\" content=\"@diocesis_ss\" \/>\n<meta name=\"twitter:site\" content=\"@diocesis_ss\" \/>\n<meta name=\"twitter:label1\" content=\"Written by\" \/>\n\t<meta name=\"twitter:data1\" content=\"Imanol Irigoien\" \/>\n\t<meta name=\"twitter:label2\" content=\"Est. reading time\" \/>\n\t<meta name=\"twitter:data2\" content=\"1 minutua\" \/>\n<script type=\"application\/ld+json\" class=\"yoast-schema-graph\">{\"@context\":\"https:\/\/schema.org\",\"@graph\":[{\"@type\":\"Article\",\"@id\":\"https:\/\/elizagipuzkoa.org\/eu\/estreno-musical-en-la-parroquia-de-legazpi-con-la-nueva-obra-de-oier-gaston\/#article\",\"isPartOf\":{\"@id\":\"https:\/\/elizagipuzkoa.org\/eu\/estreno-musical-en-la-parroquia-de-legazpi-con-la-nueva-obra-de-oier-gaston\/\"},\"author\":{\"name\":\"Imanol Irigoien\",\"@id\":\"https:\/\/elizagipuzkoa.org\/eu\/#\/schema\/person\/26e5458eed088cbb44f02fc40ebae39d\"},\"headline\":\"Oier Gastonen obra berriarekin estreinaldi musikala Legazpiko parrokian\",\"datePublished\":\"2025-12-05T08:16:23+00:00\",\"dateModified\":\"2025-12-05T08:21:28+00:00\",\"mainEntityOfPage\":{\"@id\":\"https:\/\/elizagipuzkoa.org\/eu\/estreno-musical-en-la-parroquia-de-legazpi-con-la-nueva-obra-de-oier-gaston\/\"},\"wordCount\":128,\"publisher\":{\"@id\":\"https:\/\/elizagipuzkoa.org\/eu\/#organization\"},\"image\":{\"@id\":\"https:\/\/elizagipuzkoa.org\/eu\/estreno-musical-en-la-parroquia-de-legazpi-con-la-nueva-obra-de-oier-gaston\/#primaryimage\"},\"thumbnailUrl\":\"https:\/\/elizagipuzkoa.org\/wp-content\/uploads\/2025\/12\/Oier-Gaston_Alison-Fernandez.png\",\"articleSection\":[\"Parrokiak\"],\"inLanguage\":\"eu\"},{\"@type\":\"WebPage\",\"@id\":\"https:\/\/elizagipuzkoa.org\/eu\/estreno-musical-en-la-parroquia-de-legazpi-con-la-nueva-obra-de-oier-gaston\/\",\"url\":\"https:\/\/elizagipuzkoa.org\/eu\/estreno-musical-en-la-parroquia-de-legazpi-con-la-nueva-obra-de-oier-gaston\/\",\"name\":\"Oier Gastonen obra berriarekin estreinaldi musikala Legazpiko parrokian - Di\u00f3cesis de San Sebasti\u00e1n\",\"isPartOf\":{\"@id\":\"https:\/\/elizagipuzkoa.org\/eu\/#website\"},\"primaryImageOfPage\":{\"@id\":\"https:\/\/elizagipuzkoa.org\/eu\/estreno-musical-en-la-parroquia-de-legazpi-con-la-nueva-obra-de-oier-gaston\/#primaryimage\"},\"image\":{\"@id\":\"https:\/\/elizagipuzkoa.org\/eu\/estreno-musical-en-la-parroquia-de-legazpi-con-la-nueva-obra-de-oier-gaston\/#primaryimage\"},\"thumbnailUrl\":\"https:\/\/elizagipuzkoa.org\/wp-content\/uploads\/2025\/12\/Oier-Gaston_Alison-Fernandez.png\",\"datePublished\":\"2025-12-05T08:16:23+00:00\",\"dateModified\":\"2025-12-05T08:21:28+00:00\",\"breadcrumb\":{\"@id\":\"https:\/\/elizagipuzkoa.org\/eu\/estreno-musical-en-la-parroquia-de-legazpi-con-la-nueva-obra-de-oier-gaston\/#breadcrumb\"},\"inLanguage\":\"eu\",\"potentialAction\":[{\"@type\":\"ReadAction\",\"target\":[\"https:\/\/elizagipuzkoa.org\/eu\/estreno-musical-en-la-parroquia-de-legazpi-con-la-nueva-obra-de-oier-gaston\/\"]}]},{\"@type\":\"ImageObject\",\"inLanguage\":\"eu\",\"@id\":\"https:\/\/elizagipuzkoa.org\/eu\/estreno-musical-en-la-parroquia-de-legazpi-con-la-nueva-obra-de-oier-gaston\/#primaryimage\",\"url\":\"https:\/\/elizagipuzkoa.org\/wp-content\/uploads\/2025\/12\/Oier-Gaston_Alison-Fernandez.png\",\"contentUrl\":\"https:\/\/elizagipuzkoa.org\/wp-content\/uploads\/2025\/12\/Oier-Gaston_Alison-Fernandez.png\",\"width\":737,\"height\":517},{\"@type\":\"BreadcrumbList\",\"@id\":\"https:\/\/elizagipuzkoa.org\/eu\/estreno-musical-en-la-parroquia-de-legazpi-con-la-nueva-obra-de-oier-gaston\/#breadcrumb\",\"itemListElement\":[{\"@type\":\"ListItem\",\"position\":1,\"name\":\"Inicio\",\"item\":\"https:\/\/elizagipuzkoa.org\/eu\/\"},{\"@type\":\"ListItem\",\"position\":2,\"name\":\"Oier Gastonen obra berriarekin estreinaldi musikala Legazpiko parrokian\"}]},{\"@type\":\"WebSite\",\"@id\":\"https:\/\/elizagipuzkoa.org\/eu\/#website\",\"url\":\"https:\/\/elizagipuzkoa.org\/eu\/\",\"name\":\"Di\u00f3cesis de San Sebasti\u00e1n\",\"description\":\"\",\"publisher\":{\"@id\":\"https:\/\/elizagipuzkoa.org\/eu\/#organization\"},\"potentialAction\":[{\"@type\":\"SearchAction\",\"target\":{\"@type\":\"EntryPoint\",\"urlTemplate\":\"https:\/\/elizagipuzkoa.org\/eu\/?s={search_term_string}\"},\"query-input\":{\"@type\":\"PropertyValueSpecification\",\"valueRequired\":true,\"valueName\":\"search_term_string\"}}],\"inLanguage\":\"eu\"},{\"@type\":\"Organization\",\"@id\":\"https:\/\/elizagipuzkoa.org\/eu\/#organization\",\"name\":\"Di\u00f3cesis de San Sebasti\u00e1n\",\"url\":\"https:\/\/elizagipuzkoa.org\/eu\/\",\"logo\":{\"@type\":\"ImageObject\",\"inLanguage\":\"eu\",\"@id\":\"https:\/\/elizagipuzkoa.org\/eu\/#\/schema\/logo\/image\/\",\"url\":\"https:\/\/elizagipuzkoa.org\/wp-content\/uploads\/2024\/02\/logo_transparente_250.png\",\"contentUrl\":\"https:\/\/elizagipuzkoa.org\/wp-content\/uploads\/2024\/02\/logo_transparente_250.png\",\"width\":250,\"height\":124,\"caption\":\"Di\u00f3cesis de San Sebasti\u00e1n\"},\"image\":{\"@id\":\"https:\/\/elizagipuzkoa.org\/eu\/#\/schema\/logo\/image\/\"},\"sameAs\":[\"https:\/\/www.facebook.com\/p\/Donostiako-ElizbarrutiaDicesis-de-San-Sebastin-100064874702840\/\",\"https:\/\/x.com\/diocesis_ss\",\"https:\/\/www.instagram.com\/diocesis_ss\/?hl=es\",\"https:\/\/www.youtube.com\/@DiocesisdeSanSebastian\",\"https:\/\/www.flickr.com\/photos\/133958253@N05\/albums\/\"]},{\"@type\":\"Person\",\"@id\":\"https:\/\/elizagipuzkoa.org\/eu\/#\/schema\/person\/26e5458eed088cbb44f02fc40ebae39d\",\"name\":\"Imanol Irigoien\",\"image\":{\"@type\":\"ImageObject\",\"inLanguage\":\"eu\",\"@id\":\"https:\/\/elizagipuzkoa.org\/eu\/#\/schema\/person\/image\/\",\"url\":\"https:\/\/secure.gravatar.com\/avatar\/8b717de42f09ebc8db0f13d1a09d81afc446aee6f278599d9ec62bf0db12797c?s=96&d=mm&r=g\",\"contentUrl\":\"https:\/\/secure.gravatar.com\/avatar\/8b717de42f09ebc8db0f13d1a09d81afc446aee6f278599d9ec62bf0db12797c?s=96&d=mm&r=g\",\"caption\":\"Imanol Irigoien\"},\"url\":\"https:\/\/elizagipuzkoa.org\/eu\/author\/imanolirigoien\/\"}]}<\/script>\n<!-- \/ Yoast SEO plugin. -->","yoast_head_json":{"title":"Oier Gastonen obra berriarekin estreinaldi musikala Legazpiko parrokian - Di\u00f3cesis de San Sebasti\u00e1n","robots":{"index":"index","follow":"follow","max-snippet":"max-snippet:-1","max-image-preview":"max-image-preview:large","max-video-preview":"max-video-preview:-1"},"canonical":"https:\/\/elizagipuzkoa.org\/eu\/estreno-musical-en-la-parroquia-de-legazpi-con-la-nueva-obra-de-oier-gaston\/","og_locale":"en_US","og_type":"article","og_title":"Oier Gastonen obra berriarekin estreinaldi musikala Legazpiko parrokian - Di\u00f3cesis de San Sebasti\u00e1n","og_description":"Legazpiko parrokian, arratsaldeko mezaren ostean, &#8216;AO D\u00fao&#8217; taldea protagonista izango den hitzordu kulturala ospatuko da. Ekitaldiak garrantzi berezia hartzen du &#8216;Sonate pour Grand Orgue en [...]","og_url":"https:\/\/elizagipuzkoa.org\/eu\/estreno-musical-en-la-parroquia-de-legazpi-con-la-nueva-obra-de-oier-gaston\/","og_site_name":"Di\u00f3cesis de San Sebasti\u00e1n","article_publisher":"https:\/\/www.facebook.com\/p\/Donostiako-ElizbarrutiaDicesis-de-San-Sebastin-100064874702840\/","article_published_time":"2025-12-05T08:16:23+00:00","article_modified_time":"2025-12-05T08:21:28+00:00","og_image":[{"width":737,"height":517,"url":"https:\/\/elizagipuzkoa.org\/wp-content\/uploads\/2025\/12\/Oier-Gaston_Alison-Fernandez.png","type":"image\/png"}],"author":"Imanol Irigoien","twitter_card":"summary_large_image","twitter_creator":"@diocesis_ss","twitter_site":"@diocesis_ss","twitter_misc":{"Written by":"Imanol Irigoien","Est. reading time":"1 minutua"},"schema":{"@context":"https:\/\/schema.org","@graph":[{"@type":"Article","@id":"https:\/\/elizagipuzkoa.org\/eu\/estreno-musical-en-la-parroquia-de-legazpi-con-la-nueva-obra-de-oier-gaston\/#article","isPartOf":{"@id":"https:\/\/elizagipuzkoa.org\/eu\/estreno-musical-en-la-parroquia-de-legazpi-con-la-nueva-obra-de-oier-gaston\/"},"author":{"name":"Imanol Irigoien","@id":"https:\/\/elizagipuzkoa.org\/eu\/#\/schema\/person\/26e5458eed088cbb44f02fc40ebae39d"},"headline":"Oier Gastonen obra berriarekin estreinaldi musikala Legazpiko parrokian","datePublished":"2025-12-05T08:16:23+00:00","dateModified":"2025-12-05T08:21:28+00:00","mainEntityOfPage":{"@id":"https:\/\/elizagipuzkoa.org\/eu\/estreno-musical-en-la-parroquia-de-legazpi-con-la-nueva-obra-de-oier-gaston\/"},"wordCount":128,"publisher":{"@id":"https:\/\/elizagipuzkoa.org\/eu\/#organization"},"image":{"@id":"https:\/\/elizagipuzkoa.org\/eu\/estreno-musical-en-la-parroquia-de-legazpi-con-la-nueva-obra-de-oier-gaston\/#primaryimage"},"thumbnailUrl":"https:\/\/elizagipuzkoa.org\/wp-content\/uploads\/2025\/12\/Oier-Gaston_Alison-Fernandez.png","articleSection":["Parrokiak"],"inLanguage":"eu"},{"@type":"WebPage","@id":"https:\/\/elizagipuzkoa.org\/eu\/estreno-musical-en-la-parroquia-de-legazpi-con-la-nueva-obra-de-oier-gaston\/","url":"https:\/\/elizagipuzkoa.org\/eu\/estreno-musical-en-la-parroquia-de-legazpi-con-la-nueva-obra-de-oier-gaston\/","name":"Oier Gastonen obra berriarekin estreinaldi musikala Legazpiko parrokian - Di\u00f3cesis de San Sebasti\u00e1n","isPartOf":{"@id":"https:\/\/elizagipuzkoa.org\/eu\/#website"},"primaryImageOfPage":{"@id":"https:\/\/elizagipuzkoa.org\/eu\/estreno-musical-en-la-parroquia-de-legazpi-con-la-nueva-obra-de-oier-gaston\/#primaryimage"},"image":{"@id":"https:\/\/elizagipuzkoa.org\/eu\/estreno-musical-en-la-parroquia-de-legazpi-con-la-nueva-obra-de-oier-gaston\/#primaryimage"},"thumbnailUrl":"https:\/\/elizagipuzkoa.org\/wp-content\/uploads\/2025\/12\/Oier-Gaston_Alison-Fernandez.png","datePublished":"2025-12-05T08:16:23+00:00","dateModified":"2025-12-05T08:21:28+00:00","breadcrumb":{"@id":"https:\/\/elizagipuzkoa.org\/eu\/estreno-musical-en-la-parroquia-de-legazpi-con-la-nueva-obra-de-oier-gaston\/#breadcrumb"},"inLanguage":"eu","potentialAction":[{"@type":"ReadAction","target":["https:\/\/elizagipuzkoa.org\/eu\/estreno-musical-en-la-parroquia-de-legazpi-con-la-nueva-obra-de-oier-gaston\/"]}]},{"@type":"ImageObject","inLanguage":"eu","@id":"https:\/\/elizagipuzkoa.org\/eu\/estreno-musical-en-la-parroquia-de-legazpi-con-la-nueva-obra-de-oier-gaston\/#primaryimage","url":"https:\/\/elizagipuzkoa.org\/wp-content\/uploads\/2025\/12\/Oier-Gaston_Alison-Fernandez.png","contentUrl":"https:\/\/elizagipuzkoa.org\/wp-content\/uploads\/2025\/12\/Oier-Gaston_Alison-Fernandez.png","width":737,"height":517},{"@type":"BreadcrumbList","@id":"https:\/\/elizagipuzkoa.org\/eu\/estreno-musical-en-la-parroquia-de-legazpi-con-la-nueva-obra-de-oier-gaston\/#breadcrumb","itemListElement":[{"@type":"ListItem","position":1,"name":"Inicio","item":"https:\/\/elizagipuzkoa.org\/eu\/"},{"@type":"ListItem","position":2,"name":"Oier Gastonen obra berriarekin estreinaldi musikala Legazpiko parrokian"}]},{"@type":"WebSite","@id":"https:\/\/elizagipuzkoa.org\/eu\/#website","url":"https:\/\/elizagipuzkoa.org\/eu\/","name":"Di\u00f3cesis de San Sebasti\u00e1n","description":"","publisher":{"@id":"https:\/\/elizagipuzkoa.org\/eu\/#organization"},"potentialAction":[{"@type":"SearchAction","target":{"@type":"EntryPoint","urlTemplate":"https:\/\/elizagipuzkoa.org\/eu\/?s={search_term_string}"},"query-input":{"@type":"PropertyValueSpecification","valueRequired":true,"valueName":"search_term_string"}}],"inLanguage":"eu"},{"@type":"Organization","@id":"https:\/\/elizagipuzkoa.org\/eu\/#organization","name":"Di\u00f3cesis de San Sebasti\u00e1n","url":"https:\/\/elizagipuzkoa.org\/eu\/","logo":{"@type":"ImageObject","inLanguage":"eu","@id":"https:\/\/elizagipuzkoa.org\/eu\/#\/schema\/logo\/image\/","url":"https:\/\/elizagipuzkoa.org\/wp-content\/uploads\/2024\/02\/logo_transparente_250.png","contentUrl":"https:\/\/elizagipuzkoa.org\/wp-content\/uploads\/2024\/02\/logo_transparente_250.png","width":250,"height":124,"caption":"Di\u00f3cesis de San Sebasti\u00e1n"},"image":{"@id":"https:\/\/elizagipuzkoa.org\/eu\/#\/schema\/logo\/image\/"},"sameAs":["https:\/\/www.facebook.com\/p\/Donostiako-ElizbarrutiaDicesis-de-San-Sebastin-100064874702840\/","https:\/\/x.com\/diocesis_ss","https:\/\/www.instagram.com\/diocesis_ss\/?hl=es","https:\/\/www.youtube.com\/@DiocesisdeSanSebastian","https:\/\/www.flickr.com\/photos\/133958253@N05\/albums\/"]},{"@type":"Person","@id":"https:\/\/elizagipuzkoa.org\/eu\/#\/schema\/person\/26e5458eed088cbb44f02fc40ebae39d","name":"Imanol Irigoien","image":{"@type":"ImageObject","inLanguage":"eu","@id":"https:\/\/elizagipuzkoa.org\/eu\/#\/schema\/person\/image\/","url":"https:\/\/secure.gravatar.com\/avatar\/8b717de42f09ebc8db0f13d1a09d81afc446aee6f278599d9ec62bf0db12797c?s=96&d=mm&r=g","contentUrl":"https:\/\/secure.gravatar.com\/avatar\/8b717de42f09ebc8db0f13d1a09d81afc446aee6f278599d9ec62bf0db12797c?s=96&d=mm&r=g","caption":"Imanol Irigoien"},"url":"https:\/\/elizagipuzkoa.org\/eu\/author\/imanolirigoien\/"}]}},"_links":{"self":[{"href":"https:\/\/elizagipuzkoa.org\/eu\/wp-json\/wp\/v2\/posts\/51460","targetHints":{"allow":["GET"]}}],"collection":[{"href":"https:\/\/elizagipuzkoa.org\/eu\/wp-json\/wp\/v2\/posts"}],"about":[{"href":"https:\/\/elizagipuzkoa.org\/eu\/wp-json\/wp\/v2\/types\/post"}],"author":[{"embeddable":true,"href":"https:\/\/elizagipuzkoa.org\/eu\/wp-json\/wp\/v2\/users\/6"}],"replies":[{"embeddable":true,"href":"https:\/\/elizagipuzkoa.org\/eu\/wp-json\/wp\/v2\/comments?post=51460"}],"version-history":[{"count":1,"href":"https:\/\/elizagipuzkoa.org\/eu\/wp-json\/wp\/v2\/posts\/51460\/revisions"}],"predecessor-version":[{"id":51461,"href":"https:\/\/elizagipuzkoa.org\/eu\/wp-json\/wp\/v2\/posts\/51460\/revisions\/51461"}],"wp:featuredmedia":[{"embeddable":true,"href":"https:\/\/elizagipuzkoa.org\/eu\/wp-json\/wp\/v2\/media\/51458"}],"wp:attachment":[{"href":"https:\/\/elizagipuzkoa.org\/eu\/wp-json\/wp\/v2\/media?parent=51460"}],"wp:term":[{"taxonomy":"category","embeddable":true,"href":"https:\/\/elizagipuzkoa.org\/eu\/wp-json\/wp\/v2\/categories?post=51460"},{"taxonomy":"post_tag","embeddable":true,"href":"https:\/\/elizagipuzkoa.org\/eu\/wp-json\/wp\/v2\/tags?post=51460"}],"curies":[{"name":"wp","href":"https:\/\/api.w.org\/{rel}","templated":true}]}}