{"id":55820,"date":"2026-03-12T08:49:49","date_gmt":"2026-03-12T07:49:49","guid":{"rendered":"https:\/\/elizagipuzkoa.org\/24-horas-para-el-senor-2\/"},"modified":"2026-03-12T08:54:19","modified_gmt":"2026-03-12T07:54:19","slug":"24-horas-para-el-senor-2","status":"publish","type":"post","link":"https:\/\/elizagipuzkoa.org\/eu\/24-horas-para-el-senor-2\/","title":{"rendered":"24 ordu Jaunarentzat"},"content":{"rendered":"<p>Martxoan, urteroko legez, Frantzisko Aita Santuak Garizumako gurtza eta aitorpen garai bezala bultzatu zituen,\u00a0<strong>\u201c24 ordu Jaunarentzat\u201d<\/strong>\u00a0ospatuko da.<\/p>\n<p>\u201cMundua salbatzeko etorri naiz\u201d (cfr. Jn 12,47) da aurten leloa, eta bereziki gogoan izango da munduko bakearen aldeko otoitza, eta gure elizbarrutiko bokazioen aldeko otoitza.<\/p>\n<p>Urtero bezala,\u00a0<strong>\u201c24 ordu Jaunarekin\u201d<\/strong>\u00a0Artzain Onan ospatuko da; katedrala 24 orduz egongo da zabalik. Gauean, sarrera, Ate Santutik izango da.<\/p>\n<p>Ospakizunak, Meza Santuaren (19:00etan) eskutik, martxoaren 13an, ostirala, \u00a0hasiko dira. Martxoaren 14an, larunbata, Garizumako IV. Igandeko arratsaldeko Mezarekin (19:00etan) emango zaio amaiera.<\/p>\n<p>Gurtza Eukaristikoan zehar, hainbat apaiz, nahi duenarentzat, konfesatzeko prest egongo dira.<\/p>\n<p>Gutiok parte hartzera deituak gaude, eta Jainkoari eskerrak ematen dizkiogu, Jesukristoren dohaina, gure Bakea, Eukaristian izateagatik.<\/p>\n<p>&nbsp;<\/p>\n<p><img loading=\"lazy\" decoding=\"async\" class=\"alignnone wp-image-55813\" src=\"https:\/\/elizagipuzkoa.org\/wp-content\/uploads\/2026\/03\/24-horas-Senor-1-212x300.jpg\" alt=\"\" width=\"589\" height=\"834\" srcset=\"https:\/\/elizagipuzkoa.org\/wp-content\/uploads\/2026\/03\/24-horas-Senor-1-212x300.jpg 212w, https:\/\/elizagipuzkoa.org\/wp-content\/uploads\/2026\/03\/24-horas-Senor-1-724x1024.jpg 724w, https:\/\/elizagipuzkoa.org\/wp-content\/uploads\/2026\/03\/24-horas-Senor-1-768x1086.jpg 768w, https:\/\/elizagipuzkoa.org\/wp-content\/uploads\/2026\/03\/24-horas-Senor-1-1086x1536.jpg 1086w, https:\/\/elizagipuzkoa.org\/wp-content\/uploads\/2026\/03\/24-horas-Senor-1-420x594.jpg 420w, https:\/\/elizagipuzkoa.org\/wp-content\/uploads\/2026\/03\/24-horas-Senor-1-452x640.jpg 452w, https:\/\/elizagipuzkoa.org\/wp-content\/uploads\/2026\/03\/24-horas-Senor-1.jpg 1131w\" sizes=\"auto, (max-width: 589px) 100vw, 589px\" \/><\/p>\n","protected":false},"excerpt":{"rendered":"<p>Martxoan, urteroko legez, Frantzisko Aita Santuak Garizumako gurtza eta aitorpen garai bezala bultzatu zituen,\u00a0\u201c24 ordu Jaunarentzat\u201d\u00a0ospatuko da. \u201cMundua salbatzeko etorri naiz\u201d (cfr. Jn 12,47) da [&#8230;]<\/p>\n","protected":false},"author":6,"featured_media":55816,"comment_status":"closed","ping_status":"closed","sticky":false,"template":"","format":"standard","meta":{"_price":"","_stock":"","_tribe_ticket_header":"","_tribe_default_ticket_provider":"","_tribe_ticket_capacity":"0","_ticket_start_date":"","_ticket_end_date":"","_tribe_ticket_show_description":"","_tribe_ticket_show_not_going":false,"_tribe_ticket_use_global_stock":"","_tribe_ticket_global_stock_level":"","_global_stock_mode":"","_global_stock_cap":"","_tribe_rsvp_for_event":"","_tribe_ticket_going_count":"","_tribe_ticket_not_going_count":"","_tribe_tickets_list":"[]","_tribe_ticket_has_attendee_info_fields":false,"footnotes":""},"categories":[179,162],"tags":[],"class_list":["post-55820","post","type-post","status-publish","format-standard","has-post-thumbnail","hentry","category-elizbarrutia","category-gaurkotasuna"],"yoast_head":"<!-- This site is optimized with the Yoast SEO plugin v26.9 - https:\/\/yoast.com\/product\/yoast-seo-wordpress\/ -->\n<title>24 ordu Jaunarentzat - Di\u00f3cesis de San Sebasti\u00e1n<\/title>\n<meta name=\"description\" content=\"Como cada a\u00f1o en el mes de \u00a0marzo se celebrar\u00e1n las llamadas\u00a0\u201c24 horas para el Se\u00f1or\u201d\u00a0que el Papa Francisco impuls\u00f3 como tiempo de adoraci\u00f3n y confesi\u00f3n en la Cuaresma.Este a\u00f1o el lema es \u201cHe venido para salvar al mundo\u201d (cfr. Jn 12,47) y se tendr\u00e1 especialmente presente\u00a0la oraci\u00f3n por la Paz en el mundo y por las vocaciones en nuestra di\u00f3cesis.Como cada a\u00f1o, las\u00a0\u201c24 horas para el Se\u00f1or\u201d\u00a0tendr\u00e1n lugar en la catedral del Buen Pastor, que permanecer\u00e1 abierta las 24 horas. Por la noche, la entrada se habilitar\u00e1 desde la Puerta Santa.\" \/>\n<meta name=\"robots\" content=\"index, follow, max-snippet:-1, max-image-preview:large, max-video-preview:-1\" \/>\n<link rel=\"canonical\" href=\"https:\/\/elizagipuzkoa.org\/eu\/24-horas-para-el-senor-2\/\" \/>\n<meta property=\"og:locale\" content=\"en_US\" \/>\n<meta property=\"og:type\" content=\"article\" \/>\n<meta property=\"og:title\" content=\"24 ordu Jaunarentzat - Di\u00f3cesis de San Sebasti\u00e1n\" \/>\n<meta property=\"og:description\" content=\"Como cada a\u00f1o en el mes de \u00a0marzo se celebrar\u00e1n las llamadas\u00a0\u201c24 horas para el Se\u00f1or\u201d\u00a0que el Papa Francisco impuls\u00f3 como tiempo de adoraci\u00f3n y confesi\u00f3n en la Cuaresma.Este a\u00f1o el lema es \u201cHe venido para salvar al mundo\u201d (cfr. Jn 12,47) y se tendr\u00e1 especialmente presente\u00a0la oraci\u00f3n por la Paz en el mundo y por las vocaciones en nuestra di\u00f3cesis.Como cada a\u00f1o, las\u00a0\u201c24 horas para el Se\u00f1or\u201d\u00a0tendr\u00e1n lugar en la catedral del Buen Pastor, que permanecer\u00e1 abierta las 24 horas. Por la noche, la entrada se habilitar\u00e1 desde la Puerta Santa.\" \/>\n<meta property=\"og:url\" content=\"https:\/\/elizagipuzkoa.org\/eu\/24-horas-para-el-senor-2\/\" \/>\n<meta property=\"og:site_name\" content=\"Di\u00f3cesis de San Sebasti\u00e1n\" \/>\n<meta property=\"article:publisher\" content=\"https:\/\/www.facebook.com\/p\/Donostiako-ElizbarrutiaDicesis-de-San-Sebastin-100064874702840\/\" \/>\n<meta property=\"article:published_time\" content=\"2026-03-12T07:49:49+00:00\" \/>\n<meta property=\"article:modified_time\" content=\"2026-03-12T07:54:19+00:00\" \/>\n<meta property=\"og:image\" content=\"https:\/\/elizagipuzkoa.org\/wp-content\/uploads\/2026\/03\/24-horas-Senor_copia.jpg\" \/>\n\t<meta property=\"og:image:width\" content=\"1125\" \/>\n\t<meta property=\"og:image:height\" content=\"939\" \/>\n\t<meta property=\"og:image:type\" content=\"image\/jpeg\" \/>\n<meta name=\"author\" content=\"Imanol Irigoien\" \/>\n<meta name=\"twitter:card\" content=\"summary_large_image\" \/>\n<meta name=\"twitter:creator\" content=\"@diocesis_ss\" \/>\n<meta name=\"twitter:site\" content=\"@diocesis_ss\" \/>\n<meta name=\"twitter:label1\" content=\"Written by\" \/>\n\t<meta name=\"twitter:data1\" content=\"Imanol Irigoien\" \/>\n\t<meta name=\"twitter:label2\" content=\"Est. reading time\" \/>\n\t<meta name=\"twitter:data2\" content=\"1 minutua\" \/>\n<script type=\"application\/ld+json\" class=\"yoast-schema-graph\">{\"@context\":\"https:\/\/schema.org\",\"@graph\":[{\"@type\":\"Article\",\"@id\":\"https:\/\/elizagipuzkoa.org\/eu\/24-horas-para-el-senor-2\/#article\",\"isPartOf\":{\"@id\":\"https:\/\/elizagipuzkoa.org\/eu\/24-horas-para-el-senor-2\/\"},\"author\":{\"name\":\"Imanol Irigoien\",\"@id\":\"https:\/\/elizagipuzkoa.org\/eu\/#\/schema\/person\/26e5458eed088cbb44f02fc40ebae39d\"},\"headline\":\"24 ordu Jaunarentzat\",\"datePublished\":\"2026-03-12T07:49:49+00:00\",\"dateModified\":\"2026-03-12T07:54:19+00:00\",\"mainEntityOfPage\":{\"@id\":\"https:\/\/elizagipuzkoa.org\/eu\/24-horas-para-el-senor-2\/\"},\"wordCount\":113,\"publisher\":{\"@id\":\"https:\/\/elizagipuzkoa.org\/eu\/#organization\"},\"image\":{\"@id\":\"https:\/\/elizagipuzkoa.org\/eu\/24-horas-para-el-senor-2\/#primaryimage\"},\"thumbnailUrl\":\"https:\/\/elizagipuzkoa.org\/wp-content\/uploads\/2026\/03\/24-horas-Senor_copia.jpg\",\"articleSection\":[\"Elizbarrutia\",\"Gaurkotasuna\"],\"inLanguage\":\"eu\"},{\"@type\":\"WebPage\",\"@id\":\"https:\/\/elizagipuzkoa.org\/eu\/24-horas-para-el-senor-2\/\",\"url\":\"https:\/\/elizagipuzkoa.org\/eu\/24-horas-para-el-senor-2\/\",\"name\":\"24 ordu Jaunarentzat - Di\u00f3cesis de San Sebasti\u00e1n\",\"isPartOf\":{\"@id\":\"https:\/\/elizagipuzkoa.org\/eu\/#website\"},\"primaryImageOfPage\":{\"@id\":\"https:\/\/elizagipuzkoa.org\/eu\/24-horas-para-el-senor-2\/#primaryimage\"},\"image\":{\"@id\":\"https:\/\/elizagipuzkoa.org\/eu\/24-horas-para-el-senor-2\/#primaryimage\"},\"thumbnailUrl\":\"https:\/\/elizagipuzkoa.org\/wp-content\/uploads\/2026\/03\/24-horas-Senor_copia.jpg\",\"datePublished\":\"2026-03-12T07:49:49+00:00\",\"dateModified\":\"2026-03-12T07:54:19+00:00\",\"description\":\"Como cada a\u00f1o en el mes de \u00a0marzo se celebrar\u00e1n las llamadas\u00a0\u201c24 horas para el Se\u00f1or\u201d\u00a0que el Papa Francisco impuls\u00f3 como tiempo de adoraci\u00f3n y confesi\u00f3n en la Cuaresma.Este a\u00f1o el lema es \u201cHe venido para salvar al mundo\u201d (cfr. Jn 12,47) y se tendr\u00e1 especialmente presente\u00a0la oraci\u00f3n por la Paz en el mundo y por las vocaciones en nuestra di\u00f3cesis.Como cada a\u00f1o, las\u00a0\u201c24 horas para el Se\u00f1or\u201d\u00a0tendr\u00e1n lugar en la catedral del Buen Pastor, que permanecer\u00e1 abierta las 24 horas. Por la noche, la entrada se habilitar\u00e1 desde la Puerta Santa.\",\"breadcrumb\":{\"@id\":\"https:\/\/elizagipuzkoa.org\/eu\/24-horas-para-el-senor-2\/#breadcrumb\"},\"inLanguage\":\"eu\",\"potentialAction\":[{\"@type\":\"ReadAction\",\"target\":[\"https:\/\/elizagipuzkoa.org\/eu\/24-horas-para-el-senor-2\/\"]}]},{\"@type\":\"ImageObject\",\"inLanguage\":\"eu\",\"@id\":\"https:\/\/elizagipuzkoa.org\/eu\/24-horas-para-el-senor-2\/#primaryimage\",\"url\":\"https:\/\/elizagipuzkoa.org\/wp-content\/uploads\/2026\/03\/24-horas-Senor_copia.jpg\",\"contentUrl\":\"https:\/\/elizagipuzkoa.org\/wp-content\/uploads\/2026\/03\/24-horas-Senor_copia.jpg\",\"width\":1125,\"height\":939},{\"@type\":\"BreadcrumbList\",\"@id\":\"https:\/\/elizagipuzkoa.org\/eu\/24-horas-para-el-senor-2\/#breadcrumb\",\"itemListElement\":[{\"@type\":\"ListItem\",\"position\":1,\"name\":\"Inicio\",\"item\":\"https:\/\/elizagipuzkoa.org\/eu\/\"},{\"@type\":\"ListItem\",\"position\":2,\"name\":\"24 ordu Jaunarentzat\"}]},{\"@type\":\"WebSite\",\"@id\":\"https:\/\/elizagipuzkoa.org\/eu\/#website\",\"url\":\"https:\/\/elizagipuzkoa.org\/eu\/\",\"name\":\"Di\u00f3cesis de San Sebasti\u00e1n\",\"description\":\"\",\"publisher\":{\"@id\":\"https:\/\/elizagipuzkoa.org\/eu\/#organization\"},\"potentialAction\":[{\"@type\":\"SearchAction\",\"target\":{\"@type\":\"EntryPoint\",\"urlTemplate\":\"https:\/\/elizagipuzkoa.org\/eu\/?s={search_term_string}\"},\"query-input\":{\"@type\":\"PropertyValueSpecification\",\"valueRequired\":true,\"valueName\":\"search_term_string\"}}],\"inLanguage\":\"eu\"},{\"@type\":\"Organization\",\"@id\":\"https:\/\/elizagipuzkoa.org\/eu\/#organization\",\"name\":\"Di\u00f3cesis de San Sebasti\u00e1n\",\"url\":\"https:\/\/elizagipuzkoa.org\/eu\/\",\"logo\":{\"@type\":\"ImageObject\",\"inLanguage\":\"eu\",\"@id\":\"https:\/\/elizagipuzkoa.org\/eu\/#\/schema\/logo\/image\/\",\"url\":\"https:\/\/elizagipuzkoa.org\/wp-content\/uploads\/2024\/02\/logo_transparente_250.png\",\"contentUrl\":\"https:\/\/elizagipuzkoa.org\/wp-content\/uploads\/2024\/02\/logo_transparente_250.png\",\"width\":250,\"height\":124,\"caption\":\"Di\u00f3cesis de San Sebasti\u00e1n\"},\"image\":{\"@id\":\"https:\/\/elizagipuzkoa.org\/eu\/#\/schema\/logo\/image\/\"},\"sameAs\":[\"https:\/\/www.facebook.com\/p\/Donostiako-ElizbarrutiaDicesis-de-San-Sebastin-100064874702840\/\",\"https:\/\/x.com\/diocesis_ss\",\"https:\/\/www.instagram.com\/diocesis_ss\/?hl=es\",\"https:\/\/www.youtube.com\/@DiocesisdeSanSebastian\",\"https:\/\/www.flickr.com\/photos\/133958253@N05\/albums\/\"]},{\"@type\":\"Person\",\"@id\":\"https:\/\/elizagipuzkoa.org\/eu\/#\/schema\/person\/26e5458eed088cbb44f02fc40ebae39d\",\"name\":\"Imanol Irigoien\",\"image\":{\"@type\":\"ImageObject\",\"inLanguage\":\"eu\",\"@id\":\"https:\/\/elizagipuzkoa.org\/eu\/#\/schema\/person\/image\/\",\"url\":\"https:\/\/secure.gravatar.com\/avatar\/8b717de42f09ebc8db0f13d1a09d81afc446aee6f278599d9ec62bf0db12797c?s=96&d=mm&r=g\",\"contentUrl\":\"https:\/\/secure.gravatar.com\/avatar\/8b717de42f09ebc8db0f13d1a09d81afc446aee6f278599d9ec62bf0db12797c?s=96&d=mm&r=g\",\"caption\":\"Imanol Irigoien\"},\"url\":\"https:\/\/elizagipuzkoa.org\/eu\/author\/imanolirigoien\/\"}]}<\/script>\n<!-- \/ Yoast SEO plugin. -->","yoast_head_json":{"title":"24 ordu Jaunarentzat - Di\u00f3cesis de San Sebasti\u00e1n","description":"Como cada a\u00f1o en el mes de \u00a0marzo se celebrar\u00e1n las llamadas\u00a0\u201c24 horas para el Se\u00f1or\u201d\u00a0que el Papa Francisco impuls\u00f3 como tiempo de adoraci\u00f3n y confesi\u00f3n en la Cuaresma.Este a\u00f1o el lema es \u201cHe venido para salvar al mundo\u201d (cfr. Jn 12,47) y se tendr\u00e1 especialmente presente\u00a0la oraci\u00f3n por la Paz en el mundo y por las vocaciones en nuestra di\u00f3cesis.Como cada a\u00f1o, las\u00a0\u201c24 horas para el Se\u00f1or\u201d\u00a0tendr\u00e1n lugar en la catedral del Buen Pastor, que permanecer\u00e1 abierta las 24 horas. Por la noche, la entrada se habilitar\u00e1 desde la Puerta Santa.","robots":{"index":"index","follow":"follow","max-snippet":"max-snippet:-1","max-image-preview":"max-image-preview:large","max-video-preview":"max-video-preview:-1"},"canonical":"https:\/\/elizagipuzkoa.org\/eu\/24-horas-para-el-senor-2\/","og_locale":"en_US","og_type":"article","og_title":"24 ordu Jaunarentzat - Di\u00f3cesis de San Sebasti\u00e1n","og_description":"Como cada a\u00f1o en el mes de \u00a0marzo se celebrar\u00e1n las llamadas\u00a0\u201c24 horas para el Se\u00f1or\u201d\u00a0que el Papa Francisco impuls\u00f3 como tiempo de adoraci\u00f3n y confesi\u00f3n en la Cuaresma.Este a\u00f1o el lema es \u201cHe venido para salvar al mundo\u201d (cfr. Jn 12,47) y se tendr\u00e1 especialmente presente\u00a0la oraci\u00f3n por la Paz en el mundo y por las vocaciones en nuestra di\u00f3cesis.Como cada a\u00f1o, las\u00a0\u201c24 horas para el Se\u00f1or\u201d\u00a0tendr\u00e1n lugar en la catedral del Buen Pastor, que permanecer\u00e1 abierta las 24 horas. Por la noche, la entrada se habilitar\u00e1 desde la Puerta Santa.","og_url":"https:\/\/elizagipuzkoa.org\/eu\/24-horas-para-el-senor-2\/","og_site_name":"Di\u00f3cesis de San Sebasti\u00e1n","article_publisher":"https:\/\/www.facebook.com\/p\/Donostiako-ElizbarrutiaDicesis-de-San-Sebastin-100064874702840\/","article_published_time":"2026-03-12T07:49:49+00:00","article_modified_time":"2026-03-12T07:54:19+00:00","og_image":[{"width":1125,"height":939,"url":"https:\/\/elizagipuzkoa.org\/wp-content\/uploads\/2026\/03\/24-horas-Senor_copia.jpg","type":"image\/jpeg"}],"author":"Imanol Irigoien","twitter_card":"summary_large_image","twitter_creator":"@diocesis_ss","twitter_site":"@diocesis_ss","twitter_misc":{"Written by":"Imanol Irigoien","Est. reading time":"1 minutua"},"schema":{"@context":"https:\/\/schema.org","@graph":[{"@type":"Article","@id":"https:\/\/elizagipuzkoa.org\/eu\/24-horas-para-el-senor-2\/#article","isPartOf":{"@id":"https:\/\/elizagipuzkoa.org\/eu\/24-horas-para-el-senor-2\/"},"author":{"name":"Imanol Irigoien","@id":"https:\/\/elizagipuzkoa.org\/eu\/#\/schema\/person\/26e5458eed088cbb44f02fc40ebae39d"},"headline":"24 ordu Jaunarentzat","datePublished":"2026-03-12T07:49:49+00:00","dateModified":"2026-03-12T07:54:19+00:00","mainEntityOfPage":{"@id":"https:\/\/elizagipuzkoa.org\/eu\/24-horas-para-el-senor-2\/"},"wordCount":113,"publisher":{"@id":"https:\/\/elizagipuzkoa.org\/eu\/#organization"},"image":{"@id":"https:\/\/elizagipuzkoa.org\/eu\/24-horas-para-el-senor-2\/#primaryimage"},"thumbnailUrl":"https:\/\/elizagipuzkoa.org\/wp-content\/uploads\/2026\/03\/24-horas-Senor_copia.jpg","articleSection":["Elizbarrutia","Gaurkotasuna"],"inLanguage":"eu"},{"@type":"WebPage","@id":"https:\/\/elizagipuzkoa.org\/eu\/24-horas-para-el-senor-2\/","url":"https:\/\/elizagipuzkoa.org\/eu\/24-horas-para-el-senor-2\/","name":"24 ordu Jaunarentzat - Di\u00f3cesis de San Sebasti\u00e1n","isPartOf":{"@id":"https:\/\/elizagipuzkoa.org\/eu\/#website"},"primaryImageOfPage":{"@id":"https:\/\/elizagipuzkoa.org\/eu\/24-horas-para-el-senor-2\/#primaryimage"},"image":{"@id":"https:\/\/elizagipuzkoa.org\/eu\/24-horas-para-el-senor-2\/#primaryimage"},"thumbnailUrl":"https:\/\/elizagipuzkoa.org\/wp-content\/uploads\/2026\/03\/24-horas-Senor_copia.jpg","datePublished":"2026-03-12T07:49:49+00:00","dateModified":"2026-03-12T07:54:19+00:00","description":"Como cada a\u00f1o en el mes de \u00a0marzo se celebrar\u00e1n las llamadas\u00a0\u201c24 horas para el Se\u00f1or\u201d\u00a0que el Papa Francisco impuls\u00f3 como tiempo de adoraci\u00f3n y confesi\u00f3n en la Cuaresma.Este a\u00f1o el lema es \u201cHe venido para salvar al mundo\u201d (cfr. Jn 12,47) y se tendr\u00e1 especialmente presente\u00a0la oraci\u00f3n por la Paz en el mundo y por las vocaciones en nuestra di\u00f3cesis.Como cada a\u00f1o, las\u00a0\u201c24 horas para el Se\u00f1or\u201d\u00a0tendr\u00e1n lugar en la catedral del Buen Pastor, que permanecer\u00e1 abierta las 24 horas. Por la noche, la entrada se habilitar\u00e1 desde la Puerta Santa.","breadcrumb":{"@id":"https:\/\/elizagipuzkoa.org\/eu\/24-horas-para-el-senor-2\/#breadcrumb"},"inLanguage":"eu","potentialAction":[{"@type":"ReadAction","target":["https:\/\/elizagipuzkoa.org\/eu\/24-horas-para-el-senor-2\/"]}]},{"@type":"ImageObject","inLanguage":"eu","@id":"https:\/\/elizagipuzkoa.org\/eu\/24-horas-para-el-senor-2\/#primaryimage","url":"https:\/\/elizagipuzkoa.org\/wp-content\/uploads\/2026\/03\/24-horas-Senor_copia.jpg","contentUrl":"https:\/\/elizagipuzkoa.org\/wp-content\/uploads\/2026\/03\/24-horas-Senor_copia.jpg","width":1125,"height":939},{"@type":"BreadcrumbList","@id":"https:\/\/elizagipuzkoa.org\/eu\/24-horas-para-el-senor-2\/#breadcrumb","itemListElement":[{"@type":"ListItem","position":1,"name":"Inicio","item":"https:\/\/elizagipuzkoa.org\/eu\/"},{"@type":"ListItem","position":2,"name":"24 ordu Jaunarentzat"}]},{"@type":"WebSite","@id":"https:\/\/elizagipuzkoa.org\/eu\/#website","url":"https:\/\/elizagipuzkoa.org\/eu\/","name":"Di\u00f3cesis de San Sebasti\u00e1n","description":"","publisher":{"@id":"https:\/\/elizagipuzkoa.org\/eu\/#organization"},"potentialAction":[{"@type":"SearchAction","target":{"@type":"EntryPoint","urlTemplate":"https:\/\/elizagipuzkoa.org\/eu\/?s={search_term_string}"},"query-input":{"@type":"PropertyValueSpecification","valueRequired":true,"valueName":"search_term_string"}}],"inLanguage":"eu"},{"@type":"Organization","@id":"https:\/\/elizagipuzkoa.org\/eu\/#organization","name":"Di\u00f3cesis de San Sebasti\u00e1n","url":"https:\/\/elizagipuzkoa.org\/eu\/","logo":{"@type":"ImageObject","inLanguage":"eu","@id":"https:\/\/elizagipuzkoa.org\/eu\/#\/schema\/logo\/image\/","url":"https:\/\/elizagipuzkoa.org\/wp-content\/uploads\/2024\/02\/logo_transparente_250.png","contentUrl":"https:\/\/elizagipuzkoa.org\/wp-content\/uploads\/2024\/02\/logo_transparente_250.png","width":250,"height":124,"caption":"Di\u00f3cesis de San Sebasti\u00e1n"},"image":{"@id":"https:\/\/elizagipuzkoa.org\/eu\/#\/schema\/logo\/image\/"},"sameAs":["https:\/\/www.facebook.com\/p\/Donostiako-ElizbarrutiaDicesis-de-San-Sebastin-100064874702840\/","https:\/\/x.com\/diocesis_ss","https:\/\/www.instagram.com\/diocesis_ss\/?hl=es","https:\/\/www.youtube.com\/@DiocesisdeSanSebastian","https:\/\/www.flickr.com\/photos\/133958253@N05\/albums\/"]},{"@type":"Person","@id":"https:\/\/elizagipuzkoa.org\/eu\/#\/schema\/person\/26e5458eed088cbb44f02fc40ebae39d","name":"Imanol Irigoien","image":{"@type":"ImageObject","inLanguage":"eu","@id":"https:\/\/elizagipuzkoa.org\/eu\/#\/schema\/person\/image\/","url":"https:\/\/secure.gravatar.com\/avatar\/8b717de42f09ebc8db0f13d1a09d81afc446aee6f278599d9ec62bf0db12797c?s=96&d=mm&r=g","contentUrl":"https:\/\/secure.gravatar.com\/avatar\/8b717de42f09ebc8db0f13d1a09d81afc446aee6f278599d9ec62bf0db12797c?s=96&d=mm&r=g","caption":"Imanol Irigoien"},"url":"https:\/\/elizagipuzkoa.org\/eu\/author\/imanolirigoien\/"}]}},"_links":{"self":[{"href":"https:\/\/elizagipuzkoa.org\/eu\/wp-json\/wp\/v2\/posts\/55820","targetHints":{"allow":["GET"]}}],"collection":[{"href":"https:\/\/elizagipuzkoa.org\/eu\/wp-json\/wp\/v2\/posts"}],"about":[{"href":"https:\/\/elizagipuzkoa.org\/eu\/wp-json\/wp\/v2\/types\/post"}],"author":[{"embeddable":true,"href":"https:\/\/elizagipuzkoa.org\/eu\/wp-json\/wp\/v2\/users\/6"}],"replies":[{"embeddable":true,"href":"https:\/\/elizagipuzkoa.org\/eu\/wp-json\/wp\/v2\/comments?post=55820"}],"version-history":[{"count":1,"href":"https:\/\/elizagipuzkoa.org\/eu\/wp-json\/wp\/v2\/posts\/55820\/revisions"}],"predecessor-version":[{"id":55822,"href":"https:\/\/elizagipuzkoa.org\/eu\/wp-json\/wp\/v2\/posts\/55820\/revisions\/55822"}],"wp:featuredmedia":[{"embeddable":true,"href":"https:\/\/elizagipuzkoa.org\/eu\/wp-json\/wp\/v2\/media\/55816"}],"wp:attachment":[{"href":"https:\/\/elizagipuzkoa.org\/eu\/wp-json\/wp\/v2\/media?parent=55820"}],"wp:term":[{"taxonomy":"category","embeddable":true,"href":"https:\/\/elizagipuzkoa.org\/eu\/wp-json\/wp\/v2\/categories?post=55820"},{"taxonomy":"post_tag","embeddable":true,"href":"https:\/\/elizagipuzkoa.org\/eu\/wp-json\/wp\/v2\/tags?post=55820"}],"curies":[{"name":"wp","href":"https:\/\/api.w.org\/{rel}","templated":true}]}}