{"id":56385,"date":"2026-03-28T20:04:13","date_gmt":"2026-03-28T19:04:13","guid":{"rendered":"https:\/\/elizagipuzkoa.org\/domingo-de-ramos-catedral-buen-pastor\/"},"modified":"2026-03-30T09:15:42","modified_gmt":"2026-03-30T07:15:42","slug":"erramu-igandea-artzain-ona-katedralean-2026","status":"publish","type":"post","link":"https:\/\/elizagipuzkoa.org\/eu\/erramu-igandea-artzain-ona-katedralean-2026\/","title":{"rendered":"Erramu Igandea (Artzain Ona katedralean)"},"content":{"rendered":"<p>Bihar, martxoak 29, Erramu Igandea, ospatuko da Artzain Ona katedralean (12:00ean). Erramuen bedeinkapena Errege Katolikoen kalean egingo da, hau da, Posta eta Koldo Mitxelena eraikinen artean. Bedeinkapena amaitu orduko, Jesus Jerusalemen sartu zen unea gogoratuz, prozesioa ospatuko da katedralaren atari nagusiraino. Ondoren, meza santua ospatuko da<\/p>\n<p>Jarraitu zuzenean YouTuben: <span style=\"color: #0000ff;\"><a style=\"color: #0000ff;\" href=\"https:\/\/www.youtube.com\/@DonostiakoElizbarrutia-Di%C3%B3cesi\/streams\">https:\/\/www.youtube.com\/@DonostiakoElizbarrutia-Di%C3%B3cesi\/streams\u00a0<\/a><\/span><\/p>\n","protected":false},"excerpt":{"rendered":"<p>Bihar, martxoak 29, Erramu Igandea, ospatuko da Artzain Ona katedralean (12:00ean). Erramuen bedeinkapena Errege Katolikoen kalean egingo da, hau da, Posta eta Koldo Mitxelena eraikinen [&#8230;]<\/p>\n","protected":false},"author":3,"featured_media":56336,"comment_status":"closed","ping_status":"closed","sticky":false,"template":"","format":"standard","meta":{"_price":"","_stock":"","_tribe_ticket_header":"","_tribe_default_ticket_provider":"","_tribe_ticket_capacity":"0","_ticket_start_date":"","_ticket_end_date":"","_tribe_ticket_show_description":"","_tribe_ticket_show_not_going":false,"_tribe_ticket_use_global_stock":"","_tribe_ticket_global_stock_level":"","_global_stock_mode":"","_global_stock_cap":"","_tribe_rsvp_for_event":"","_tribe_ticket_going_count":"","_tribe_ticket_not_going_count":"","_tribe_tickets_list":"[]","_tribe_ticket_has_attendee_info_fields":false,"footnotes":""},"categories":[259],"tags":[],"class_list":["post-56385","post","type-post","status-publish","format-standard","has-post-thumbnail","hentry","category-oharrak"],"yoast_head":"<!-- This site is optimized with the Yoast SEO plugin v26.9 - https:\/\/yoast.com\/product\/yoast-seo-wordpress\/ -->\n<title>Erramu Igandea (Artzain Ona katedralean) - Di\u00f3cesis de San Sebasti\u00e1n<\/title>\n<meta name=\"description\" content=\"Ma\u00f1ana, 29 de marzo, se celebrar\u00e1 el Domingo de Ramos en la catedral del Buen Pastor (12:00h).\" \/>\n<meta name=\"robots\" content=\"index, follow, max-snippet:-1, max-image-preview:large, max-video-preview:-1\" \/>\n<link rel=\"canonical\" href=\"https:\/\/elizagipuzkoa.org\/eu\/erramu-igandea-artzain-ona-katedralean-2026\/\" \/>\n<meta property=\"og:locale\" content=\"en_US\" \/>\n<meta property=\"og:type\" content=\"article\" \/>\n<meta property=\"og:title\" content=\"Erramu Igandea (Artzain Ona katedralean) - Di\u00f3cesis de San Sebasti\u00e1n\" \/>\n<meta property=\"og:description\" content=\"Ma\u00f1ana, 29 de marzo, se celebrar\u00e1 el Domingo de Ramos en la catedral del Buen Pastor (12:00h).\" \/>\n<meta property=\"og:url\" content=\"https:\/\/elizagipuzkoa.org\/eu\/erramu-igandea-artzain-ona-katedralean-2026\/\" \/>\n<meta property=\"og:site_name\" content=\"Di\u00f3cesis de San Sebasti\u00e1n\" \/>\n<meta property=\"article:publisher\" content=\"https:\/\/www.facebook.com\/p\/Donostiako-ElizbarrutiaDicesis-de-San-Sebastin-100064874702840\/\" \/>\n<meta property=\"article:published_time\" content=\"2026-03-28T19:04:13+00:00\" \/>\n<meta property=\"article:modified_time\" content=\"2026-03-30T07:15:42+00:00\" \/>\n<meta property=\"og:image\" content=\"https:\/\/elizagipuzkoa.org\/wp-content\/uploads\/2026\/03\/54449263608_0b1430737e_c.jpg\" \/>\n\t<meta property=\"og:image:width\" content=\"600\" \/>\n\t<meta property=\"og:image:height\" content=\"620\" \/>\n\t<meta property=\"og:image:type\" content=\"image\/jpeg\" \/>\n<meta name=\"author\" content=\"Ivan Benko\" \/>\n<meta name=\"twitter:card\" content=\"summary_large_image\" \/>\n<meta name=\"twitter:creator\" content=\"@diocesis_ss\" \/>\n<meta name=\"twitter:site\" content=\"@diocesis_ss\" \/>\n<meta name=\"twitter:label1\" content=\"Written by\" \/>\n\t<meta name=\"twitter:data1\" content=\"Ivan Benko\" \/>\n\t<meta name=\"twitter:label2\" content=\"Est. reading time\" \/>\n\t<meta name=\"twitter:data2\" content=\"1 minutua\" \/>\n<script type=\"application\/ld+json\" class=\"yoast-schema-graph\">{\"@context\":\"https:\/\/schema.org\",\"@graph\":[{\"@type\":\"Article\",\"@id\":\"https:\/\/elizagipuzkoa.org\/eu\/erramu-igandea-artzain-ona-katedralean-2026\/#article\",\"isPartOf\":{\"@id\":\"https:\/\/elizagipuzkoa.org\/eu\/erramu-igandea-artzain-ona-katedralean-2026\/\"},\"author\":{\"name\":\"Ivan Benko\",\"@id\":\"https:\/\/elizagipuzkoa.org\/eu\/#\/schema\/person\/d33380af7f6eaf564ae1ed5b8fb1e8a9\"},\"headline\":\"Erramu Igandea (Artzain Ona katedralean)\",\"datePublished\":\"2026-03-28T19:04:13+00:00\",\"dateModified\":\"2026-03-30T07:15:42+00:00\",\"mainEntityOfPage\":{\"@id\":\"https:\/\/elizagipuzkoa.org\/eu\/erramu-igandea-artzain-ona-katedralean-2026\/\"},\"wordCount\":62,\"publisher\":{\"@id\":\"https:\/\/elizagipuzkoa.org\/eu\/#organization\"},\"image\":{\"@id\":\"https:\/\/elizagipuzkoa.org\/eu\/erramu-igandea-artzain-ona-katedralean-2026\/#primaryimage\"},\"thumbnailUrl\":\"https:\/\/elizagipuzkoa.org\/wp-content\/uploads\/2026\/03\/54449263608_0b1430737e_c.jpg\",\"articleSection\":[\"Oharrak\"],\"inLanguage\":\"eu\"},{\"@type\":\"WebPage\",\"@id\":\"https:\/\/elizagipuzkoa.org\/eu\/erramu-igandea-artzain-ona-katedralean-2026\/\",\"url\":\"https:\/\/elizagipuzkoa.org\/eu\/erramu-igandea-artzain-ona-katedralean-2026\/\",\"name\":\"Erramu Igandea (Artzain Ona katedralean) - Di\u00f3cesis de San Sebasti\u00e1n\",\"isPartOf\":{\"@id\":\"https:\/\/elizagipuzkoa.org\/eu\/#website\"},\"primaryImageOfPage\":{\"@id\":\"https:\/\/elizagipuzkoa.org\/eu\/erramu-igandea-artzain-ona-katedralean-2026\/#primaryimage\"},\"image\":{\"@id\":\"https:\/\/elizagipuzkoa.org\/eu\/erramu-igandea-artzain-ona-katedralean-2026\/#primaryimage\"},\"thumbnailUrl\":\"https:\/\/elizagipuzkoa.org\/wp-content\/uploads\/2026\/03\/54449263608_0b1430737e_c.jpg\",\"datePublished\":\"2026-03-28T19:04:13+00:00\",\"dateModified\":\"2026-03-30T07:15:42+00:00\",\"description\":\"Ma\u00f1ana, 29 de marzo, se celebrar\u00e1 el Domingo de Ramos en la catedral del Buen Pastor (12:00h).\",\"breadcrumb\":{\"@id\":\"https:\/\/elizagipuzkoa.org\/eu\/erramu-igandea-artzain-ona-katedralean-2026\/#breadcrumb\"},\"inLanguage\":\"eu\",\"potentialAction\":[{\"@type\":\"ReadAction\",\"target\":[\"https:\/\/elizagipuzkoa.org\/eu\/erramu-igandea-artzain-ona-katedralean-2026\/\"]}]},{\"@type\":\"ImageObject\",\"inLanguage\":\"eu\",\"@id\":\"https:\/\/elizagipuzkoa.org\/eu\/erramu-igandea-artzain-ona-katedralean-2026\/#primaryimage\",\"url\":\"https:\/\/elizagipuzkoa.org\/wp-content\/uploads\/2026\/03\/54449263608_0b1430737e_c.jpg\",\"contentUrl\":\"https:\/\/elizagipuzkoa.org\/wp-content\/uploads\/2026\/03\/54449263608_0b1430737e_c.jpg\",\"width\":600,\"height\":620},{\"@type\":\"BreadcrumbList\",\"@id\":\"https:\/\/elizagipuzkoa.org\/eu\/erramu-igandea-artzain-ona-katedralean-2026\/#breadcrumb\",\"itemListElement\":[{\"@type\":\"ListItem\",\"position\":1,\"name\":\"Inicio\",\"item\":\"https:\/\/elizagipuzkoa.org\/eu\/\"},{\"@type\":\"ListItem\",\"position\":2,\"name\":\"Erramu Igandea (Artzain Ona katedralean)\"}]},{\"@type\":\"WebSite\",\"@id\":\"https:\/\/elizagipuzkoa.org\/eu\/#website\",\"url\":\"https:\/\/elizagipuzkoa.org\/eu\/\",\"name\":\"Di\u00f3cesis de San Sebasti\u00e1n\",\"description\":\"\",\"publisher\":{\"@id\":\"https:\/\/elizagipuzkoa.org\/eu\/#organization\"},\"potentialAction\":[{\"@type\":\"SearchAction\",\"target\":{\"@type\":\"EntryPoint\",\"urlTemplate\":\"https:\/\/elizagipuzkoa.org\/eu\/?s={search_term_string}\"},\"query-input\":{\"@type\":\"PropertyValueSpecification\",\"valueRequired\":true,\"valueName\":\"search_term_string\"}}],\"inLanguage\":\"eu\"},{\"@type\":\"Organization\",\"@id\":\"https:\/\/elizagipuzkoa.org\/eu\/#organization\",\"name\":\"Di\u00f3cesis de San Sebasti\u00e1n\",\"url\":\"https:\/\/elizagipuzkoa.org\/eu\/\",\"logo\":{\"@type\":\"ImageObject\",\"inLanguage\":\"eu\",\"@id\":\"https:\/\/elizagipuzkoa.org\/eu\/#\/schema\/logo\/image\/\",\"url\":\"https:\/\/elizagipuzkoa.org\/wp-content\/uploads\/2024\/02\/logo_transparente_250.png\",\"contentUrl\":\"https:\/\/elizagipuzkoa.org\/wp-content\/uploads\/2024\/02\/logo_transparente_250.png\",\"width\":250,\"height\":124,\"caption\":\"Di\u00f3cesis de San Sebasti\u00e1n\"},\"image\":{\"@id\":\"https:\/\/elizagipuzkoa.org\/eu\/#\/schema\/logo\/image\/\"},\"sameAs\":[\"https:\/\/www.facebook.com\/p\/Donostiako-ElizbarrutiaDicesis-de-San-Sebastin-100064874702840\/\",\"https:\/\/x.com\/diocesis_ss\",\"https:\/\/www.instagram.com\/diocesis_ss\/?hl=es\",\"https:\/\/www.youtube.com\/@DiocesisdeSanSebastian\",\"https:\/\/www.flickr.com\/photos\/133958253@N05\/albums\/\"]},{\"@type\":\"Person\",\"@id\":\"https:\/\/elizagipuzkoa.org\/eu\/#\/schema\/person\/d33380af7f6eaf564ae1ed5b8fb1e8a9\",\"name\":\"Ivan Benko\",\"image\":{\"@type\":\"ImageObject\",\"inLanguage\":\"eu\",\"@id\":\"https:\/\/elizagipuzkoa.org\/eu\/#\/schema\/person\/image\/\",\"url\":\"https:\/\/secure.gravatar.com\/avatar\/f90bd9f1506ff6ba69f5e66b32b211ab55afa300918f2b96b163f0336d4fcb10?s=96&d=mm&r=g\",\"contentUrl\":\"https:\/\/secure.gravatar.com\/avatar\/f90bd9f1506ff6ba69f5e66b32b211ab55afa300918f2b96b163f0336d4fcb10?s=96&d=mm&r=g\",\"caption\":\"Ivan Benko\"},\"url\":\"https:\/\/elizagipuzkoa.org\/eu\/author\/comunicacion\/\"}]}<\/script>\n<!-- \/ Yoast SEO plugin. -->","yoast_head_json":{"title":"Erramu Igandea (Artzain Ona katedralean) - Di\u00f3cesis de San Sebasti\u00e1n","description":"Ma\u00f1ana, 29 de marzo, se celebrar\u00e1 el Domingo de Ramos en la catedral del Buen Pastor (12:00h).","robots":{"index":"index","follow":"follow","max-snippet":"max-snippet:-1","max-image-preview":"max-image-preview:large","max-video-preview":"max-video-preview:-1"},"canonical":"https:\/\/elizagipuzkoa.org\/eu\/erramu-igandea-artzain-ona-katedralean-2026\/","og_locale":"en_US","og_type":"article","og_title":"Erramu Igandea (Artzain Ona katedralean) - Di\u00f3cesis de San Sebasti\u00e1n","og_description":"Ma\u00f1ana, 29 de marzo, se celebrar\u00e1 el Domingo de Ramos en la catedral del Buen Pastor (12:00h).","og_url":"https:\/\/elizagipuzkoa.org\/eu\/erramu-igandea-artzain-ona-katedralean-2026\/","og_site_name":"Di\u00f3cesis de San Sebasti\u00e1n","article_publisher":"https:\/\/www.facebook.com\/p\/Donostiako-ElizbarrutiaDicesis-de-San-Sebastin-100064874702840\/","article_published_time":"2026-03-28T19:04:13+00:00","article_modified_time":"2026-03-30T07:15:42+00:00","og_image":[{"width":600,"height":620,"url":"https:\/\/elizagipuzkoa.org\/wp-content\/uploads\/2026\/03\/54449263608_0b1430737e_c.jpg","type":"image\/jpeg"}],"author":"Ivan Benko","twitter_card":"summary_large_image","twitter_creator":"@diocesis_ss","twitter_site":"@diocesis_ss","twitter_misc":{"Written by":"Ivan Benko","Est. reading time":"1 minutua"},"schema":{"@context":"https:\/\/schema.org","@graph":[{"@type":"Article","@id":"https:\/\/elizagipuzkoa.org\/eu\/erramu-igandea-artzain-ona-katedralean-2026\/#article","isPartOf":{"@id":"https:\/\/elizagipuzkoa.org\/eu\/erramu-igandea-artzain-ona-katedralean-2026\/"},"author":{"name":"Ivan Benko","@id":"https:\/\/elizagipuzkoa.org\/eu\/#\/schema\/person\/d33380af7f6eaf564ae1ed5b8fb1e8a9"},"headline":"Erramu Igandea (Artzain Ona katedralean)","datePublished":"2026-03-28T19:04:13+00:00","dateModified":"2026-03-30T07:15:42+00:00","mainEntityOfPage":{"@id":"https:\/\/elizagipuzkoa.org\/eu\/erramu-igandea-artzain-ona-katedralean-2026\/"},"wordCount":62,"publisher":{"@id":"https:\/\/elizagipuzkoa.org\/eu\/#organization"},"image":{"@id":"https:\/\/elizagipuzkoa.org\/eu\/erramu-igandea-artzain-ona-katedralean-2026\/#primaryimage"},"thumbnailUrl":"https:\/\/elizagipuzkoa.org\/wp-content\/uploads\/2026\/03\/54449263608_0b1430737e_c.jpg","articleSection":["Oharrak"],"inLanguage":"eu"},{"@type":"WebPage","@id":"https:\/\/elizagipuzkoa.org\/eu\/erramu-igandea-artzain-ona-katedralean-2026\/","url":"https:\/\/elizagipuzkoa.org\/eu\/erramu-igandea-artzain-ona-katedralean-2026\/","name":"Erramu Igandea (Artzain Ona katedralean) - Di\u00f3cesis de San Sebasti\u00e1n","isPartOf":{"@id":"https:\/\/elizagipuzkoa.org\/eu\/#website"},"primaryImageOfPage":{"@id":"https:\/\/elizagipuzkoa.org\/eu\/erramu-igandea-artzain-ona-katedralean-2026\/#primaryimage"},"image":{"@id":"https:\/\/elizagipuzkoa.org\/eu\/erramu-igandea-artzain-ona-katedralean-2026\/#primaryimage"},"thumbnailUrl":"https:\/\/elizagipuzkoa.org\/wp-content\/uploads\/2026\/03\/54449263608_0b1430737e_c.jpg","datePublished":"2026-03-28T19:04:13+00:00","dateModified":"2026-03-30T07:15:42+00:00","description":"Ma\u00f1ana, 29 de marzo, se celebrar\u00e1 el Domingo de Ramos en la catedral del Buen Pastor (12:00h).","breadcrumb":{"@id":"https:\/\/elizagipuzkoa.org\/eu\/erramu-igandea-artzain-ona-katedralean-2026\/#breadcrumb"},"inLanguage":"eu","potentialAction":[{"@type":"ReadAction","target":["https:\/\/elizagipuzkoa.org\/eu\/erramu-igandea-artzain-ona-katedralean-2026\/"]}]},{"@type":"ImageObject","inLanguage":"eu","@id":"https:\/\/elizagipuzkoa.org\/eu\/erramu-igandea-artzain-ona-katedralean-2026\/#primaryimage","url":"https:\/\/elizagipuzkoa.org\/wp-content\/uploads\/2026\/03\/54449263608_0b1430737e_c.jpg","contentUrl":"https:\/\/elizagipuzkoa.org\/wp-content\/uploads\/2026\/03\/54449263608_0b1430737e_c.jpg","width":600,"height":620},{"@type":"BreadcrumbList","@id":"https:\/\/elizagipuzkoa.org\/eu\/erramu-igandea-artzain-ona-katedralean-2026\/#breadcrumb","itemListElement":[{"@type":"ListItem","position":1,"name":"Inicio","item":"https:\/\/elizagipuzkoa.org\/eu\/"},{"@type":"ListItem","position":2,"name":"Erramu Igandea (Artzain Ona katedralean)"}]},{"@type":"WebSite","@id":"https:\/\/elizagipuzkoa.org\/eu\/#website","url":"https:\/\/elizagipuzkoa.org\/eu\/","name":"Di\u00f3cesis de San Sebasti\u00e1n","description":"","publisher":{"@id":"https:\/\/elizagipuzkoa.org\/eu\/#organization"},"potentialAction":[{"@type":"SearchAction","target":{"@type":"EntryPoint","urlTemplate":"https:\/\/elizagipuzkoa.org\/eu\/?s={search_term_string}"},"query-input":{"@type":"PropertyValueSpecification","valueRequired":true,"valueName":"search_term_string"}}],"inLanguage":"eu"},{"@type":"Organization","@id":"https:\/\/elizagipuzkoa.org\/eu\/#organization","name":"Di\u00f3cesis de San Sebasti\u00e1n","url":"https:\/\/elizagipuzkoa.org\/eu\/","logo":{"@type":"ImageObject","inLanguage":"eu","@id":"https:\/\/elizagipuzkoa.org\/eu\/#\/schema\/logo\/image\/","url":"https:\/\/elizagipuzkoa.org\/wp-content\/uploads\/2024\/02\/logo_transparente_250.png","contentUrl":"https:\/\/elizagipuzkoa.org\/wp-content\/uploads\/2024\/02\/logo_transparente_250.png","width":250,"height":124,"caption":"Di\u00f3cesis de San Sebasti\u00e1n"},"image":{"@id":"https:\/\/elizagipuzkoa.org\/eu\/#\/schema\/logo\/image\/"},"sameAs":["https:\/\/www.facebook.com\/p\/Donostiako-ElizbarrutiaDicesis-de-San-Sebastin-100064874702840\/","https:\/\/x.com\/diocesis_ss","https:\/\/www.instagram.com\/diocesis_ss\/?hl=es","https:\/\/www.youtube.com\/@DiocesisdeSanSebastian","https:\/\/www.flickr.com\/photos\/133958253@N05\/albums\/"]},{"@type":"Person","@id":"https:\/\/elizagipuzkoa.org\/eu\/#\/schema\/person\/d33380af7f6eaf564ae1ed5b8fb1e8a9","name":"Ivan Benko","image":{"@type":"ImageObject","inLanguage":"eu","@id":"https:\/\/elizagipuzkoa.org\/eu\/#\/schema\/person\/image\/","url":"https:\/\/secure.gravatar.com\/avatar\/f90bd9f1506ff6ba69f5e66b32b211ab55afa300918f2b96b163f0336d4fcb10?s=96&d=mm&r=g","contentUrl":"https:\/\/secure.gravatar.com\/avatar\/f90bd9f1506ff6ba69f5e66b32b211ab55afa300918f2b96b163f0336d4fcb10?s=96&d=mm&r=g","caption":"Ivan Benko"},"url":"https:\/\/elizagipuzkoa.org\/eu\/author\/comunicacion\/"}]}},"_links":{"self":[{"href":"https:\/\/elizagipuzkoa.org\/eu\/wp-json\/wp\/v2\/posts\/56385","targetHints":{"allow":["GET"]}}],"collection":[{"href":"https:\/\/elizagipuzkoa.org\/eu\/wp-json\/wp\/v2\/posts"}],"about":[{"href":"https:\/\/elizagipuzkoa.org\/eu\/wp-json\/wp\/v2\/types\/post"}],"author":[{"embeddable":true,"href":"https:\/\/elizagipuzkoa.org\/eu\/wp-json\/wp\/v2\/users\/3"}],"replies":[{"embeddable":true,"href":"https:\/\/elizagipuzkoa.org\/eu\/wp-json\/wp\/v2\/comments?post=56385"}],"version-history":[{"count":2,"href":"https:\/\/elizagipuzkoa.org\/eu\/wp-json\/wp\/v2\/posts\/56385\/revisions"}],"predecessor-version":[{"id":56388,"href":"https:\/\/elizagipuzkoa.org\/eu\/wp-json\/wp\/v2\/posts\/56385\/revisions\/56388"}],"wp:featuredmedia":[{"embeddable":true,"href":"https:\/\/elizagipuzkoa.org\/eu\/wp-json\/wp\/v2\/media\/56336"}],"wp:attachment":[{"href":"https:\/\/elizagipuzkoa.org\/eu\/wp-json\/wp\/v2\/media?parent=56385"}],"wp:term":[{"taxonomy":"category","embeddable":true,"href":"https:\/\/elizagipuzkoa.org\/eu\/wp-json\/wp\/v2\/categories?post=56385"},{"taxonomy":"post_tag","embeddable":true,"href":"https:\/\/elizagipuzkoa.org\/eu\/wp-json\/wp\/v2\/tags?post=56385"}],"curies":[{"name":"wp","href":"https:\/\/api.w.org\/{rel}","templated":true}]}}