{"id":56687,"date":"2026-04-04T20:16:01","date_gmt":"2026-04-04T18:16:01","guid":{"rendered":"https:\/\/elizagipuzkoa.org\/la-procesion-de-viernes-santo-vuelve-a-las-calles-de-san-sebastian-en-una-noche-historica\/"},"modified":"2026-04-14T12:37:23","modified_gmt":"2026-04-14T10:37:23","slug":"la-procesion-de-viernes-santo-vuelve-a-las-calles-de-san-sebastian-en-una-noche-historica","status":"publish","type":"post","link":"https:\/\/elizagipuzkoa.org\/eu\/la-procesion-de-viernes-santo-vuelve-a-las-calles-de-san-sebastian-en-una-noche-historica\/","title":{"rendered":"Ostiral Santuko prozesioa Donostiako kaleetara itzuli da gau historiko batean"},"content":{"rendered":"<p>Donostiak arratsalde benetan historikoa bizi izan zuen atzo, Ostiral Santuko prozesioa berreskuratzearekin batera. Prozesioa hiriko kaleetan barrena ibili zen berriro ere mende erdian ospatu gabe egon ondoren. Milaka pertsonek lagundu edo ikusi zuten prozesioa Gipuzkoako hiriburuan, ikusmin, errespetu eta norbere baitan bilduz.<\/p>\n<p><iframe loading=\"lazy\" title=\"Resumen de la Procesi\u00f3n de Viernes Santo en San Sebasti\u00e1n\" width=\"640\" height=\"360\" src=\"https:\/\/www.youtube.com\/embed\/bdELKEquC50?feature=oembed\" frameborder=\"0\" allow=\"accelerometer; autoplay; clipboard-write; encrypted-media; gyroscope; picture-in-picture; web-share\" referrerpolicy=\"strict-origin-when-cross-origin\" allowfullscreen><\/iframe><\/p>\n<p data-start=\"588\" data-end=\"1136\"><img loading=\"lazy\" decoding=\"async\" class=\" wp-image-56650 alignleft\" src=\"https:\/\/elizagipuzkoa.org\/wp-content\/uploads\/2026\/04\/55187371875_709b28be6d_h-169x300.jpg\" alt=\"\" width=\"154\" height=\"274\" srcset=\"https:\/\/elizagipuzkoa.org\/wp-content\/uploads\/2026\/04\/55187371875_709b28be6d_h-169x300.jpg 169w, https:\/\/elizagipuzkoa.org\/wp-content\/uploads\/2026\/04\/55187371875_709b28be6d_h-576x1024.jpg 576w, https:\/\/elizagipuzkoa.org\/wp-content\/uploads\/2026\/04\/55187371875_709b28be6d_h-768x1365.jpg 768w, https:\/\/elizagipuzkoa.org\/wp-content\/uploads\/2026\/04\/55187371875_709b28be6d_h-864x1536.jpg 864w, https:\/\/elizagipuzkoa.org\/wp-content\/uploads\/2026\/04\/55187371875_709b28be6d_h-420x747.jpg 420w, https:\/\/elizagipuzkoa.org\/wp-content\/uploads\/2026\/04\/55187371875_709b28be6d_h-360x640.jpg 360w, https:\/\/elizagipuzkoa.org\/wp-content\/uploads\/2026\/04\/55187371875_709b28be6d_h.jpg 900w\" sizes=\"auto, (max-width: 154px) 100vw, 154px\" \/><\/p>\n<p>Eguraldi kaskarreko zenbait egunen ondoren, Donostia, argitsu esnatu zen, hau da, arratsalde argi eta gau atsegina. Horri esker, adin guztietako pertsonak bertaratu ziren, hiritarrak zein Gipuzkoako hainbat tokitatik hurbildutakoak. Prozesioa martxan jarri aurretik, argi ikus zitekeen ikusmina: Artzain Onaren katedralaren ingurua eta ibilbidearen zati ezberdinak, erabat beteta ageri ziren, jendea, jakinminez prozesioaren hasieraren zain zegoen bitartean.<\/p>\n<p>Katedralaren sarreran pilatutako jendetza zela eta, 20:40ak aldera atera zen prozesioa, aurreikusitako orduarekiko atzerapen txiki batekin, eta Artzain Onaren plaza, Urdaneta, Hondarribia, San Martin, Getaria, Askatasunaren hiribidea, Txurruka eta Gipuzkoa plaza zeharkatu zituen. Plazan, otoitz geltoki bat egin zuen prozesioak kale berdinetatik barrena katedralera itzuli aurretik.<\/p>\n<p data-start=\"1138\" data-end=\"1540\"><img loading=\"lazy\" decoding=\"async\" class=\"alignnone wp-image-56665\" src=\"https:\/\/elizagipuzkoa.org\/wp-content\/uploads\/2026\/04\/55186506647_2e12e13fed_k-300x200.jpg\" alt=\"\" width=\"396\" height=\"264\" srcset=\"https:\/\/elizagipuzkoa.org\/wp-content\/uploads\/2026\/04\/55186506647_2e12e13fed_k-300x200.jpg 300w, https:\/\/elizagipuzkoa.org\/wp-content\/uploads\/2026\/04\/55186506647_2e12e13fed_k-1024x681.jpg 1024w, https:\/\/elizagipuzkoa.org\/wp-content\/uploads\/2026\/04\/55186506647_2e12e13fed_k-768x511.jpg 768w, https:\/\/elizagipuzkoa.org\/wp-content\/uploads\/2026\/04\/55186506647_2e12e13fed_k-1536x1022.jpg 1536w, https:\/\/elizagipuzkoa.org\/wp-content\/uploads\/2026\/04\/55186506647_2e12e13fed_k-625x415.jpg 625w, https:\/\/elizagipuzkoa.org\/wp-content\/uploads\/2026\/04\/55186506647_2e12e13fed_k-420x279.jpg 420w, https:\/\/elizagipuzkoa.org\/wp-content\/uploads\/2026\/04\/55186506647_2e12e13fed_k-640x426.jpg 640w, https:\/\/elizagipuzkoa.org\/wp-content\/uploads\/2026\/04\/55186506647_2e12e13fed_k.jpg 2047w\" sizes=\"auto, (max-width: 396px) 100vw, 396px\" \/><\/p>\n<p data-start=\"1841\" data-end=\"2540\">Antolakuntzak aurreikusitako hurrenkeraren arabera egin zen segizioa. Gida-gurutzea eta Kofradiaren estandartea izan ziren abiatzen lehenak, eta, ondoren, hebrear jantziak zituzten haurrek eta txistulari banda irten ziren. Ostean, nazaretarrak bi lerrotan joan ziren Nazarenoaren aurretik, eta Veronicarekin batera.<\/p>\n<p data-start=\"1841\" data-end=\"2540\"><img loading=\"lazy\" decoding=\"async\" class=\"alignnone wp-image-56688\" src=\"https:\/\/elizagipuzkoa.org\/wp-content\/uploads\/2026\/04\/WhatsApp-Image-2026-04-04-at-14.54.15-1-169x300.jpeg\" alt=\"\" width=\"199\" height=\"353\" srcset=\"https:\/\/elizagipuzkoa.org\/wp-content\/uploads\/2026\/04\/WhatsApp-Image-2026-04-04-at-14.54.15-1-169x300.jpeg 169w, https:\/\/elizagipuzkoa.org\/wp-content\/uploads\/2026\/04\/WhatsApp-Image-2026-04-04-at-14.54.15-1-576x1024.jpeg 576w, https:\/\/elizagipuzkoa.org\/wp-content\/uploads\/2026\/04\/WhatsApp-Image-2026-04-04-at-14.54.15-1-768x1365.jpeg 768w, https:\/\/elizagipuzkoa.org\/wp-content\/uploads\/2026\/04\/WhatsApp-Image-2026-04-04-at-14.54.15-1-864x1536.jpeg 864w, https:\/\/elizagipuzkoa.org\/wp-content\/uploads\/2026\/04\/WhatsApp-Image-2026-04-04-at-14.54.15-1-420x747.jpeg 420w, https:\/\/elizagipuzkoa.org\/wp-content\/uploads\/2026\/04\/WhatsApp-Image-2026-04-04-at-14.54.15-1-360x640.jpeg 360w, https:\/\/elizagipuzkoa.org\/wp-content\/uploads\/2026\/04\/WhatsApp-Image-2026-04-04-at-14.54.15-1.jpeg 900w\" sizes=\"auto, (max-width: 199px) 100vw, 199px\" \/> <img loading=\"lazy\" decoding=\"async\" class=\"alignnone wp-image-56691\" src=\"https:\/\/elizagipuzkoa.org\/wp-content\/uploads\/2026\/04\/WhatsApp-Image-2026-04-04-at-14.54.28-1-169x300.jpeg\" alt=\"\" width=\"198\" height=\"351\" srcset=\"https:\/\/elizagipuzkoa.org\/wp-content\/uploads\/2026\/04\/WhatsApp-Image-2026-04-04-at-14.54.28-1-169x300.jpeg 169w, https:\/\/elizagipuzkoa.org\/wp-content\/uploads\/2026\/04\/WhatsApp-Image-2026-04-04-at-14.54.28-1-576x1024.jpeg 576w, https:\/\/elizagipuzkoa.org\/wp-content\/uploads\/2026\/04\/WhatsApp-Image-2026-04-04-at-14.54.28-1-768x1365.jpeg 768w, https:\/\/elizagipuzkoa.org\/wp-content\/uploads\/2026\/04\/WhatsApp-Image-2026-04-04-at-14.54.28-1-864x1536.jpeg 864w, https:\/\/elizagipuzkoa.org\/wp-content\/uploads\/2026\/04\/WhatsApp-Image-2026-04-04-at-14.54.28-1-420x747.jpeg 420w, https:\/\/elizagipuzkoa.org\/wp-content\/uploads\/2026\/04\/WhatsApp-Image-2026-04-04-at-14.54.28-1-360x640.jpeg 360w, https:\/\/elizagipuzkoa.org\/wp-content\/uploads\/2026\/04\/WhatsApp-Image-2026-04-04-at-14.54.28-1.jpeg 900w\" sizes=\"auto, (max-width: 198px) 100vw, 198px\" \/><\/p>\n<p data-start=\"1841\" data-end=\"2540\">Gero, gainerako nazaretarrak irten ziren, danbor joleekin, eta haurrekin batera. Hauek, Pasioko hainbat objektu zeramatzaten \u2014arantzazko koroak, iltzeak, lantzak&#8230;\u2014 Jainko Etzanaren irudiaren aurretik. Azken zatian, Hiru Mariek eta Bakardadearen pausoak kokatu ziren; ondoren, berriz, gurutze altxatua eta kandelak. Baita akolitoak, apaizak, kofrade-talde bat, eta musika-banda.<\/p>\n<p data-start=\"1841\" data-end=\"2540\"><img loading=\"lazy\" decoding=\"async\" class=\"alignnone wp-image-56662\" src=\"https:\/\/elizagipuzkoa.org\/wp-content\/uploads\/2026\/04\/55187402946_0a3cda21e7_k-300x200.jpg\" alt=\"\" width=\"432\" height=\"288\" srcset=\"https:\/\/elizagipuzkoa.org\/wp-content\/uploads\/2026\/04\/55187402946_0a3cda21e7_k-300x200.jpg 300w, https:\/\/elizagipuzkoa.org\/wp-content\/uploads\/2026\/04\/55187402946_0a3cda21e7_k-1024x681.jpg 1024w, https:\/\/elizagipuzkoa.org\/wp-content\/uploads\/2026\/04\/55187402946_0a3cda21e7_k-768x511.jpg 768w, https:\/\/elizagipuzkoa.org\/wp-content\/uploads\/2026\/04\/55187402946_0a3cda21e7_k-1536x1022.jpg 1536w, https:\/\/elizagipuzkoa.org\/wp-content\/uploads\/2026\/04\/55187402946_0a3cda21e7_k-625x415.jpg 625w, https:\/\/elizagipuzkoa.org\/wp-content\/uploads\/2026\/04\/55187402946_0a3cda21e7_k-420x279.jpg 420w, https:\/\/elizagipuzkoa.org\/wp-content\/uploads\/2026\/04\/55187402946_0a3cda21e7_k-640x426.jpg 640w, https:\/\/elizagipuzkoa.org\/wp-content\/uploads\/2026\/04\/55187402946_0a3cda21e7_k.jpg 2047w\" sizes=\"auto, (max-width: 432px) 100vw, 432px\" \/><\/p>\n<p data-start=\"2542\" data-end=\"3234\">Pausoek tinko egin zuten aurrera Donostiako kaleetan zehar; bertaratutako askoren artean emozio handia nabari zen. Fededunak, eta fededunak ez zirenak, prozesioaren solemnitateaz jantzi ziren. Fedetik urrun bizi diren baina bertan bizi izan zuten edertasunak, espiritualtasunak, solemnitateak eta misterioak irentsita zeuden pertsonen testigantza jaso zuen Elizbarrutiko Komunikazio Ordezkaritzak. Beste batzuek, aldiz, beren hirian, azkenean, Aste Santuko prozesio bat ikusi ahal izatearen poza azpimarratzen zuten, Kristoren nekaldia, heriotza eta berpizkundearen irudikapen publiko honetan kristau fedearen mamiaren adierazpen sakona, alegia.<\/p>\n<p data-start=\"2542\" data-end=\"3234\"><img loading=\"lazy\" decoding=\"async\" class=\"alignnone wp-image-56668\" src=\"https:\/\/elizagipuzkoa.org\/wp-content\/uploads\/2026\/04\/55187550708_8b9e3a08e9_k-300x200.jpg\" alt=\"\" width=\"398\" height=\"265\" srcset=\"https:\/\/elizagipuzkoa.org\/wp-content\/uploads\/2026\/04\/55187550708_8b9e3a08e9_k-300x200.jpg 300w, https:\/\/elizagipuzkoa.org\/wp-content\/uploads\/2026\/04\/55187550708_8b9e3a08e9_k-1024x681.jpg 1024w, https:\/\/elizagipuzkoa.org\/wp-content\/uploads\/2026\/04\/55187550708_8b9e3a08e9_k-768x511.jpg 768w, https:\/\/elizagipuzkoa.org\/wp-content\/uploads\/2026\/04\/55187550708_8b9e3a08e9_k-1536x1022.jpg 1536w, https:\/\/elizagipuzkoa.org\/wp-content\/uploads\/2026\/04\/55187550708_8b9e3a08e9_k-625x415.jpg 625w, https:\/\/elizagipuzkoa.org\/wp-content\/uploads\/2026\/04\/55187550708_8b9e3a08e9_k-420x279.jpg 420w, https:\/\/elizagipuzkoa.org\/wp-content\/uploads\/2026\/04\/55187550708_8b9e3a08e9_k-640x426.jpg 640w, https:\/\/elizagipuzkoa.org\/wp-content\/uploads\/2026\/04\/55187550708_8b9e3a08e9_k.jpg 2047w\" sizes=\"auto, (max-width: 398px) 100vw, 398px\" \/><\/p>\n<p>Askorentzat, gainera, eguna fede-ekintza publikoek Ebanjelioa iragartzeko, Jesukristok eskaintzen duen salbamena munduari erakusteko, eta denei zabaltzen dien Jaungoikoaren maitasuna aldarrikatzeko duten balioa gogorarazteko abagunea izan zan.<\/p>\n<p data-start=\"3236\" data-end=\"3491\"><img loading=\"lazy\" decoding=\"async\" class=\"alignnone wp-image-56677\" src=\"https:\/\/elizagipuzkoa.org\/wp-content\/uploads\/2026\/04\/55187791805_9299b6e295_k-300x200.jpg\" alt=\"\" width=\"401\" height=\"267\" srcset=\"https:\/\/elizagipuzkoa.org\/wp-content\/uploads\/2026\/04\/55187791805_9299b6e295_k-300x200.jpg 300w, https:\/\/elizagipuzkoa.org\/wp-content\/uploads\/2026\/04\/55187791805_9299b6e295_k-1024x681.jpg 1024w, https:\/\/elizagipuzkoa.org\/wp-content\/uploads\/2026\/04\/55187791805_9299b6e295_k-768x511.jpg 768w, https:\/\/elizagipuzkoa.org\/wp-content\/uploads\/2026\/04\/55187791805_9299b6e295_k-1536x1022.jpg 1536w, https:\/\/elizagipuzkoa.org\/wp-content\/uploads\/2026\/04\/55187791805_9299b6e295_k-625x415.jpg 625w, https:\/\/elizagipuzkoa.org\/wp-content\/uploads\/2026\/04\/55187791805_9299b6e295_k-420x279.jpg 420w, https:\/\/elizagipuzkoa.org\/wp-content\/uploads\/2026\/04\/55187791805_9299b6e295_k-640x426.jpg 640w, https:\/\/elizagipuzkoa.org\/wp-content\/uploads\/2026\/04\/55187791805_9299b6e295_k.jpg 2047w\" sizes=\"auto, (max-width: 401px) 100vw, 401px\" \/><\/p>\n<p data-start=\"3493\" data-end=\"4140\">Gaueko alderdi nabarmenetako bat hiri osoak ekitaldiaren garapenean izan zuen errespetua izan zen. Bakoitzaren sinesmenak alde batera utzirik, ezerk ez zuen asaldatu pausoen duintasuna.<\/p>\n<p data-start=\"3493\" data-end=\"4140\"><img loading=\"lazy\" decoding=\"async\" class=\"alignnone wp-image-56674\" src=\"https:\/\/elizagipuzkoa.org\/wp-content\/uploads\/2026\/04\/55187398186_a966c651bf_k-300x200.jpg\" alt=\"\" width=\"413\" height=\"275\" srcset=\"https:\/\/elizagipuzkoa.org\/wp-content\/uploads\/2026\/04\/55187398186_a966c651bf_k-300x200.jpg 300w, https:\/\/elizagipuzkoa.org\/wp-content\/uploads\/2026\/04\/55187398186_a966c651bf_k-1024x681.jpg 1024w, https:\/\/elizagipuzkoa.org\/wp-content\/uploads\/2026\/04\/55187398186_a966c651bf_k-768x511.jpg 768w, https:\/\/elizagipuzkoa.org\/wp-content\/uploads\/2026\/04\/55187398186_a966c651bf_k-1536x1022.jpg 1536w, https:\/\/elizagipuzkoa.org\/wp-content\/uploads\/2026\/04\/55187398186_a966c651bf_k-625x415.jpg 625w, https:\/\/elizagipuzkoa.org\/wp-content\/uploads\/2026\/04\/55187398186_a966c651bf_k-420x279.jpg 420w, https:\/\/elizagipuzkoa.org\/wp-content\/uploads\/2026\/04\/55187398186_a966c651bf_k-640x426.jpg 640w, https:\/\/elizagipuzkoa.org\/wp-content\/uploads\/2026\/04\/55187398186_a966c651bf_k.jpg 2047w\" sizes=\"auto, (max-width: 413px) 100vw, 413px\" \/><\/p>\n<p data-start=\"3493\" data-end=\"4140\">Espiritualtasun eta erlijiotasun herrikoi handiko giroa bizi izan zen; ibilbidearen zati handi batean zehar, musika-banda, eta danborrak apenas entzuten ziren, gotzaina, isilpean, errosarioa errezatuz ari zen bitartean.<\/p>\n<p data-start=\"3493\" data-end=\"4140\"><img loading=\"lazy\" decoding=\"async\" class=\"alignnone wp-image-56656\" src=\"https:\/\/elizagipuzkoa.org\/wp-content\/uploads\/2026\/04\/55187557958_175e18fc6d_k-300x200.jpg\" alt=\"\" width=\"375\" height=\"250\" srcset=\"https:\/\/elizagipuzkoa.org\/wp-content\/uploads\/2026\/04\/55187557958_175e18fc6d_k-300x200.jpg 300w, https:\/\/elizagipuzkoa.org\/wp-content\/uploads\/2026\/04\/55187557958_175e18fc6d_k-1024x681.jpg 1024w, https:\/\/elizagipuzkoa.org\/wp-content\/uploads\/2026\/04\/55187557958_175e18fc6d_k-768x511.jpg 768w, https:\/\/elizagipuzkoa.org\/wp-content\/uploads\/2026\/04\/55187557958_175e18fc6d_k-1536x1022.jpg 1536w, https:\/\/elizagipuzkoa.org\/wp-content\/uploads\/2026\/04\/55187557958_175e18fc6d_k-625x415.jpg 625w, https:\/\/elizagipuzkoa.org\/wp-content\/uploads\/2026\/04\/55187557958_175e18fc6d_k-420x279.jpg 420w, https:\/\/elizagipuzkoa.org\/wp-content\/uploads\/2026\/04\/55187557958_175e18fc6d_k-640x426.jpg 640w, https:\/\/elizagipuzkoa.org\/wp-content\/uploads\/2026\/04\/55187557958_175e18fc6d_k.jpg 2047w\" sizes=\"auto, (max-width: 375px) 100vw, 375px\" \/><\/p>\n<p>Kandelen argiak, Doloretako Ama Birjinaren, eta Jesusen aurpegiak argituz, giro berezi bat sortzen ere lagundu zuen, ikusezina, ikusi daitekeenaren bidez hainbati gogoraraziz.<\/p>\n<p data-start=\"3493\" data-end=\"4140\"><img loading=\"lazy\" decoding=\"async\" class=\"alignnone wp-image-56680\" src=\"https:\/\/elizagipuzkoa.org\/wp-content\/uploads\/2026\/04\/55187649139_c3bd7ff64d_k-300x200.jpg\" alt=\"\" width=\"386\" height=\"257\" srcset=\"https:\/\/elizagipuzkoa.org\/wp-content\/uploads\/2026\/04\/55187649139_c3bd7ff64d_k-300x200.jpg 300w, https:\/\/elizagipuzkoa.org\/wp-content\/uploads\/2026\/04\/55187649139_c3bd7ff64d_k-1024x681.jpg 1024w, https:\/\/elizagipuzkoa.org\/wp-content\/uploads\/2026\/04\/55187649139_c3bd7ff64d_k-768x511.jpg 768w, https:\/\/elizagipuzkoa.org\/wp-content\/uploads\/2026\/04\/55187649139_c3bd7ff64d_k-1536x1022.jpg 1536w, https:\/\/elizagipuzkoa.org\/wp-content\/uploads\/2026\/04\/55187649139_c3bd7ff64d_k-625x415.jpg 625w, https:\/\/elizagipuzkoa.org\/wp-content\/uploads\/2026\/04\/55187649139_c3bd7ff64d_k-420x279.jpg 420w, https:\/\/elizagipuzkoa.org\/wp-content\/uploads\/2026\/04\/55187649139_c3bd7ff64d_k-640x426.jpg 640w, https:\/\/elizagipuzkoa.org\/wp-content\/uploads\/2026\/04\/55187649139_c3bd7ff64d_k.jpg 2047w\" sizes=\"auto, (max-width: 386px) 100vw, 386px\" \/><\/p>\n<p>Gipuzkoa plazan gaueko unerik esanguratsuenetako bat bizi izan zen. Bertan, otoitz-garaian, on Jon Molinak, katedraleko erretorea, Jesusen berpizkundeak kristau guztiei esaten dienaz hitz egin zuen, bai eta gaurko munduari eta gizarteari nola galdetzen dion ere. Askorentzat, berez historikoa den prozesio baten puntu gorena izan zen.<\/p>\n<p data-start=\"4142\" data-end=\"4542\"><img loading=\"lazy\" decoding=\"async\" class=\"alignnone wp-image-56653\" src=\"https:\/\/elizagipuzkoa.org\/wp-content\/uploads\/2026\/04\/55186513877_663cde1533_k-300x200.jpg\" alt=\"\" width=\"408\" height=\"272\" srcset=\"https:\/\/elizagipuzkoa.org\/wp-content\/uploads\/2026\/04\/55186513877_663cde1533_k-300x200.jpg 300w, https:\/\/elizagipuzkoa.org\/wp-content\/uploads\/2026\/04\/55186513877_663cde1533_k-1024x681.jpg 1024w, https:\/\/elizagipuzkoa.org\/wp-content\/uploads\/2026\/04\/55186513877_663cde1533_k-768x511.jpg 768w, https:\/\/elizagipuzkoa.org\/wp-content\/uploads\/2026\/04\/55186513877_663cde1533_k-1536x1022.jpg 1536w, https:\/\/elizagipuzkoa.org\/wp-content\/uploads\/2026\/04\/55186513877_663cde1533_k-625x415.jpg 625w, https:\/\/elizagipuzkoa.org\/wp-content\/uploads\/2026\/04\/55186513877_663cde1533_k-420x279.jpg 420w, https:\/\/elizagipuzkoa.org\/wp-content\/uploads\/2026\/04\/55186513877_663cde1533_k-640x426.jpg 640w, https:\/\/elizagipuzkoa.org\/wp-content\/uploads\/2026\/04\/55186513877_663cde1533_k.jpg 2047w\" sizes=\"auto, (max-width: 408px) 100vw, 408px\" \/><\/p>\n<p>Katedralera itzultzeak bere horretan eutsi zion solemnitateari. Elizan, Jon Molina jaunak talde antolatzaileari zorionak eman ondoren, gotzainak hitza hartu, eta prozesio historiko hau aurrera ateratzea posible egin duten guztiek, azken hilabeteetan egindako lan eskerga nabarmendu nahi izan zuen. Era berean gogoratu zuen, bizi izandako guztiaren azken zentzua Jainkoa goraipatzea eta Berri Ona aldarrikatzea izan zela.<\/p>\n<p data-start=\"4544\" data-end=\"5079\"><img loading=\"lazy\" decoding=\"async\" class=\"alignnone wp-image-56683\" src=\"https:\/\/elizagipuzkoa.org\/wp-content\/uploads\/2026\/04\/55187554083_40a1d27902_k-300x200.jpg\" alt=\"\" width=\"411\" height=\"274\" srcset=\"https:\/\/elizagipuzkoa.org\/wp-content\/uploads\/2026\/04\/55187554083_40a1d27902_k-300x200.jpg 300w, https:\/\/elizagipuzkoa.org\/wp-content\/uploads\/2026\/04\/55187554083_40a1d27902_k-1024x681.jpg 1024w, https:\/\/elizagipuzkoa.org\/wp-content\/uploads\/2026\/04\/55187554083_40a1d27902_k-768x511.jpg 768w, https:\/\/elizagipuzkoa.org\/wp-content\/uploads\/2026\/04\/55187554083_40a1d27902_k-1536x1022.jpg 1536w, https:\/\/elizagipuzkoa.org\/wp-content\/uploads\/2026\/04\/55187554083_40a1d27902_k-625x415.jpg 625w, https:\/\/elizagipuzkoa.org\/wp-content\/uploads\/2026\/04\/55187554083_40a1d27902_k-420x279.jpg 420w, https:\/\/elizagipuzkoa.org\/wp-content\/uploads\/2026\/04\/55187554083_40a1d27902_k-640x426.jpg 640w, https:\/\/elizagipuzkoa.org\/wp-content\/uploads\/2026\/04\/55187554083_40a1d27902_k.jpg 2047w\" sizes=\"auto, (max-width: 411px) 100vw, 411px\" \/><\/p>\n<p>Berreskurapen honetan lan egin eta parte hartu duten guztiei beste esker on bat emanez, eta prozesioan parte hartu duten ia 500 lagunen txalo zaparrada beroaren ostean, Donostian oroimenerako geratuko den Ostiral Santua amaitu zen.<\/p>\n<ul>\n<li data-start=\"5081\" data-end=\"5321\">Argazkiak <span style=\"color: #0000ff;\"><a style=\"color: #0000ff;\" href=\"https:\/\/flic.kr\/s\/aHBqjCPUkU\">Flickren<\/a> <\/span>(datozen orduetan prozesioko argazki eta bideo gehiago kargatzen jarraituko dugu Elizbarrutiko sare sozialetan).<\/li>\n<\/ul>\n","protected":false},"excerpt":{"rendered":"<p>Donostiak arratsalde benetan historikoa bizi izan zuen atzo, Ostiral Santuko prozesioa berreskuratzearekin batera. Prozesioa hiriko kaleetan barrena ibili zen berriro ere mende erdian ospatu gabe [&#8230;]<\/p>\n","protected":false},"author":3,"featured_media":56660,"comment_status":"closed","ping_status":"closed","sticky":false,"template":"","format":"standard","meta":{"_price":"","_stock":"","_tribe_ticket_header":"","_tribe_default_ticket_provider":"","_tribe_ticket_capacity":"0","_ticket_start_date":"","_ticket_end_date":"","_tribe_ticket_show_description":"","_tribe_ticket_show_not_going":false,"_tribe_ticket_use_global_stock":"","_tribe_ticket_global_stock_level":"","_global_stock_mode":"","_global_stock_cap":"","_tribe_rsvp_for_event":"","_tribe_ticket_going_count":"","_tribe_ticket_not_going_count":"","_tribe_tickets_list":"[]","_tribe_ticket_has_attendee_info_fields":false,"footnotes":""},"categories":[162],"tags":[],"class_list":["post-56687","post","type-post","status-publish","format-standard","has-post-thumbnail","hentry","category-gaurkotasuna"],"yoast_head":"<!-- This site is optimized with the Yoast SEO plugin v26.9 - https:\/\/yoast.com\/product\/yoast-seo-wordpress\/ -->\n<title>Ostiral Santuko prozesioa Donostiako kaleetara itzuli da gau historiko batean - Di\u00f3cesis de San Sebasti\u00e1n<\/title>\n<meta name=\"description\" content=\"San Sebasti\u00e1n vivi\u00f3 ayer una tarde verdaderamente hist\u00f3rica con la recuperaci\u00f3n de la procesi\u00f3n de Viernes Santo, que volvi\u00f3 a recorrer las calles de la ciudad tras medio siglo de ausencia.\" \/>\n<meta name=\"robots\" content=\"index, follow, max-snippet:-1, max-image-preview:large, max-video-preview:-1\" \/>\n<link rel=\"canonical\" href=\"https:\/\/elizagipuzkoa.org\/eu\/la-procesion-de-viernes-santo-vuelve-a-las-calles-de-san-sebastian-en-una-noche-historica\/\" \/>\n<meta property=\"og:locale\" content=\"en_US\" \/>\n<meta property=\"og:type\" content=\"article\" \/>\n<meta property=\"og:title\" content=\"Ostiral Santuko prozesioa Donostiako kaleetara itzuli da gau historiko batean - Di\u00f3cesis de San Sebasti\u00e1n\" \/>\n<meta property=\"og:description\" content=\"San Sebasti\u00e1n vivi\u00f3 ayer una tarde verdaderamente hist\u00f3rica con la recuperaci\u00f3n de la procesi\u00f3n de Viernes Santo, que volvi\u00f3 a recorrer las calles de la ciudad tras medio siglo de ausencia.\" \/>\n<meta property=\"og:url\" content=\"https:\/\/elizagipuzkoa.org\/eu\/la-procesion-de-viernes-santo-vuelve-a-las-calles-de-san-sebastian-en-una-noche-historica\/\" \/>\n<meta property=\"og:site_name\" content=\"Di\u00f3cesis de San Sebasti\u00e1n\" \/>\n<meta property=\"article:publisher\" content=\"https:\/\/www.facebook.com\/p\/Donostiako-ElizbarrutiaDicesis-de-San-Sebastin-100064874702840\/\" \/>\n<meta property=\"article:published_time\" content=\"2026-04-04T18:16:01+00:00\" \/>\n<meta property=\"article:modified_time\" content=\"2026-04-14T10:37:23+00:00\" \/>\n<meta property=\"og:image\" content=\"https:\/\/elizagipuzkoa.org\/wp-content\/uploads\/2026\/04\/55187402116_fb45aaaf40_k.jpg\" \/>\n\t<meta property=\"og:image:width\" content=\"2047\" \/>\n\t<meta property=\"og:image:height\" content=\"1362\" \/>\n\t<meta property=\"og:image:type\" content=\"image\/jpeg\" \/>\n<meta name=\"author\" content=\"Ivan Benko\" \/>\n<meta name=\"twitter:card\" content=\"summary_large_image\" \/>\n<meta name=\"twitter:creator\" content=\"@diocesis_ss\" \/>\n<meta name=\"twitter:site\" content=\"@diocesis_ss\" \/>\n<meta name=\"twitter:label1\" content=\"Written by\" \/>\n\t<meta name=\"twitter:data1\" content=\"Ivan Benko\" \/>\n\t<meta name=\"twitter:label2\" content=\"Est. reading time\" \/>\n\t<meta name=\"twitter:data2\" content=\"6 minutua\" \/>\n<script type=\"application\/ld+json\" class=\"yoast-schema-graph\">{\"@context\":\"https:\/\/schema.org\",\"@graph\":[{\"@type\":\"Article\",\"@id\":\"https:\/\/elizagipuzkoa.org\/eu\/la-procesion-de-viernes-santo-vuelve-a-las-calles-de-san-sebastian-en-una-noche-historica\/#article\",\"isPartOf\":{\"@id\":\"https:\/\/elizagipuzkoa.org\/eu\/la-procesion-de-viernes-santo-vuelve-a-las-calles-de-san-sebastian-en-una-noche-historica\/\"},\"author\":{\"name\":\"Ivan Benko\",\"@id\":\"https:\/\/elizagipuzkoa.org\/eu\/#\/schema\/person\/d33380af7f6eaf564ae1ed5b8fb1e8a9\"},\"headline\":\"Ostiral Santuko prozesioa Donostiako kaleetara itzuli da gau historiko batean\",\"datePublished\":\"2026-04-04T18:16:01+00:00\",\"dateModified\":\"2026-04-14T10:37:23+00:00\",\"mainEntityOfPage\":{\"@id\":\"https:\/\/elizagipuzkoa.org\/eu\/la-procesion-de-viernes-santo-vuelve-a-las-calles-de-san-sebastian-en-una-noche-historica\/\"},\"wordCount\":569,\"publisher\":{\"@id\":\"https:\/\/elizagipuzkoa.org\/eu\/#organization\"},\"image\":{\"@id\":\"https:\/\/elizagipuzkoa.org\/eu\/la-procesion-de-viernes-santo-vuelve-a-las-calles-de-san-sebastian-en-una-noche-historica\/#primaryimage\"},\"thumbnailUrl\":\"https:\/\/elizagipuzkoa.org\/wp-content\/uploads\/2026\/04\/55187402116_fb45aaaf40_k.jpg\",\"articleSection\":[\"Gaurkotasuna\"],\"inLanguage\":\"eu\"},{\"@type\":\"WebPage\",\"@id\":\"https:\/\/elizagipuzkoa.org\/eu\/la-procesion-de-viernes-santo-vuelve-a-las-calles-de-san-sebastian-en-una-noche-historica\/\",\"url\":\"https:\/\/elizagipuzkoa.org\/eu\/la-procesion-de-viernes-santo-vuelve-a-las-calles-de-san-sebastian-en-una-noche-historica\/\",\"name\":\"Ostiral Santuko prozesioa Donostiako kaleetara itzuli da gau historiko batean - Di\u00f3cesis de San Sebasti\u00e1n\",\"isPartOf\":{\"@id\":\"https:\/\/elizagipuzkoa.org\/eu\/#website\"},\"primaryImageOfPage\":{\"@id\":\"https:\/\/elizagipuzkoa.org\/eu\/la-procesion-de-viernes-santo-vuelve-a-las-calles-de-san-sebastian-en-una-noche-historica\/#primaryimage\"},\"image\":{\"@id\":\"https:\/\/elizagipuzkoa.org\/eu\/la-procesion-de-viernes-santo-vuelve-a-las-calles-de-san-sebastian-en-una-noche-historica\/#primaryimage\"},\"thumbnailUrl\":\"https:\/\/elizagipuzkoa.org\/wp-content\/uploads\/2026\/04\/55187402116_fb45aaaf40_k.jpg\",\"datePublished\":\"2026-04-04T18:16:01+00:00\",\"dateModified\":\"2026-04-14T10:37:23+00:00\",\"description\":\"San Sebasti\u00e1n vivi\u00f3 ayer una tarde verdaderamente hist\u00f3rica con la recuperaci\u00f3n de la procesi\u00f3n de Viernes Santo, que volvi\u00f3 a recorrer las calles de la ciudad tras medio siglo de ausencia.\",\"breadcrumb\":{\"@id\":\"https:\/\/elizagipuzkoa.org\/eu\/la-procesion-de-viernes-santo-vuelve-a-las-calles-de-san-sebastian-en-una-noche-historica\/#breadcrumb\"},\"inLanguage\":\"eu\",\"potentialAction\":[{\"@type\":\"ReadAction\",\"target\":[\"https:\/\/elizagipuzkoa.org\/eu\/la-procesion-de-viernes-santo-vuelve-a-las-calles-de-san-sebastian-en-una-noche-historica\/\"]}]},{\"@type\":\"ImageObject\",\"inLanguage\":\"eu\",\"@id\":\"https:\/\/elizagipuzkoa.org\/eu\/la-procesion-de-viernes-santo-vuelve-a-las-calles-de-san-sebastian-en-una-noche-historica\/#primaryimage\",\"url\":\"https:\/\/elizagipuzkoa.org\/wp-content\/uploads\/2026\/04\/55187402116_fb45aaaf40_k.jpg\",\"contentUrl\":\"https:\/\/elizagipuzkoa.org\/wp-content\/uploads\/2026\/04\/55187402116_fb45aaaf40_k.jpg\",\"width\":2047,\"height\":1362},{\"@type\":\"BreadcrumbList\",\"@id\":\"https:\/\/elizagipuzkoa.org\/eu\/la-procesion-de-viernes-santo-vuelve-a-las-calles-de-san-sebastian-en-una-noche-historica\/#breadcrumb\",\"itemListElement\":[{\"@type\":\"ListItem\",\"position\":1,\"name\":\"Inicio\",\"item\":\"https:\/\/elizagipuzkoa.org\/eu\/\"},{\"@type\":\"ListItem\",\"position\":2,\"name\":\"Ostiral Santuko prozesioa Donostiako kaleetara itzuli da gau historiko batean\"}]},{\"@type\":\"WebSite\",\"@id\":\"https:\/\/elizagipuzkoa.org\/eu\/#website\",\"url\":\"https:\/\/elizagipuzkoa.org\/eu\/\",\"name\":\"Di\u00f3cesis de San Sebasti\u00e1n\",\"description\":\"\",\"publisher\":{\"@id\":\"https:\/\/elizagipuzkoa.org\/eu\/#organization\"},\"potentialAction\":[{\"@type\":\"SearchAction\",\"target\":{\"@type\":\"EntryPoint\",\"urlTemplate\":\"https:\/\/elizagipuzkoa.org\/eu\/?s={search_term_string}\"},\"query-input\":{\"@type\":\"PropertyValueSpecification\",\"valueRequired\":true,\"valueName\":\"search_term_string\"}}],\"inLanguage\":\"eu\"},{\"@type\":\"Organization\",\"@id\":\"https:\/\/elizagipuzkoa.org\/eu\/#organization\",\"name\":\"Di\u00f3cesis de San Sebasti\u00e1n\",\"url\":\"https:\/\/elizagipuzkoa.org\/eu\/\",\"logo\":{\"@type\":\"ImageObject\",\"inLanguage\":\"eu\",\"@id\":\"https:\/\/elizagipuzkoa.org\/eu\/#\/schema\/logo\/image\/\",\"url\":\"https:\/\/elizagipuzkoa.org\/wp-content\/uploads\/2024\/02\/logo_transparente_250.png\",\"contentUrl\":\"https:\/\/elizagipuzkoa.org\/wp-content\/uploads\/2024\/02\/logo_transparente_250.png\",\"width\":250,\"height\":124,\"caption\":\"Di\u00f3cesis de San Sebasti\u00e1n\"},\"image\":{\"@id\":\"https:\/\/elizagipuzkoa.org\/eu\/#\/schema\/logo\/image\/\"},\"sameAs\":[\"https:\/\/www.facebook.com\/p\/Donostiako-ElizbarrutiaDicesis-de-San-Sebastin-100064874702840\/\",\"https:\/\/x.com\/diocesis_ss\",\"https:\/\/www.instagram.com\/diocesis_ss\/?hl=es\",\"https:\/\/www.youtube.com\/@DiocesisdeSanSebastian\",\"https:\/\/www.flickr.com\/photos\/133958253@N05\/albums\/\"]},{\"@type\":\"Person\",\"@id\":\"https:\/\/elizagipuzkoa.org\/eu\/#\/schema\/person\/d33380af7f6eaf564ae1ed5b8fb1e8a9\",\"name\":\"Ivan Benko\",\"image\":{\"@type\":\"ImageObject\",\"inLanguage\":\"eu\",\"@id\":\"https:\/\/elizagipuzkoa.org\/eu\/#\/schema\/person\/image\/\",\"url\":\"https:\/\/secure.gravatar.com\/avatar\/f90bd9f1506ff6ba69f5e66b32b211ab55afa300918f2b96b163f0336d4fcb10?s=96&d=mm&r=g\",\"contentUrl\":\"https:\/\/secure.gravatar.com\/avatar\/f90bd9f1506ff6ba69f5e66b32b211ab55afa300918f2b96b163f0336d4fcb10?s=96&d=mm&r=g\",\"caption\":\"Ivan Benko\"},\"url\":\"https:\/\/elizagipuzkoa.org\/eu\/author\/comunicacion\/\"}]}<\/script>\n<!-- \/ Yoast SEO plugin. -->","yoast_head_json":{"title":"Ostiral Santuko prozesioa Donostiako kaleetara itzuli da gau historiko batean - Di\u00f3cesis de San Sebasti\u00e1n","description":"San Sebasti\u00e1n vivi\u00f3 ayer una tarde verdaderamente hist\u00f3rica con la recuperaci\u00f3n de la procesi\u00f3n de Viernes Santo, que volvi\u00f3 a recorrer las calles de la ciudad tras medio siglo de ausencia.","robots":{"index":"index","follow":"follow","max-snippet":"max-snippet:-1","max-image-preview":"max-image-preview:large","max-video-preview":"max-video-preview:-1"},"canonical":"https:\/\/elizagipuzkoa.org\/eu\/la-procesion-de-viernes-santo-vuelve-a-las-calles-de-san-sebastian-en-una-noche-historica\/","og_locale":"en_US","og_type":"article","og_title":"Ostiral Santuko prozesioa Donostiako kaleetara itzuli da gau historiko batean - Di\u00f3cesis de San Sebasti\u00e1n","og_description":"San Sebasti\u00e1n vivi\u00f3 ayer una tarde verdaderamente hist\u00f3rica con la recuperaci\u00f3n de la procesi\u00f3n de Viernes Santo, que volvi\u00f3 a recorrer las calles de la ciudad tras medio siglo de ausencia.","og_url":"https:\/\/elizagipuzkoa.org\/eu\/la-procesion-de-viernes-santo-vuelve-a-las-calles-de-san-sebastian-en-una-noche-historica\/","og_site_name":"Di\u00f3cesis de San Sebasti\u00e1n","article_publisher":"https:\/\/www.facebook.com\/p\/Donostiako-ElizbarrutiaDicesis-de-San-Sebastin-100064874702840\/","article_published_time":"2026-04-04T18:16:01+00:00","article_modified_time":"2026-04-14T10:37:23+00:00","og_image":[{"width":2047,"height":1362,"url":"https:\/\/elizagipuzkoa.org\/wp-content\/uploads\/2026\/04\/55187402116_fb45aaaf40_k.jpg","type":"image\/jpeg"}],"author":"Ivan Benko","twitter_card":"summary_large_image","twitter_creator":"@diocesis_ss","twitter_site":"@diocesis_ss","twitter_misc":{"Written by":"Ivan Benko","Est. reading time":"6 minutua"},"schema":{"@context":"https:\/\/schema.org","@graph":[{"@type":"Article","@id":"https:\/\/elizagipuzkoa.org\/eu\/la-procesion-de-viernes-santo-vuelve-a-las-calles-de-san-sebastian-en-una-noche-historica\/#article","isPartOf":{"@id":"https:\/\/elizagipuzkoa.org\/eu\/la-procesion-de-viernes-santo-vuelve-a-las-calles-de-san-sebastian-en-una-noche-historica\/"},"author":{"name":"Ivan Benko","@id":"https:\/\/elizagipuzkoa.org\/eu\/#\/schema\/person\/d33380af7f6eaf564ae1ed5b8fb1e8a9"},"headline":"Ostiral Santuko prozesioa Donostiako kaleetara itzuli da gau historiko batean","datePublished":"2026-04-04T18:16:01+00:00","dateModified":"2026-04-14T10:37:23+00:00","mainEntityOfPage":{"@id":"https:\/\/elizagipuzkoa.org\/eu\/la-procesion-de-viernes-santo-vuelve-a-las-calles-de-san-sebastian-en-una-noche-historica\/"},"wordCount":569,"publisher":{"@id":"https:\/\/elizagipuzkoa.org\/eu\/#organization"},"image":{"@id":"https:\/\/elizagipuzkoa.org\/eu\/la-procesion-de-viernes-santo-vuelve-a-las-calles-de-san-sebastian-en-una-noche-historica\/#primaryimage"},"thumbnailUrl":"https:\/\/elizagipuzkoa.org\/wp-content\/uploads\/2026\/04\/55187402116_fb45aaaf40_k.jpg","articleSection":["Gaurkotasuna"],"inLanguage":"eu"},{"@type":"WebPage","@id":"https:\/\/elizagipuzkoa.org\/eu\/la-procesion-de-viernes-santo-vuelve-a-las-calles-de-san-sebastian-en-una-noche-historica\/","url":"https:\/\/elizagipuzkoa.org\/eu\/la-procesion-de-viernes-santo-vuelve-a-las-calles-de-san-sebastian-en-una-noche-historica\/","name":"Ostiral Santuko prozesioa Donostiako kaleetara itzuli da gau historiko batean - Di\u00f3cesis de San Sebasti\u00e1n","isPartOf":{"@id":"https:\/\/elizagipuzkoa.org\/eu\/#website"},"primaryImageOfPage":{"@id":"https:\/\/elizagipuzkoa.org\/eu\/la-procesion-de-viernes-santo-vuelve-a-las-calles-de-san-sebastian-en-una-noche-historica\/#primaryimage"},"image":{"@id":"https:\/\/elizagipuzkoa.org\/eu\/la-procesion-de-viernes-santo-vuelve-a-las-calles-de-san-sebastian-en-una-noche-historica\/#primaryimage"},"thumbnailUrl":"https:\/\/elizagipuzkoa.org\/wp-content\/uploads\/2026\/04\/55187402116_fb45aaaf40_k.jpg","datePublished":"2026-04-04T18:16:01+00:00","dateModified":"2026-04-14T10:37:23+00:00","description":"San Sebasti\u00e1n vivi\u00f3 ayer una tarde verdaderamente hist\u00f3rica con la recuperaci\u00f3n de la procesi\u00f3n de Viernes Santo, que volvi\u00f3 a recorrer las calles de la ciudad tras medio siglo de ausencia.","breadcrumb":{"@id":"https:\/\/elizagipuzkoa.org\/eu\/la-procesion-de-viernes-santo-vuelve-a-las-calles-de-san-sebastian-en-una-noche-historica\/#breadcrumb"},"inLanguage":"eu","potentialAction":[{"@type":"ReadAction","target":["https:\/\/elizagipuzkoa.org\/eu\/la-procesion-de-viernes-santo-vuelve-a-las-calles-de-san-sebastian-en-una-noche-historica\/"]}]},{"@type":"ImageObject","inLanguage":"eu","@id":"https:\/\/elizagipuzkoa.org\/eu\/la-procesion-de-viernes-santo-vuelve-a-las-calles-de-san-sebastian-en-una-noche-historica\/#primaryimage","url":"https:\/\/elizagipuzkoa.org\/wp-content\/uploads\/2026\/04\/55187402116_fb45aaaf40_k.jpg","contentUrl":"https:\/\/elizagipuzkoa.org\/wp-content\/uploads\/2026\/04\/55187402116_fb45aaaf40_k.jpg","width":2047,"height":1362},{"@type":"BreadcrumbList","@id":"https:\/\/elizagipuzkoa.org\/eu\/la-procesion-de-viernes-santo-vuelve-a-las-calles-de-san-sebastian-en-una-noche-historica\/#breadcrumb","itemListElement":[{"@type":"ListItem","position":1,"name":"Inicio","item":"https:\/\/elizagipuzkoa.org\/eu\/"},{"@type":"ListItem","position":2,"name":"Ostiral Santuko prozesioa Donostiako kaleetara itzuli da gau historiko batean"}]},{"@type":"WebSite","@id":"https:\/\/elizagipuzkoa.org\/eu\/#website","url":"https:\/\/elizagipuzkoa.org\/eu\/","name":"Di\u00f3cesis de San Sebasti\u00e1n","description":"","publisher":{"@id":"https:\/\/elizagipuzkoa.org\/eu\/#organization"},"potentialAction":[{"@type":"SearchAction","target":{"@type":"EntryPoint","urlTemplate":"https:\/\/elizagipuzkoa.org\/eu\/?s={search_term_string}"},"query-input":{"@type":"PropertyValueSpecification","valueRequired":true,"valueName":"search_term_string"}}],"inLanguage":"eu"},{"@type":"Organization","@id":"https:\/\/elizagipuzkoa.org\/eu\/#organization","name":"Di\u00f3cesis de San Sebasti\u00e1n","url":"https:\/\/elizagipuzkoa.org\/eu\/","logo":{"@type":"ImageObject","inLanguage":"eu","@id":"https:\/\/elizagipuzkoa.org\/eu\/#\/schema\/logo\/image\/","url":"https:\/\/elizagipuzkoa.org\/wp-content\/uploads\/2024\/02\/logo_transparente_250.png","contentUrl":"https:\/\/elizagipuzkoa.org\/wp-content\/uploads\/2024\/02\/logo_transparente_250.png","width":250,"height":124,"caption":"Di\u00f3cesis de San Sebasti\u00e1n"},"image":{"@id":"https:\/\/elizagipuzkoa.org\/eu\/#\/schema\/logo\/image\/"},"sameAs":["https:\/\/www.facebook.com\/p\/Donostiako-ElizbarrutiaDicesis-de-San-Sebastin-100064874702840\/","https:\/\/x.com\/diocesis_ss","https:\/\/www.instagram.com\/diocesis_ss\/?hl=es","https:\/\/www.youtube.com\/@DiocesisdeSanSebastian","https:\/\/www.flickr.com\/photos\/133958253@N05\/albums\/"]},{"@type":"Person","@id":"https:\/\/elizagipuzkoa.org\/eu\/#\/schema\/person\/d33380af7f6eaf564ae1ed5b8fb1e8a9","name":"Ivan Benko","image":{"@type":"ImageObject","inLanguage":"eu","@id":"https:\/\/elizagipuzkoa.org\/eu\/#\/schema\/person\/image\/","url":"https:\/\/secure.gravatar.com\/avatar\/f90bd9f1506ff6ba69f5e66b32b211ab55afa300918f2b96b163f0336d4fcb10?s=96&d=mm&r=g","contentUrl":"https:\/\/secure.gravatar.com\/avatar\/f90bd9f1506ff6ba69f5e66b32b211ab55afa300918f2b96b163f0336d4fcb10?s=96&d=mm&r=g","caption":"Ivan Benko"},"url":"https:\/\/elizagipuzkoa.org\/eu\/author\/comunicacion\/"}]}},"_links":{"self":[{"href":"https:\/\/elizagipuzkoa.org\/eu\/wp-json\/wp\/v2\/posts\/56687","targetHints":{"allow":["GET"]}}],"collection":[{"href":"https:\/\/elizagipuzkoa.org\/eu\/wp-json\/wp\/v2\/posts"}],"about":[{"href":"https:\/\/elizagipuzkoa.org\/eu\/wp-json\/wp\/v2\/types\/post"}],"author":[{"embeddable":true,"href":"https:\/\/elizagipuzkoa.org\/eu\/wp-json\/wp\/v2\/users\/3"}],"replies":[{"embeddable":true,"href":"https:\/\/elizagipuzkoa.org\/eu\/wp-json\/wp\/v2\/comments?post=56687"}],"version-history":[{"count":3,"href":"https:\/\/elizagipuzkoa.org\/eu\/wp-json\/wp\/v2\/posts\/56687\/revisions"}],"predecessor-version":[{"id":56989,"href":"https:\/\/elizagipuzkoa.org\/eu\/wp-json\/wp\/v2\/posts\/56687\/revisions\/56989"}],"wp:featuredmedia":[{"embeddable":true,"href":"https:\/\/elizagipuzkoa.org\/eu\/wp-json\/wp\/v2\/media\/56660"}],"wp:attachment":[{"href":"https:\/\/elizagipuzkoa.org\/eu\/wp-json\/wp\/v2\/media?parent=56687"}],"wp:term":[{"taxonomy":"category","embeddable":true,"href":"https:\/\/elizagipuzkoa.org\/eu\/wp-json\/wp\/v2\/categories?post=56687"},{"taxonomy":"post_tag","embeddable":true,"href":"https:\/\/elizagipuzkoa.org\/eu\/wp-json\/wp\/v2\/tags?post=56687"}],"curies":[{"name":"wp","href":"https:\/\/api.w.org\/{rel}","templated":true}]}}