{"id":56818,"date":"2026-04-05T20:09:44","date_gmt":"2026-04-05T18:09:44","guid":{"rendered":"https:\/\/elizagipuzkoa.org\/la-semana-santa-se-ha-vivido-con-intensidad-oracion-y-esperanza-en-las-parroquias-de-gipuzkoa\/"},"modified":"2026-04-14T13:29:53","modified_gmt":"2026-04-14T11:29:53","slug":"la-semana-santa-se-ha-vivido-con-intensidad-oracion-y-esperanza-en-las-parroquias-de-gipuzkoa","status":"publish","type":"post","link":"https:\/\/elizagipuzkoa.org\/eu\/la-semana-santa-se-ha-vivido-con-intensidad-oracion-y-esperanza-en-las-parroquias-de-gipuzkoa\/","title":{"rendered":"Aste Santua gogotsu, otoitzean, eta itxaropenez bizi izan da Gipuzkoako parrokietan"},"content":{"rendered":"<p>Aste Santua sakontasunez, partaidetza\u00a0handiz,\u00a0eta fede giro partekatuan\u00a0ospatu da egunotan Gipuzkoako parrokia eta\u00a0kristau-elkarte ugaritan. Erramu Igandetik\u00a0hasi, eta\u00a0Berpizkunde Igandera\u00a0arte, lurraldeko tenplu, kale eta plazek,\u00a0bedeinkazioak, eukaristiak,\u00a0gurutze-bideak, prozesioak,\u00a0bijiliak,\u00a0eta\u00a0gurtza\u00a0uneak\u00a0bizi izan\u00a0dituzte, hau da,\u00a0kristau fedearen misterio nagusia bizitzen lagundu dutenak: Jaunaren\u00a0nekaldia, heriotza,\u00a0eta piztuera.<\/p>\n<p>Erramu Igandean,\u00a0erramu bedeinkapenarekin,\u00a0Gipuzkoako parrokia asko,\u00a0Aste Santuan\u00a0murgildu\u00a0ziren. Parte hartze handiko jardunaldia izan zen lurraldeko hainbat tokitan\u00a0zehar.\u00a0Donostiako\u00a0Groseko San Inazio parrokian\u00a0esate baterako, ospakizunak,\u00a0familia ugari batu\u00a0zituen\u00a0eguneko eukaristia ezberdinetan\u00a0zehar;\u00a0batez\u00a0ere familia mezan, erramuen\u00a0bedeinkapenean.<\/p>\n<p data-start=\"655\" data-end=\"1471\"><img loading=\"lazy\" decoding=\"async\" class=\"alignnone size-medium wp-image-56737\" src=\"https:\/\/elizagipuzkoa.org\/wp-content\/uploads\/2026\/04\/ramossanignacio-225x300.jpeg\" alt=\"\" width=\"225\" height=\"300\" srcset=\"https:\/\/elizagipuzkoa.org\/wp-content\/uploads\/2026\/04\/ramossanignacio-225x300.jpeg 225w, https:\/\/elizagipuzkoa.org\/wp-content\/uploads\/2026\/04\/ramossanignacio-768x1024.jpeg 768w, https:\/\/elizagipuzkoa.org\/wp-content\/uploads\/2026\/04\/ramossanignacio-1152x1536.jpeg 1152w, https:\/\/elizagipuzkoa.org\/wp-content\/uploads\/2026\/04\/ramossanignacio-420x560.jpeg 420w, https:\/\/elizagipuzkoa.org\/wp-content\/uploads\/2026\/04\/ramossanignacio-480x640.jpeg 480w, https:\/\/elizagipuzkoa.org\/wp-content\/uploads\/2026\/04\/ramossanignacio.jpeg 1200w\" sizes=\"auto, (max-width: 225px) 100vw, 225px\" \/><\/p>\n<p>Artzain Onaren katedralean,\u00a0eta\u00a0baita Gipuzkoako hainbat parrokietan ere,\u00a0erramuen ekintzak,\u00a0Kristoren harrera,\u00a0eta kristau bizitzarako bereziki esanguratsuak\u00a0diren egunen hasiera publikoaren lehen urratsak\u00a0izan ziren.\u00a0Seguran, Aian, Orion, Andoainen\u00a0eta beste hainbat\u00a0herritan,\u00a0otoitzak eta\u00a0jendearen\u00a0parte hartzeak\u00a0zeresana izan\u00a0du\u00a0kristau-elkarteetan.<\/p>\n<p data-start=\"655\" data-end=\"1471\"><img loading=\"lazy\" decoding=\"async\" class=\"alignnone size-medium wp-image-56808\" src=\"https:\/\/elizagipuzkoa.org\/wp-content\/uploads\/2026\/04\/ramoscatedral-225x300.jpeg\" alt=\"\" width=\"225\" height=\"300\" srcset=\"https:\/\/elizagipuzkoa.org\/wp-content\/uploads\/2026\/04\/ramoscatedral-225x300.jpeg 225w, https:\/\/elizagipuzkoa.org\/wp-content\/uploads\/2026\/04\/ramoscatedral-768x1024.jpeg 768w, https:\/\/elizagipuzkoa.org\/wp-content\/uploads\/2026\/04\/ramoscatedral-1152x1536.jpeg 1152w, https:\/\/elizagipuzkoa.org\/wp-content\/uploads\/2026\/04\/ramoscatedral-420x560.jpeg 420w, https:\/\/elizagipuzkoa.org\/wp-content\/uploads\/2026\/04\/ramoscatedral-480x640.jpeg 480w, https:\/\/elizagipuzkoa.org\/wp-content\/uploads\/2026\/04\/ramoscatedral.jpeg 1536w\" sizes=\"auto, (max-width: 225px) 100vw, 225px\" \/><\/p>\n<p>Astean zehar,\u00a0liturgia\u00a0ospakizunez gain, penitentzia uneak eta gazteentzako proposamenak ere nabarmendu dira. Hainbat lekutan adiskidetzearen sakramentua ospatu zen, eta\u00a0Lazkaon,\u00a0Gazte\u00a0Pazkoa;\u00a0egun hauetan\u00a0zehar,\u00a0fedean bizitzen laguntzeko erretiro eta elkarbizitza.\u00a0Groseko San\u00a0Inazio\u00a0elizan\u00a0ere,\u00a050 gazte\u00a0inguruk parte hartu zuten\u00a0Gazte\u00a0Pazkoan, komunitate giroan,\u00a0ospakizunak eta otoitz-guneak\u00a0partekatuz.<\/p>\n<p data-start=\"1473\" data-end=\"2011\"><img loading=\"lazy\" decoding=\"async\" class=\"alignnone wp-image-56811\" src=\"https:\/\/elizagipuzkoa.org\/wp-content\/uploads\/2026\/04\/WhatsApp-Image-2026-04-05-at-19.55.57-300x175.jpeg\" alt=\"\" width=\"370\" height=\"216\" srcset=\"https:\/\/elizagipuzkoa.org\/wp-content\/uploads\/2026\/04\/WhatsApp-Image-2026-04-05-at-19.55.57-300x175.jpeg 300w, https:\/\/elizagipuzkoa.org\/wp-content\/uploads\/2026\/04\/WhatsApp-Image-2026-04-05-at-19.55.57-768x448.jpeg 768w, https:\/\/elizagipuzkoa.org\/wp-content\/uploads\/2026\/04\/WhatsApp-Image-2026-04-05-at-19.55.57-420x245.jpeg 420w, https:\/\/elizagipuzkoa.org\/wp-content\/uploads\/2026\/04\/WhatsApp-Image-2026-04-05-at-19.55.57-640x373.jpeg 640w, https:\/\/elizagipuzkoa.org\/wp-content\/uploads\/2026\/04\/WhatsApp-Image-2026-04-05-at-19.55.57.jpeg 990w\" sizes=\"auto, (max-width: 370px) 100vw, 370px\" \/><\/p>\n<p><img loading=\"lazy\" decoding=\"async\" class=\" wp-image-56787 alignleft\" src=\"https:\/\/elizagipuzkoa.org\/wp-content\/uploads\/2026\/04\/monumentoeucaristicopasaiasanjuan-226x300.jpeg\" alt=\"\" width=\"184\" height=\"244\" srcset=\"https:\/\/elizagipuzkoa.org\/wp-content\/uploads\/2026\/04\/monumentoeucaristicopasaiasanjuan-226x300.jpeg 226w, https:\/\/elizagipuzkoa.org\/wp-content\/uploads\/2026\/04\/monumentoeucaristicopasaiasanjuan-771x1024.jpeg 771w, https:\/\/elizagipuzkoa.org\/wp-content\/uploads\/2026\/04\/monumentoeucaristicopasaiasanjuan-768x1021.jpeg 768w, https:\/\/elizagipuzkoa.org\/wp-content\/uploads\/2026\/04\/monumentoeucaristicopasaiasanjuan-1156x1536.jpeg 1156w, https:\/\/elizagipuzkoa.org\/wp-content\/uploads\/2026\/04\/monumentoeucaristicopasaiasanjuan-420x558.jpeg 420w, https:\/\/elizagipuzkoa.org\/wp-content\/uploads\/2026\/04\/monumentoeucaristicopasaiasanjuan-482x640.jpeg 482w, https:\/\/elizagipuzkoa.org\/wp-content\/uploads\/2026\/04\/monumentoeucaristicopasaiasanjuan.jpeg 1204w\" sizes=\"auto, (max-width: 184px) 100vw, 184px\" \/><\/p>\n<p><strong>Ostegun Santuan<\/strong>,\u00a0 parrokiak,\u00a0Jaunaren Afariaren inguruan\u00a0bildu ziren, maitasunaren, Eukaristiaren,\u00a0eta apaizgoaren oroimen bizia. Gipuzkoako herri eta hirietan,\u00a0jardunaldi hau,\u00a0solemnitate,\u00a0eta\u00a0bere baitan\u00a0bilduz\u00a0ospatu zen.\u00a0<strong>Seguran<\/strong>,\u00a0\u2018Azken Afariko\u2019\u00a0mezaren ondoren, ohiko prozesioa egin zen kaleetan zehar.<\/p>\n<p><strong>Hondarribian<\/strong>, ospakizunak Jesus Sakramentuaren aurreko gaueko adorazioa ospatu zen; eguneko une esanguratsuenetako bat, beste leku batzuetan kandela eta otoitz-txandekin gertatu zen bezala.<\/p>\n<p><strong>Pasaia Donibanen<\/strong>,\u00a0eukaristiaren irudia,\u00a0fededunen\u00a0begiespena,\u00a0eta adorazioaren\u00a0bilgune izan zen.<\/p>\n<p><strong>Legazpin<\/strong>,\u00a0eta beste parrokia batzuetan ere,\u00a0\u2018Ordu Santua\u2019\u00a0ospatu zen.<\/p>\n<p>Eta <strong>Irungo<\/strong>\u00a0Junkaleko Santa Maria\u00a0elizan, berriz, \u201cgau isila\u201d deiturikoa,\u00a0gau osoa,\u00a0gurtzaren\u00a0txandekin\u00a0igaro\u00a0zen.<\/p>\n<p data-start=\"2013\" data-end=\"2954\"><img loading=\"lazy\" decoding=\"async\" class=\"alignnone size-medium wp-image-56778\" src=\"https:\/\/elizagipuzkoa.org\/wp-content\/uploads\/2026\/04\/adoradoresnocheljuncxal-225x300.jpeg\" alt=\"\" width=\"225\" height=\"300\" srcset=\"https:\/\/elizagipuzkoa.org\/wp-content\/uploads\/2026\/04\/adoradoresnocheljuncxal-225x300.jpeg 225w, https:\/\/elizagipuzkoa.org\/wp-content\/uploads\/2026\/04\/adoradoresnocheljuncxal-768x1024.jpeg 768w, https:\/\/elizagipuzkoa.org\/wp-content\/uploads\/2026\/04\/adoradoresnocheljuncxal-1152x1536.jpeg 1152w, https:\/\/elizagipuzkoa.org\/wp-content\/uploads\/2026\/04\/adoradoresnocheljuncxal-420x560.jpeg 420w, https:\/\/elizagipuzkoa.org\/wp-content\/uploads\/2026\/04\/adoradoresnocheljuncxal-480x640.jpeg 480w, https:\/\/elizagipuzkoa.org\/wp-content\/uploads\/2026\/04\/adoradoresnocheljuncxal.jpeg 1536w\" sizes=\"auto, (max-width: 225px) 100vw, 225px\" \/><\/p>\n<p data-start=\"2013\" data-end=\"2954\"><img loading=\"lazy\" decoding=\"async\" class=\"alignnone size-medium wp-image-56781\" src=\"https:\/\/elizagipuzkoa.org\/wp-content\/uploads\/2026\/04\/horsasantaenlegazpi-300x169.jpeg\" alt=\"\" width=\"300\" height=\"169\" srcset=\"https:\/\/elizagipuzkoa.org\/wp-content\/uploads\/2026\/04\/horsasantaenlegazpi-300x169.jpeg 300w, https:\/\/elizagipuzkoa.org\/wp-content\/uploads\/2026\/04\/horsasantaenlegazpi-1024x576.jpeg 1024w, https:\/\/elizagipuzkoa.org\/wp-content\/uploads\/2026\/04\/horsasantaenlegazpi-768x432.jpeg 768w, https:\/\/elizagipuzkoa.org\/wp-content\/uploads\/2026\/04\/horsasantaenlegazpi-1250x700.jpeg 1250w, https:\/\/elizagipuzkoa.org\/wp-content\/uploads\/2026\/04\/horsasantaenlegazpi-1536x864.jpeg 1536w, https:\/\/elizagipuzkoa.org\/wp-content\/uploads\/2026\/04\/horsasantaenlegazpi-420x236.jpeg 420w, https:\/\/elizagipuzkoa.org\/wp-content\/uploads\/2026\/04\/horsasantaenlegazpi-640x360.jpeg 640w, https:\/\/elizagipuzkoa.org\/wp-content\/uploads\/2026\/04\/horsasantaenlegazpi.jpeg 1600w\" sizes=\"auto, (max-width: 300px) 100vw, 300px\" \/><\/p>\n<p>Irunen, Donostiako gotzain, on\u00a0Fernando Pradok, Ostegun Santuan,\u00a0Junkaleko Santa Maria\u00a0parrokian izan zen. Bertan, pausoen erakusketa\u00a0ikusi\u00a0ahal izan zuen, elkarbizitzan parte hartzen zuten\u00a0akolitoak\u00a0agurtu,\u00a0eta parrokiako erlijiosoekin ere\u00a0bat\u00a0egin zuen\u00a0Pazko\u00a0Hirurrenaren\u00a0egun hau beraiekin\u00a0ospatuz.<\/p>\n<p data-start=\"2956\" data-end=\"3318\"><img loading=\"lazy\" decoding=\"async\" class=\"alignnone wp-image-56790\" src=\"https:\/\/elizagipuzkoa.org\/wp-content\/uploads\/2026\/04\/visita-d.-fernando-a-irun-300x213.jpeg\" alt=\"\" width=\"344\" height=\"244\" srcset=\"https:\/\/elizagipuzkoa.org\/wp-content\/uploads\/2026\/04\/visita-d.-fernando-a-irun-300x213.jpeg 300w, https:\/\/elizagipuzkoa.org\/wp-content\/uploads\/2026\/04\/visita-d.-fernando-a-irun-1024x726.jpeg 1024w, https:\/\/elizagipuzkoa.org\/wp-content\/uploads\/2026\/04\/visita-d.-fernando-a-irun-768x545.jpeg 768w, https:\/\/elizagipuzkoa.org\/wp-content\/uploads\/2026\/04\/visita-d.-fernando-a-irun-1536x1089.jpeg 1536w, https:\/\/elizagipuzkoa.org\/wp-content\/uploads\/2026\/04\/visita-d.-fernando-a-irun-420x298.jpeg 420w, https:\/\/elizagipuzkoa.org\/wp-content\/uploads\/2026\/04\/visita-d.-fernando-a-irun-640x454.jpeg 640w, https:\/\/elizagipuzkoa.org\/wp-content\/uploads\/2026\/04\/visita-d.-fernando-a-irun.jpeg 2048w\" sizes=\"auto, (max-width: 344px) 100vw, 344px\" \/><\/p>\n<p data-start=\"3320\" data-end=\"3936\">Ostiral Santua\u00a0bereziki bizi izan zan elizbarruti osoan, bai\u00a0elizetan, eta\u00a0bai kaleetan.<\/p>\n<p data-start=\"3320\" data-end=\"3936\"><img loading=\"lazy\" decoding=\"async\" class=\"alignnone size-medium wp-image-56775\" src=\"https:\/\/elizagipuzkoa.org\/wp-content\/uploads\/2026\/04\/viacrucisurgull-300x225.jpeg\" alt=\"\" width=\"300\" height=\"225\" srcset=\"https:\/\/elizagipuzkoa.org\/wp-content\/uploads\/2026\/04\/viacrucisurgull-300x225.jpeg 300w, https:\/\/elizagipuzkoa.org\/wp-content\/uploads\/2026\/04\/viacrucisurgull-1024x768.jpeg 1024w, https:\/\/elizagipuzkoa.org\/wp-content\/uploads\/2026\/04\/viacrucisurgull-768x576.jpeg 768w, https:\/\/elizagipuzkoa.org\/wp-content\/uploads\/2026\/04\/viacrucisurgull-1536x1152.jpeg 1536w, https:\/\/elizagipuzkoa.org\/wp-content\/uploads\/2026\/04\/viacrucisurgull-420x315.jpeg 420w, https:\/\/elizagipuzkoa.org\/wp-content\/uploads\/2026\/04\/viacrucisurgull-640x480.jpeg 640w, https:\/\/elizagipuzkoa.org\/wp-content\/uploads\/2026\/04\/viacrucisurgull.jpeg 2048w\" sizes=\"auto, (max-width: 300px) 100vw, 300px\" \/><\/p>\n<p>Goizean goizetik\u00a0gurutze-bideak\u00a0ospatu\u00a0ziren lurraldeko hainbat tokitan\u00a0barrena:\u00a0<strong>Errenterian<\/strong>,\u00a0<strong>Donostiako\u00a0Gros\u00a0<\/strong>auzoko San\u00a0Inazion, <strong>Orion<\/strong>, <strong>Aian<\/strong>, <strong>Andoainen<\/strong>, <strong>Mendaron<\/strong>, <strong>Mutrikun<\/strong>, <strong>Seguran<\/strong>, <strong>Hondarribian<\/strong>,\u00a0eta beste\u00a0hainbat\u00a0lekutan. Horien artean,\u00a0egunsentian ospaturiko\u00a0<strong>Donostiako\u00a0Urgull<\/strong> mendiko gurutze-bideak\u00a0ez zuen hutsik egin,\u00a0ezta Guadalupekoak\u00a0ere\u00a0Hondarribian;\u00a0edota\u00a0Mutrikuko\u00a0ibilbidea, otoitz\u00a0eta\u00a0soiltasun\u00a0giroan\u00a0bizitakoa.<\/p>\n<p data-start=\"3320\" data-end=\"3936\"><img loading=\"lazy\" decoding=\"async\" class=\"wp-image-56769 alignleft\" src=\"https:\/\/elizagipuzkoa.org\/wp-content\/uploads\/2026\/04\/mutrikugurutzebidea-225x300.jpeg\" alt=\"\" width=\"158\" height=\"211\" srcset=\"https:\/\/elizagipuzkoa.org\/wp-content\/uploads\/2026\/04\/mutrikugurutzebidea-225x300.jpeg 225w, https:\/\/elizagipuzkoa.org\/wp-content\/uploads\/2026\/04\/mutrikugurutzebidea-768x1024.jpeg 768w, https:\/\/elizagipuzkoa.org\/wp-content\/uploads\/2026\/04\/mutrikugurutzebidea-1152x1536.jpeg 1152w, https:\/\/elizagipuzkoa.org\/wp-content\/uploads\/2026\/04\/mutrikugurutzebidea-420x560.jpeg 420w, https:\/\/elizagipuzkoa.org\/wp-content\/uploads\/2026\/04\/mutrikugurutzebidea-480x640.jpeg 480w, https:\/\/elizagipuzkoa.org\/wp-content\/uploads\/2026\/04\/mutrikugurutzebidea.jpeg 1536w\" sizes=\"auto, (max-width: 158px) 100vw, 158px\" \/><\/p>\n<p data-start=\"3938\" data-end=\"4860\">Egunean zehar,\u00a0Jaunaren Pasioaren\u00a0liturgi\u00a0ekintzak\u00a0ere\u00a0ospatu\u00a0ziren; leku askotan, herri errotze handiko ekintzak, alegia.\u00a0Hondarribian, arratsaldeko liturgiak eraistea\u00a0ekarri zuen,\u00a0eta\u00a0baita\u00a0Isiltasunaren Prozesioa\u00a0ere\u00a0alde zaharretik\u00a0barrena.\u00a0Seguran,\u00a0liturgikoez eta eraisteaz gain, prozesioa egin zen kaleetan zehar.\u00a0Azkoitian, goizeko gurutze-bidearen,\u00a0eta\u00a0Nekaldiaren\u00a0mezaren ondoren, arratsaldeko prozesioak ospatu ziren.\u00a0Gauean,\u00a0adibidez,\u00a0Ehorzketa Santuaren\u00a0prozesioa;\u00a0Aste Santuko hitzordu nabarmenetakoa\u00a0herrian.\u00a0Herri-debozioan oso errotuta daudenez,\u00a0Legazpiko\u00a0prozesioak ere arreta berezia piztu zuten.<\/p>\n<p data-start=\"3938\" data-end=\"4860\"><img loading=\"lazy\" decoding=\"async\" class=\"alignnone size-medium wp-image-56802\" src=\"https:\/\/elizagipuzkoa.org\/wp-content\/uploads\/2026\/04\/procesionlegazpi-300x225.jpeg\" alt=\"\" width=\"300\" height=\"225\" srcset=\"https:\/\/elizagipuzkoa.org\/wp-content\/uploads\/2026\/04\/procesionlegazpi-300x225.jpeg 300w, https:\/\/elizagipuzkoa.org\/wp-content\/uploads\/2026\/04\/procesionlegazpi-1024x769.jpeg 1024w, https:\/\/elizagipuzkoa.org\/wp-content\/uploads\/2026\/04\/procesionlegazpi-768x576.jpeg 768w, https:\/\/elizagipuzkoa.org\/wp-content\/uploads\/2026\/04\/procesionlegazpi-1536x1153.jpeg 1536w, https:\/\/elizagipuzkoa.org\/wp-content\/uploads\/2026\/04\/procesionlegazpi-420x315.jpeg 420w, https:\/\/elizagipuzkoa.org\/wp-content\/uploads\/2026\/04\/procesionlegazpi-640x480.jpeg 640w, https:\/\/elizagipuzkoa.org\/wp-content\/uploads\/2026\/04\/procesionlegazpi.jpeg 2048w\" sizes=\"auto, (max-width: 300px) 100vw, 300px\" \/><\/p>\n<p>Pasaia Donibanen, Jaunaren\u00a0Nekaldiaren\u00a0ondoren, Ehorzketa Santuaren prozesioa egin zen; beste parrokia eta herri batzuetan, berriz,\u00a0Zazpi Hitzak\u00a0bezalako\u00a0gogarteak\u00a0errezatu ziren. Bereziki azpimarragarria da 59 urteren ondoren Donostian berreskuratu den\u00a0Ostiral\u00a0Santuko prozesio historikoa;\u00a020.000 lagun bildu ziren iriko\u00a0kaleetan\u00a0zehar.<\/p>\n<p data-start=\"3938\" data-end=\"4860\"><img loading=\"lazy\" decoding=\"async\" class=\"alignnone wp-image-56688\" src=\"https:\/\/elizagipuzkoa.org\/wp-content\/uploads\/2026\/04\/WhatsApp-Image-2026-04-04-at-14.54.15-1-169x300.jpeg\" alt=\"\" width=\"196\" height=\"348\" srcset=\"https:\/\/elizagipuzkoa.org\/wp-content\/uploads\/2026\/04\/WhatsApp-Image-2026-04-04-at-14.54.15-1-169x300.jpeg 169w, https:\/\/elizagipuzkoa.org\/wp-content\/uploads\/2026\/04\/WhatsApp-Image-2026-04-04-at-14.54.15-1-576x1024.jpeg 576w, https:\/\/elizagipuzkoa.org\/wp-content\/uploads\/2026\/04\/WhatsApp-Image-2026-04-04-at-14.54.15-1-768x1365.jpeg 768w, https:\/\/elizagipuzkoa.org\/wp-content\/uploads\/2026\/04\/WhatsApp-Image-2026-04-04-at-14.54.15-1-864x1536.jpeg 864w, https:\/\/elizagipuzkoa.org\/wp-content\/uploads\/2026\/04\/WhatsApp-Image-2026-04-04-at-14.54.15-1-420x747.jpeg 420w, https:\/\/elizagipuzkoa.org\/wp-content\/uploads\/2026\/04\/WhatsApp-Image-2026-04-04-at-14.54.15-1-360x640.jpeg 360w, https:\/\/elizagipuzkoa.org\/wp-content\/uploads\/2026\/04\/WhatsApp-Image-2026-04-04-at-14.54.15-1.jpeg 900w\" sizes=\"auto, (max-width: 196px) 100vw, 196px\" \/><\/p>\n<p><img loading=\"lazy\" decoding=\"async\" class=\" wp-image-56754 alignleft\" src=\"https:\/\/elizagipuzkoa.org\/wp-content\/uploads\/2026\/04\/oficiumtenebrarummutriku-225x300.jpeg\" alt=\"\" width=\"165\" height=\"220\" srcset=\"https:\/\/elizagipuzkoa.org\/wp-content\/uploads\/2026\/04\/oficiumtenebrarummutriku-225x300.jpeg 225w, https:\/\/elizagipuzkoa.org\/wp-content\/uploads\/2026\/04\/oficiumtenebrarummutriku-768x1024.jpeg 768w, https:\/\/elizagipuzkoa.org\/wp-content\/uploads\/2026\/04\/oficiumtenebrarummutriku-1152x1536.jpeg 1152w, https:\/\/elizagipuzkoa.org\/wp-content\/uploads\/2026\/04\/oficiumtenebrarummutriku-420x560.jpeg 420w, https:\/\/elizagipuzkoa.org\/wp-content\/uploads\/2026\/04\/oficiumtenebrarummutriku-480x640.jpeg 480w, https:\/\/elizagipuzkoa.org\/wp-content\/uploads\/2026\/04\/oficiumtenebrarummutriku.jpeg 1536w\" sizes=\"auto, (max-width: 165px) 100vw, 165px\" \/><\/p>\n<p>Larunbat Santuak\u00a0isiltasunari, itxaronaldiari eta itxaropenari\u00a0bidea egin\u00a0zion. Zenbait kristau-elkarteetan\u00a0egun horretako ospakizunak\u00a0normaltasunez\u00a0ospatu\u00a0ziren, hala nola,\u00a0Mutrikuko Santa Katalina\u00a0elizako\u00a0Officium\u00a0Tenebrarum, sinbolismoz betetako ospakizuna. Bertan,\u00a0hamabost kandelek\u00a0hamaika apostoluak, hiru Mariak \u2014Maria\u00a0Salome, Maria\u00a0Kleofaskoa,\u00a0eta Maria Magdalena\u2014 eta Ama Birjina ordezkatzen\u00a0dituzte. Kandela garaienak, itzaltzen ez dena, Ama Birjina irudikatzen du,\u00a0Piztueraren\u00a0itxaropenean tinko iraun zuen bakarra. Beste\u00a0kandelak itzali ondoren, argi hori Doloretako Andre Mariaren oinetara eraman zuten karrakaren soinuak lagunduta;\u00a0keinu xume baina oso adierazkorra.<\/p>\n<p>Gauaren baitan,\u00a0Pazko Bijiliek,\u00a0Gipuzkoako\u00a0kristau elkarteak\u00a0bildu zituzten\u00a0Piztuera\u00a0iragartzeko. Parrokia askotan ospatu ziren, besteak beste,\u00a0Groseko San\u00a0Inazion, Hondarribian, Pasaia Donibanen, Andoainen, Aian, Orion eta Mutrikun. Horiez gain,\u00a0Mendaro eta Altzoko\u00a0elkarteek ere parte hartu zuten.\u00a0Guztietan, suaren bedeinkapenak, pazko\u00a0aldarriak,\u00a0eta\u00a0Piztueraren\u00a0aldarrikapenak,\u00a0kristau urteko ospakizun garrantzitsuenetako baten adierazle izan ziren.<\/p>\n<p data-start=\"5580\" data-end=\"6135\"><img loading=\"lazy\" decoding=\"async\" class=\"alignnone size-medium wp-image-56745\" src=\"https:\/\/elizagipuzkoa.org\/wp-content\/uploads\/2026\/04\/vigiliasanignacio-300x225.jpeg\" alt=\"\" width=\"300\" height=\"225\" srcset=\"https:\/\/elizagipuzkoa.org\/wp-content\/uploads\/2026\/04\/vigiliasanignacio-300x225.jpeg 300w, https:\/\/elizagipuzkoa.org\/wp-content\/uploads\/2026\/04\/vigiliasanignacio-1024x768.jpeg 1024w, https:\/\/elizagipuzkoa.org\/wp-content\/uploads\/2026\/04\/vigiliasanignacio-768x576.jpeg 768w, https:\/\/elizagipuzkoa.org\/wp-content\/uploads\/2026\/04\/vigiliasanignacio-1536x1152.jpeg 1536w, https:\/\/elizagipuzkoa.org\/wp-content\/uploads\/2026\/04\/vigiliasanignacio-420x315.jpeg 420w, https:\/\/elizagipuzkoa.org\/wp-content\/uploads\/2026\/04\/vigiliasanignacio-640x480.jpeg 640w, https:\/\/elizagipuzkoa.org\/wp-content\/uploads\/2026\/04\/vigiliasanignacio.jpeg 1600w\" sizes=\"auto, (max-width: 300px) 100vw, 300px\" \/><\/p>\n<p data-start=\"5580\" data-end=\"6135\"><img loading=\"lazy\" decoding=\"async\" class=\"alignnone size-medium wp-image-56742\" src=\"https:\/\/elizagipuzkoa.org\/wp-content\/uploads\/2026\/04\/mutriku-300x225.jpeg\" alt=\"\" width=\"300\" height=\"225\" srcset=\"https:\/\/elizagipuzkoa.org\/wp-content\/uploads\/2026\/04\/mutriku-300x225.jpeg 300w, https:\/\/elizagipuzkoa.org\/wp-content\/uploads\/2026\/04\/mutriku-1024x768.jpeg 1024w, https:\/\/elizagipuzkoa.org\/wp-content\/uploads\/2026\/04\/mutriku-768x576.jpeg 768w, https:\/\/elizagipuzkoa.org\/wp-content\/uploads\/2026\/04\/mutriku-1536x1152.jpeg 1536w, https:\/\/elizagipuzkoa.org\/wp-content\/uploads\/2026\/04\/mutriku-420x315.jpeg 420w, https:\/\/elizagipuzkoa.org\/wp-content\/uploads\/2026\/04\/mutriku-640x480.jpeg 640w, https:\/\/elizagipuzkoa.org\/wp-content\/uploads\/2026\/04\/mutriku.jpeg 2000w\" sizes=\"auto, (max-width: 300px) 100vw, 300px\" \/><\/p>\n<p>Eta gaur,\u00a0Pazko\u00a0Igandean, Gipuzkoako parrokiek pozez ospatu\u00a0dute\u00a0Pazkoa. Egun honetako eukaristiek, leku askotan,\u00a0oso jendetsuak, heriotzaren gaineko bizitzaren garaipena,\u00a0eta hilobi hutsetik sortzen\u00a0den\u00a0itxaropena azpimarratu\u00a0dute.\u00a0Hondarribian,\u00a0\u2018topaketaren\u2019\u00a0ohiko ekitaldia\u00a0ospatu da;\u00a0erromatarren erorketa\u00a0ezaguna. Tokian-tokiko herri-erlijiotasunaren adierazpen berezia.\u00a0Seguran, Pasaia Donibanen, Orion, Aian,\u00a0Mendaron, Mutrikun, Andoainen, Groseko San\u00a0Inazion,\u00a0eta\u00a0beste\u00a0hainbat parrokiatan, kristau-elkarteek\u00a0pozez aldarrikatu\u00a0dute\u00a0Kristo\u00a0piztu\u00a0dela.<\/p>\n<p data-start=\"6137\" data-end=\"6811\"><img loading=\"lazy\" decoding=\"async\" class=\"alignnone size-medium wp-image-56763\" src=\"https:\/\/elizagipuzkoa.org\/wp-content\/uploads\/2026\/04\/jueves-santo-hondarribia-169x300.jpeg\" alt=\"\" width=\"169\" height=\"300\" srcset=\"https:\/\/elizagipuzkoa.org\/wp-content\/uploads\/2026\/04\/jueves-santo-hondarribia-169x300.jpeg 169w, https:\/\/elizagipuzkoa.org\/wp-content\/uploads\/2026\/04\/jueves-santo-hondarribia-576x1024.jpeg 576w, https:\/\/elizagipuzkoa.org\/wp-content\/uploads\/2026\/04\/jueves-santo-hondarribia-768x1365.jpeg 768w, https:\/\/elizagipuzkoa.org\/wp-content\/uploads\/2026\/04\/jueves-santo-hondarribia-864x1536.jpeg 864w, https:\/\/elizagipuzkoa.org\/wp-content\/uploads\/2026\/04\/jueves-santo-hondarribia-420x747.jpeg 420w, https:\/\/elizagipuzkoa.org\/wp-content\/uploads\/2026\/04\/jueves-santo-hondarribia-360x640.jpeg 360w, https:\/\/elizagipuzkoa.org\/wp-content\/uploads\/2026\/04\/jueves-santo-hondarribia.jpeg 900w\" sizes=\"auto, (max-width: 169px) 100vw, 169px\" \/><\/p>\n<p>Hainbat lekutatik ere,\u00a0fedez beteriko\u00a0mezuak iritsi dira, hala nola,\u00a0Irungo gazteek partekatutakoa:\u00a0\u201cHilobia hutsik dago.\u00a0<em>Surrexit\u00a0Christus\u00a0sicut\u00a0dixit<\/em>. Pazko zoriontsua!\u201d.\u00a0Edota,\u00a0gaur,\u00a0pozez ospatzen duten beste\u00a0elkarte\u00a0batzuen jai-oihartzuna:\u00a0Kristo Piztu\u00a0da&#8230; Aleluia!<\/p>\n<p data-start=\"6813\" data-end=\"7112\"><img loading=\"lazy\" decoding=\"async\" class=\"alignnone size-medium wp-image-56748\" src=\"https:\/\/elizagipuzkoa.org\/wp-content\/uploads\/2026\/04\/sepulcrovacioirun-300x225.jpeg\" alt=\"\" width=\"300\" height=\"225\" srcset=\"https:\/\/elizagipuzkoa.org\/wp-content\/uploads\/2026\/04\/sepulcrovacioirun-300x225.jpeg 300w, https:\/\/elizagipuzkoa.org\/wp-content\/uploads\/2026\/04\/sepulcrovacioirun-1024x768.jpeg 1024w, https:\/\/elizagipuzkoa.org\/wp-content\/uploads\/2026\/04\/sepulcrovacioirun-768x576.jpeg 768w, https:\/\/elizagipuzkoa.org\/wp-content\/uploads\/2026\/04\/sepulcrovacioirun-1536x1152.jpeg 1536w, https:\/\/elizagipuzkoa.org\/wp-content\/uploads\/2026\/04\/sepulcrovacioirun-420x315.jpeg 420w, https:\/\/elizagipuzkoa.org\/wp-content\/uploads\/2026\/04\/sepulcrovacioirun-640x480.jpeg 640w, https:\/\/elizagipuzkoa.org\/wp-content\/uploads\/2026\/04\/sepulcrovacioirun.jpeg 2048w\" sizes=\"auto, (max-width: 300px) 100vw, 300px\" \/><\/p>\n<p>Albiste batean lurraldeko parrokia,\u00a0eta\u00a0kristau-elkarte\u00a0bakoitzean bizitako guztia\u00a0biltzea\u00a0ezinezkoa bada ere, Aste Santu honetan, kristau fedearen bihotza sakontasunez, tradizioz eta itxaropenez ospatuz, elkartuta ibili\u00a0den\u00a0elizbarrutiko Elizaren irudia\u00a0islatzen du.\u00a0Eliza\u00a0handi eta txikietan, ermita, kale eta plazetan, Gipuzkoak,\u00a0Jaungoikoarekin bat egin du\u00a0bere\u00a0nekaldian.\u00a0Eta, berritutako pozez, Elizaren bizitzari eusten dion albistea ospatu du:\u00a0Kristok piztu da. Aleluia.<\/p>\n<p data-start=\"7114\" data-end=\"7597\"><img loading=\"lazy\" decoding=\"async\" class=\"alignnone size-medium wp-image-56757\" src=\"https:\/\/elizagipuzkoa.org\/wp-content\/uploads\/2026\/04\/calvarioguadalupe-300x225.jpeg\" alt=\"\" width=\"300\" height=\"225\" srcset=\"https:\/\/elizagipuzkoa.org\/wp-content\/uploads\/2026\/04\/calvarioguadalupe-300x225.jpeg 300w, https:\/\/elizagipuzkoa.org\/wp-content\/uploads\/2026\/04\/calvarioguadalupe-1024x768.jpeg 1024w, https:\/\/elizagipuzkoa.org\/wp-content\/uploads\/2026\/04\/calvarioguadalupe-768x576.jpeg 768w, https:\/\/elizagipuzkoa.org\/wp-content\/uploads\/2026\/04\/calvarioguadalupe-1536x1152.jpeg 1536w, https:\/\/elizagipuzkoa.org\/wp-content\/uploads\/2026\/04\/calvarioguadalupe-420x315.jpeg 420w, https:\/\/elizagipuzkoa.org\/wp-content\/uploads\/2026\/04\/calvarioguadalupe-640x480.jpeg 640w, https:\/\/elizagipuzkoa.org\/wp-content\/uploads\/2026\/04\/calvarioguadalupe.jpeg 1600w\" sizes=\"auto, (max-width: 300px) 100vw, 300px\" \/><\/p>\n<ul>\n<li data-start=\"7114\" data-end=\"7597\">Argazki gehiago <span style=\"color: #0000ff;\"><a style=\"color: #0000ff;\" href=\"https:\/\/www.flickr.com\/photos\/133958253@N05\/albums\/\">Flickr<\/a><\/span><\/li>\n<\/ul>\n<p>Komunikazinorako Ordezkaritzak bereziki eskertzen die parrokia eta kristau elkarte ezberdinetako laguntzaileei elizbarrutiko informazioa ematea ahalbidetzen duen informazio eta materialak konpartitzeko egin duten ahalegina, ardura eta eskuzabaltasuna.<\/p>\n","protected":false},"excerpt":{"rendered":"<p>Aste Santua sakontasunez, partaidetza\u00a0handiz,\u00a0eta fede giro partekatuan\u00a0ospatu da egunotan Gipuzkoako parrokia eta\u00a0kristau-elkarte ugaritan. Erramu Igandetik\u00a0hasi, eta\u00a0Berpizkunde Igandera\u00a0arte, lurraldeko tenplu, kale eta plazek,\u00a0bedeinkazioak, eukaristiak,\u00a0gurutze-bideak, prozesioak,\u00a0bijiliak,\u00a0eta\u00a0gurtza\u00a0uneak\u00a0bizi izan\u00a0dituzte, [&#8230;]<\/p>\n","protected":false},"author":3,"featured_media":56761,"comment_status":"closed","ping_status":"closed","sticky":false,"template":"","format":"standard","meta":{"_price":"","_stock":"","_tribe_ticket_header":"","_tribe_default_ticket_provider":"","_tribe_ticket_capacity":"0","_ticket_start_date":"","_ticket_end_date":"","_tribe_ticket_show_description":"","_tribe_ticket_show_not_going":false,"_tribe_ticket_use_global_stock":"","_tribe_ticket_global_stock_level":"","_global_stock_mode":"","_global_stock_cap":"","_tribe_rsvp_for_event":"","_tribe_ticket_going_count":"","_tribe_ticket_not_going_count":"","_tribe_tickets_list":"[]","_tribe_ticket_has_attendee_info_fields":false,"footnotes":""},"categories":[162],"tags":[],"class_list":["post-56818","post","type-post","status-publish","format-standard","has-post-thumbnail","hentry","category-gaurkotasuna"],"yoast_head":"<!-- This site is optimized with the Yoast SEO plugin v26.9 - https:\/\/yoast.com\/product\/yoast-seo-wordpress\/ -->\n<title>Aste Santua gogotsu, otoitzean, eta itxaropenez bizi izan da Gipuzkoako parrokietan - Di\u00f3cesis de San Sebasti\u00e1n<\/title>\n<meta name=\"description\" content=\"La Semana Santa se ha vivido con intensidad, oraci\u00f3n y esperanza en las parroquias de Gipuzkoa\" \/>\n<meta name=\"robots\" content=\"index, follow, max-snippet:-1, max-image-preview:large, max-video-preview:-1\" \/>\n<link rel=\"canonical\" href=\"https:\/\/elizagipuzkoa.org\/eu\/la-semana-santa-se-ha-vivido-con-intensidad-oracion-y-esperanza-en-las-parroquias-de-gipuzkoa\/\" \/>\n<meta property=\"og:locale\" content=\"en_US\" \/>\n<meta property=\"og:type\" content=\"article\" \/>\n<meta property=\"og:title\" content=\"Aste Santua gogotsu, otoitzean, eta itxaropenez bizi izan da Gipuzkoako parrokietan - Di\u00f3cesis de San Sebasti\u00e1n\" \/>\n<meta property=\"og:description\" content=\"La Semana Santa se ha vivido con intensidad, oraci\u00f3n y esperanza en las parroquias de Gipuzkoa\" \/>\n<meta property=\"og:url\" content=\"https:\/\/elizagipuzkoa.org\/eu\/la-semana-santa-se-ha-vivido-con-intensidad-oracion-y-esperanza-en-las-parroquias-de-gipuzkoa\/\" \/>\n<meta property=\"og:site_name\" content=\"Di\u00f3cesis de San Sebasti\u00e1n\" \/>\n<meta property=\"article:publisher\" content=\"https:\/\/www.facebook.com\/p\/Donostiako-ElizbarrutiaDicesis-de-San-Sebastin-100064874702840\/\" \/>\n<meta property=\"article:published_time\" content=\"2026-04-05T18:09:44+00:00\" \/>\n<meta property=\"article:modified_time\" content=\"2026-04-14T11:29:53+00:00\" \/>\n<meta property=\"og:image\" content=\"https:\/\/elizagipuzkoa.org\/wp-content\/uploads\/2026\/04\/juevesantohondarribi.jpeg\" \/>\n\t<meta property=\"og:image:width\" content=\"1600\" \/>\n\t<meta property=\"og:image:height\" content=\"900\" \/>\n\t<meta property=\"og:image:type\" content=\"image\/jpeg\" \/>\n<meta name=\"author\" content=\"Ivan Benko\" \/>\n<meta name=\"twitter:card\" content=\"summary_large_image\" \/>\n<meta name=\"twitter:creator\" content=\"@diocesis_ss\" \/>\n<meta name=\"twitter:site\" content=\"@diocesis_ss\" \/>\n<meta name=\"twitter:label1\" content=\"Written by\" \/>\n\t<meta name=\"twitter:data1\" content=\"Ivan Benko\" \/>\n\t<meta name=\"twitter:label2\" content=\"Est. reading time\" \/>\n\t<meta name=\"twitter:data2\" content=\"8 minutua\" \/>\n<script type=\"application\/ld+json\" class=\"yoast-schema-graph\">{\"@context\":\"https:\/\/schema.org\",\"@graph\":[{\"@type\":\"Article\",\"@id\":\"https:\/\/elizagipuzkoa.org\/eu\/la-semana-santa-se-ha-vivido-con-intensidad-oracion-y-esperanza-en-las-parroquias-de-gipuzkoa\/#article\",\"isPartOf\":{\"@id\":\"https:\/\/elizagipuzkoa.org\/eu\/la-semana-santa-se-ha-vivido-con-intensidad-oracion-y-esperanza-en-las-parroquias-de-gipuzkoa\/\"},\"author\":{\"name\":\"Ivan Benko\",\"@id\":\"https:\/\/elizagipuzkoa.org\/eu\/#\/schema\/person\/d33380af7f6eaf564ae1ed5b8fb1e8a9\"},\"headline\":\"Aste Santua gogotsu, otoitzean, eta itxaropenez bizi izan da Gipuzkoako parrokietan\",\"datePublished\":\"2026-04-05T18:09:44+00:00\",\"dateModified\":\"2026-04-14T11:29:53+00:00\",\"mainEntityOfPage\":{\"@id\":\"https:\/\/elizagipuzkoa.org\/eu\/la-semana-santa-se-ha-vivido-con-intensidad-oracion-y-esperanza-en-las-parroquias-de-gipuzkoa\/\"},\"wordCount\":838,\"publisher\":{\"@id\":\"https:\/\/elizagipuzkoa.org\/eu\/#organization\"},\"image\":{\"@id\":\"https:\/\/elizagipuzkoa.org\/eu\/la-semana-santa-se-ha-vivido-con-intensidad-oracion-y-esperanza-en-las-parroquias-de-gipuzkoa\/#primaryimage\"},\"thumbnailUrl\":\"https:\/\/elizagipuzkoa.org\/wp-content\/uploads\/2026\/04\/juevesantohondarribi.jpeg\",\"articleSection\":[\"Gaurkotasuna\"],\"inLanguage\":\"eu\"},{\"@type\":\"WebPage\",\"@id\":\"https:\/\/elizagipuzkoa.org\/eu\/la-semana-santa-se-ha-vivido-con-intensidad-oracion-y-esperanza-en-las-parroquias-de-gipuzkoa\/\",\"url\":\"https:\/\/elizagipuzkoa.org\/eu\/la-semana-santa-se-ha-vivido-con-intensidad-oracion-y-esperanza-en-las-parroquias-de-gipuzkoa\/\",\"name\":\"Aste Santua gogotsu, otoitzean, eta itxaropenez bizi izan da Gipuzkoako parrokietan - Di\u00f3cesis de San Sebasti\u00e1n\",\"isPartOf\":{\"@id\":\"https:\/\/elizagipuzkoa.org\/eu\/#website\"},\"primaryImageOfPage\":{\"@id\":\"https:\/\/elizagipuzkoa.org\/eu\/la-semana-santa-se-ha-vivido-con-intensidad-oracion-y-esperanza-en-las-parroquias-de-gipuzkoa\/#primaryimage\"},\"image\":{\"@id\":\"https:\/\/elizagipuzkoa.org\/eu\/la-semana-santa-se-ha-vivido-con-intensidad-oracion-y-esperanza-en-las-parroquias-de-gipuzkoa\/#primaryimage\"},\"thumbnailUrl\":\"https:\/\/elizagipuzkoa.org\/wp-content\/uploads\/2026\/04\/juevesantohondarribi.jpeg\",\"datePublished\":\"2026-04-05T18:09:44+00:00\",\"dateModified\":\"2026-04-14T11:29:53+00:00\",\"description\":\"La Semana Santa se ha vivido con intensidad, oraci\u00f3n y esperanza en las parroquias de Gipuzkoa\",\"breadcrumb\":{\"@id\":\"https:\/\/elizagipuzkoa.org\/eu\/la-semana-santa-se-ha-vivido-con-intensidad-oracion-y-esperanza-en-las-parroquias-de-gipuzkoa\/#breadcrumb\"},\"inLanguage\":\"eu\",\"potentialAction\":[{\"@type\":\"ReadAction\",\"target\":[\"https:\/\/elizagipuzkoa.org\/eu\/la-semana-santa-se-ha-vivido-con-intensidad-oracion-y-esperanza-en-las-parroquias-de-gipuzkoa\/\"]}]},{\"@type\":\"ImageObject\",\"inLanguage\":\"eu\",\"@id\":\"https:\/\/elizagipuzkoa.org\/eu\/la-semana-santa-se-ha-vivido-con-intensidad-oracion-y-esperanza-en-las-parroquias-de-gipuzkoa\/#primaryimage\",\"url\":\"https:\/\/elizagipuzkoa.org\/wp-content\/uploads\/2026\/04\/juevesantohondarribi.jpeg\",\"contentUrl\":\"https:\/\/elizagipuzkoa.org\/wp-content\/uploads\/2026\/04\/juevesantohondarribi.jpeg\",\"width\":1600,\"height\":900},{\"@type\":\"BreadcrumbList\",\"@id\":\"https:\/\/elizagipuzkoa.org\/eu\/la-semana-santa-se-ha-vivido-con-intensidad-oracion-y-esperanza-en-las-parroquias-de-gipuzkoa\/#breadcrumb\",\"itemListElement\":[{\"@type\":\"ListItem\",\"position\":1,\"name\":\"Inicio\",\"item\":\"https:\/\/elizagipuzkoa.org\/eu\/\"},{\"@type\":\"ListItem\",\"position\":2,\"name\":\"Aste Santua gogotsu, otoitzean, eta itxaropenez bizi izan da Gipuzkoako parrokietan\"}]},{\"@type\":\"WebSite\",\"@id\":\"https:\/\/elizagipuzkoa.org\/eu\/#website\",\"url\":\"https:\/\/elizagipuzkoa.org\/eu\/\",\"name\":\"Di\u00f3cesis de San Sebasti\u00e1n\",\"description\":\"\",\"publisher\":{\"@id\":\"https:\/\/elizagipuzkoa.org\/eu\/#organization\"},\"potentialAction\":[{\"@type\":\"SearchAction\",\"target\":{\"@type\":\"EntryPoint\",\"urlTemplate\":\"https:\/\/elizagipuzkoa.org\/eu\/?s={search_term_string}\"},\"query-input\":{\"@type\":\"PropertyValueSpecification\",\"valueRequired\":true,\"valueName\":\"search_term_string\"}}],\"inLanguage\":\"eu\"},{\"@type\":\"Organization\",\"@id\":\"https:\/\/elizagipuzkoa.org\/eu\/#organization\",\"name\":\"Di\u00f3cesis de San Sebasti\u00e1n\",\"url\":\"https:\/\/elizagipuzkoa.org\/eu\/\",\"logo\":{\"@type\":\"ImageObject\",\"inLanguage\":\"eu\",\"@id\":\"https:\/\/elizagipuzkoa.org\/eu\/#\/schema\/logo\/image\/\",\"url\":\"https:\/\/elizagipuzkoa.org\/wp-content\/uploads\/2024\/02\/logo_transparente_250.png\",\"contentUrl\":\"https:\/\/elizagipuzkoa.org\/wp-content\/uploads\/2024\/02\/logo_transparente_250.png\",\"width\":250,\"height\":124,\"caption\":\"Di\u00f3cesis de San Sebasti\u00e1n\"},\"image\":{\"@id\":\"https:\/\/elizagipuzkoa.org\/eu\/#\/schema\/logo\/image\/\"},\"sameAs\":[\"https:\/\/www.facebook.com\/p\/Donostiako-ElizbarrutiaDicesis-de-San-Sebastin-100064874702840\/\",\"https:\/\/x.com\/diocesis_ss\",\"https:\/\/www.instagram.com\/diocesis_ss\/?hl=es\",\"https:\/\/www.youtube.com\/@DiocesisdeSanSebastian\",\"https:\/\/www.flickr.com\/photos\/133958253@N05\/albums\/\"]},{\"@type\":\"Person\",\"@id\":\"https:\/\/elizagipuzkoa.org\/eu\/#\/schema\/person\/d33380af7f6eaf564ae1ed5b8fb1e8a9\",\"name\":\"Ivan Benko\",\"image\":{\"@type\":\"ImageObject\",\"inLanguage\":\"eu\",\"@id\":\"https:\/\/elizagipuzkoa.org\/eu\/#\/schema\/person\/image\/\",\"url\":\"https:\/\/secure.gravatar.com\/avatar\/f90bd9f1506ff6ba69f5e66b32b211ab55afa300918f2b96b163f0336d4fcb10?s=96&d=mm&r=g\",\"contentUrl\":\"https:\/\/secure.gravatar.com\/avatar\/f90bd9f1506ff6ba69f5e66b32b211ab55afa300918f2b96b163f0336d4fcb10?s=96&d=mm&r=g\",\"caption\":\"Ivan Benko\"},\"url\":\"https:\/\/elizagipuzkoa.org\/eu\/author\/comunicacion\/\"}]}<\/script>\n<!-- \/ Yoast SEO plugin. -->","yoast_head_json":{"title":"Aste Santua gogotsu, otoitzean, eta itxaropenez bizi izan da Gipuzkoako parrokietan - Di\u00f3cesis de San Sebasti\u00e1n","description":"La Semana Santa se ha vivido con intensidad, oraci\u00f3n y esperanza en las parroquias de Gipuzkoa","robots":{"index":"index","follow":"follow","max-snippet":"max-snippet:-1","max-image-preview":"max-image-preview:large","max-video-preview":"max-video-preview:-1"},"canonical":"https:\/\/elizagipuzkoa.org\/eu\/la-semana-santa-se-ha-vivido-con-intensidad-oracion-y-esperanza-en-las-parroquias-de-gipuzkoa\/","og_locale":"en_US","og_type":"article","og_title":"Aste Santua gogotsu, otoitzean, eta itxaropenez bizi izan da Gipuzkoako parrokietan - Di\u00f3cesis de San Sebasti\u00e1n","og_description":"La Semana Santa se ha vivido con intensidad, oraci\u00f3n y esperanza en las parroquias de Gipuzkoa","og_url":"https:\/\/elizagipuzkoa.org\/eu\/la-semana-santa-se-ha-vivido-con-intensidad-oracion-y-esperanza-en-las-parroquias-de-gipuzkoa\/","og_site_name":"Di\u00f3cesis de San Sebasti\u00e1n","article_publisher":"https:\/\/www.facebook.com\/p\/Donostiako-ElizbarrutiaDicesis-de-San-Sebastin-100064874702840\/","article_published_time":"2026-04-05T18:09:44+00:00","article_modified_time":"2026-04-14T11:29:53+00:00","og_image":[{"width":1600,"height":900,"url":"https:\/\/elizagipuzkoa.org\/wp-content\/uploads\/2026\/04\/juevesantohondarribi.jpeg","type":"image\/jpeg"}],"author":"Ivan Benko","twitter_card":"summary_large_image","twitter_creator":"@diocesis_ss","twitter_site":"@diocesis_ss","twitter_misc":{"Written by":"Ivan Benko","Est. reading time":"8 minutua"},"schema":{"@context":"https:\/\/schema.org","@graph":[{"@type":"Article","@id":"https:\/\/elizagipuzkoa.org\/eu\/la-semana-santa-se-ha-vivido-con-intensidad-oracion-y-esperanza-en-las-parroquias-de-gipuzkoa\/#article","isPartOf":{"@id":"https:\/\/elizagipuzkoa.org\/eu\/la-semana-santa-se-ha-vivido-con-intensidad-oracion-y-esperanza-en-las-parroquias-de-gipuzkoa\/"},"author":{"name":"Ivan Benko","@id":"https:\/\/elizagipuzkoa.org\/eu\/#\/schema\/person\/d33380af7f6eaf564ae1ed5b8fb1e8a9"},"headline":"Aste Santua gogotsu, otoitzean, eta itxaropenez bizi izan da Gipuzkoako parrokietan","datePublished":"2026-04-05T18:09:44+00:00","dateModified":"2026-04-14T11:29:53+00:00","mainEntityOfPage":{"@id":"https:\/\/elizagipuzkoa.org\/eu\/la-semana-santa-se-ha-vivido-con-intensidad-oracion-y-esperanza-en-las-parroquias-de-gipuzkoa\/"},"wordCount":838,"publisher":{"@id":"https:\/\/elizagipuzkoa.org\/eu\/#organization"},"image":{"@id":"https:\/\/elizagipuzkoa.org\/eu\/la-semana-santa-se-ha-vivido-con-intensidad-oracion-y-esperanza-en-las-parroquias-de-gipuzkoa\/#primaryimage"},"thumbnailUrl":"https:\/\/elizagipuzkoa.org\/wp-content\/uploads\/2026\/04\/juevesantohondarribi.jpeg","articleSection":["Gaurkotasuna"],"inLanguage":"eu"},{"@type":"WebPage","@id":"https:\/\/elizagipuzkoa.org\/eu\/la-semana-santa-se-ha-vivido-con-intensidad-oracion-y-esperanza-en-las-parroquias-de-gipuzkoa\/","url":"https:\/\/elizagipuzkoa.org\/eu\/la-semana-santa-se-ha-vivido-con-intensidad-oracion-y-esperanza-en-las-parroquias-de-gipuzkoa\/","name":"Aste Santua gogotsu, otoitzean, eta itxaropenez bizi izan da Gipuzkoako parrokietan - Di\u00f3cesis de San Sebasti\u00e1n","isPartOf":{"@id":"https:\/\/elizagipuzkoa.org\/eu\/#website"},"primaryImageOfPage":{"@id":"https:\/\/elizagipuzkoa.org\/eu\/la-semana-santa-se-ha-vivido-con-intensidad-oracion-y-esperanza-en-las-parroquias-de-gipuzkoa\/#primaryimage"},"image":{"@id":"https:\/\/elizagipuzkoa.org\/eu\/la-semana-santa-se-ha-vivido-con-intensidad-oracion-y-esperanza-en-las-parroquias-de-gipuzkoa\/#primaryimage"},"thumbnailUrl":"https:\/\/elizagipuzkoa.org\/wp-content\/uploads\/2026\/04\/juevesantohondarribi.jpeg","datePublished":"2026-04-05T18:09:44+00:00","dateModified":"2026-04-14T11:29:53+00:00","description":"La Semana Santa se ha vivido con intensidad, oraci\u00f3n y esperanza en las parroquias de Gipuzkoa","breadcrumb":{"@id":"https:\/\/elizagipuzkoa.org\/eu\/la-semana-santa-se-ha-vivido-con-intensidad-oracion-y-esperanza-en-las-parroquias-de-gipuzkoa\/#breadcrumb"},"inLanguage":"eu","potentialAction":[{"@type":"ReadAction","target":["https:\/\/elizagipuzkoa.org\/eu\/la-semana-santa-se-ha-vivido-con-intensidad-oracion-y-esperanza-en-las-parroquias-de-gipuzkoa\/"]}]},{"@type":"ImageObject","inLanguage":"eu","@id":"https:\/\/elizagipuzkoa.org\/eu\/la-semana-santa-se-ha-vivido-con-intensidad-oracion-y-esperanza-en-las-parroquias-de-gipuzkoa\/#primaryimage","url":"https:\/\/elizagipuzkoa.org\/wp-content\/uploads\/2026\/04\/juevesantohondarribi.jpeg","contentUrl":"https:\/\/elizagipuzkoa.org\/wp-content\/uploads\/2026\/04\/juevesantohondarribi.jpeg","width":1600,"height":900},{"@type":"BreadcrumbList","@id":"https:\/\/elizagipuzkoa.org\/eu\/la-semana-santa-se-ha-vivido-con-intensidad-oracion-y-esperanza-en-las-parroquias-de-gipuzkoa\/#breadcrumb","itemListElement":[{"@type":"ListItem","position":1,"name":"Inicio","item":"https:\/\/elizagipuzkoa.org\/eu\/"},{"@type":"ListItem","position":2,"name":"Aste Santua gogotsu, otoitzean, eta itxaropenez bizi izan da Gipuzkoako parrokietan"}]},{"@type":"WebSite","@id":"https:\/\/elizagipuzkoa.org\/eu\/#website","url":"https:\/\/elizagipuzkoa.org\/eu\/","name":"Di\u00f3cesis de San Sebasti\u00e1n","description":"","publisher":{"@id":"https:\/\/elizagipuzkoa.org\/eu\/#organization"},"potentialAction":[{"@type":"SearchAction","target":{"@type":"EntryPoint","urlTemplate":"https:\/\/elizagipuzkoa.org\/eu\/?s={search_term_string}"},"query-input":{"@type":"PropertyValueSpecification","valueRequired":true,"valueName":"search_term_string"}}],"inLanguage":"eu"},{"@type":"Organization","@id":"https:\/\/elizagipuzkoa.org\/eu\/#organization","name":"Di\u00f3cesis de San Sebasti\u00e1n","url":"https:\/\/elizagipuzkoa.org\/eu\/","logo":{"@type":"ImageObject","inLanguage":"eu","@id":"https:\/\/elizagipuzkoa.org\/eu\/#\/schema\/logo\/image\/","url":"https:\/\/elizagipuzkoa.org\/wp-content\/uploads\/2024\/02\/logo_transparente_250.png","contentUrl":"https:\/\/elizagipuzkoa.org\/wp-content\/uploads\/2024\/02\/logo_transparente_250.png","width":250,"height":124,"caption":"Di\u00f3cesis de San Sebasti\u00e1n"},"image":{"@id":"https:\/\/elizagipuzkoa.org\/eu\/#\/schema\/logo\/image\/"},"sameAs":["https:\/\/www.facebook.com\/p\/Donostiako-ElizbarrutiaDicesis-de-San-Sebastin-100064874702840\/","https:\/\/x.com\/diocesis_ss","https:\/\/www.instagram.com\/diocesis_ss\/?hl=es","https:\/\/www.youtube.com\/@DiocesisdeSanSebastian","https:\/\/www.flickr.com\/photos\/133958253@N05\/albums\/"]},{"@type":"Person","@id":"https:\/\/elizagipuzkoa.org\/eu\/#\/schema\/person\/d33380af7f6eaf564ae1ed5b8fb1e8a9","name":"Ivan Benko","image":{"@type":"ImageObject","inLanguage":"eu","@id":"https:\/\/elizagipuzkoa.org\/eu\/#\/schema\/person\/image\/","url":"https:\/\/secure.gravatar.com\/avatar\/f90bd9f1506ff6ba69f5e66b32b211ab55afa300918f2b96b163f0336d4fcb10?s=96&d=mm&r=g","contentUrl":"https:\/\/secure.gravatar.com\/avatar\/f90bd9f1506ff6ba69f5e66b32b211ab55afa300918f2b96b163f0336d4fcb10?s=96&d=mm&r=g","caption":"Ivan Benko"},"url":"https:\/\/elizagipuzkoa.org\/eu\/author\/comunicacion\/"}]}},"_links":{"self":[{"href":"https:\/\/elizagipuzkoa.org\/eu\/wp-json\/wp\/v2\/posts\/56818","targetHints":{"allow":["GET"]}}],"collection":[{"href":"https:\/\/elizagipuzkoa.org\/eu\/wp-json\/wp\/v2\/posts"}],"about":[{"href":"https:\/\/elizagipuzkoa.org\/eu\/wp-json\/wp\/v2\/types\/post"}],"author":[{"embeddable":true,"href":"https:\/\/elizagipuzkoa.org\/eu\/wp-json\/wp\/v2\/users\/3"}],"replies":[{"embeddable":true,"href":"https:\/\/elizagipuzkoa.org\/eu\/wp-json\/wp\/v2\/comments?post=56818"}],"version-history":[{"count":2,"href":"https:\/\/elizagipuzkoa.org\/eu\/wp-json\/wp\/v2\/posts\/56818\/revisions"}],"predecessor-version":[{"id":56994,"href":"https:\/\/elizagipuzkoa.org\/eu\/wp-json\/wp\/v2\/posts\/56818\/revisions\/56994"}],"wp:featuredmedia":[{"embeddable":true,"href":"https:\/\/elizagipuzkoa.org\/eu\/wp-json\/wp\/v2\/media\/56761"}],"wp:attachment":[{"href":"https:\/\/elizagipuzkoa.org\/eu\/wp-json\/wp\/v2\/media?parent=56818"}],"wp:term":[{"taxonomy":"category","embeddable":true,"href":"https:\/\/elizagipuzkoa.org\/eu\/wp-json\/wp\/v2\/categories?post=56818"},{"taxonomy":"post_tag","embeddable":true,"href":"https:\/\/elizagipuzkoa.org\/eu\/wp-json\/wp\/v2\/tags?post=56818"}],"curies":[{"name":"wp","href":"https:\/\/api.w.org\/{rel}","templated":true}]}}