{"id":57550,"date":"2026-04-28T15:19:35","date_gmt":"2026-04-28T13:19:35","guid":{"rendered":"https:\/\/elizagipuzkoa.org\/aniversarios-sacerdotales-2026\/"},"modified":"2026-04-28T15:19:35","modified_gmt":"2026-04-28T13:19:35","slug":"aniversarios-sacerdotales-2026","status":"publish","type":"post","link":"https:\/\/elizagipuzkoa.org\/eu\/aniversarios-sacerdotales-2026\/","title":{"rendered":"Aniversarios sacerdotales 2026"},"content":{"rendered":"<p>El Seminario Diocesano de San Sebasti\u00e1n acogi\u00f3 ayer Lunes una emotiva eucarist\u00eda para homenajear a siete sacerdotes que celebran sus bodas de oro y plata tras d\u00e9cadas de compromiso con la Iglesia guipuzcoana. Durante la ceremonia, se puso en valor la entrega y el servicio de estos presb\u00edteros, de los cuales seis conmemoran el 50 aniversario de su ordenaci\u00f3n, mientras que uno de ellos cumple 25 a\u00f1os en el ejercicio de su ministerio.<\/p>\n<p>&nbsp;<\/p>\n<p>\u00a1Felicidades a todos los sacerdotes que han celebrado el aniversario de su ordenaci\u00f3n sacerdotal!<\/p>\n<p>Lista de sacerdotes homenajeados:<\/p>\n<p>&nbsp;<\/p>\n<ol start=\"25\">\n<li><strong> aniversario<\/strong><\/li>\n<\/ol>\n<p>&#8211; Ibon Alberdi Urrestarazu<\/p>\n<p>&nbsp;<\/p>\n<ol start=\"50\">\n<li><strong> aniversario <\/strong><\/li>\n<\/ol>\n<p>&#8211; F\u00e9lix Carmelo Azurmendi Ayerbe<\/p>\n<p>\u2013 Jos\u00e9 Ram\u00f3n Trevi\u00f1o Aguirrebe\u00f1a<\/p>\n<p>\u2013 Jos\u00e9 Luis Aperribay Madinabeitia<\/p>\n<p>\u2013 Victorio Zabalgogeaskoa Echevarria, OFM<\/p>\n<p>\u2013 Juan Jos\u00e9 Iturrioz Zelaia , OFM<\/p>\n<p>&#8211;\u00a0 Francisco Javier Alberdi Arizmendi, SJ<\/p>\n<p>&nbsp;<\/p>\n<p><iframe loading=\"lazy\" title=\"Apaizen ezteiak - Aniversarios sacerdotales 2026\" width=\"640\" height=\"360\" src=\"https:\/\/www.youtube.com\/embed\/rDebF-sLCkA?feature=oembed\" frameborder=\"0\" allow=\"accelerometer; autoplay; clipboard-write; encrypted-media; gyroscope; picture-in-picture; web-share\" referrerpolicy=\"strict-origin-when-cross-origin\" allowfullscreen><\/iframe><\/p>\n","protected":false},"excerpt":{"rendered":"<p>El Seminario Diocesano de San Sebasti\u00e1n acogi\u00f3 ayer Lunes una emotiva eucarist\u00eda para homenajear a siete sacerdotes que celebran sus bodas de oro y plata [&#8230;]<\/p>\n","protected":false},"author":6,"featured_media":57548,"comment_status":"closed","ping_status":"closed","sticky":false,"template":"","format":"standard","meta":{"_price":"","_stock":"","_tribe_ticket_header":"","_tribe_default_ticket_provider":"","_tribe_ticket_capacity":"0","_ticket_start_date":"","_ticket_end_date":"","_tribe_ticket_show_description":"","_tribe_ticket_show_not_going":false,"_tribe_ticket_use_global_stock":"","_tribe_ticket_global_stock_level":"","_global_stock_mode":"","_global_stock_cap":"","_tribe_rsvp_for_event":"","_tribe_ticket_going_count":"","_tribe_ticket_not_going_count":"","_tribe_tickets_list":"[]","_tribe_ticket_has_attendee_info_fields":false,"footnotes":""},"categories":[162,155],"tags":[],"class_list":["post-57550","post","type-post","status-publish","format-standard","has-post-thumbnail","hentry","category-gaurkotasuna","category-obispo-d-fernando-eu"],"yoast_head":"<!-- This site is optimized with the Yoast SEO plugin v26.9 - https:\/\/yoast.com\/product\/yoast-seo-wordpress\/ -->\n<title>Aniversarios sacerdotales 2026 - Di\u00f3cesis de San Sebasti\u00e1n<\/title>\n<meta name=\"robots\" content=\"index, follow, max-snippet:-1, max-image-preview:large, max-video-preview:-1\" \/>\n<link rel=\"canonical\" href=\"https:\/\/elizagipuzkoa.org\/eu\/aniversarios-sacerdotales-2026\/\" \/>\n<meta property=\"og:locale\" content=\"en_US\" \/>\n<meta property=\"og:type\" content=\"article\" \/>\n<meta property=\"og:title\" content=\"Aniversarios sacerdotales 2026 - Di\u00f3cesis de San Sebasti\u00e1n\" \/>\n<meta property=\"og:description\" content=\"El Seminario Diocesano de San Sebasti\u00e1n acogi\u00f3 ayer Lunes una emotiva eucarist\u00eda para homenajear a siete sacerdotes que celebran sus bodas de oro y plata [...]\" \/>\n<meta property=\"og:url\" content=\"https:\/\/elizagipuzkoa.org\/eu\/aniversarios-sacerdotales-2026\/\" \/>\n<meta property=\"og:site_name\" content=\"Di\u00f3cesis de San Sebasti\u00e1n\" \/>\n<meta property=\"article:publisher\" content=\"https:\/\/www.facebook.com\/p\/Donostiako-ElizbarrutiaDicesis-de-San-Sebastin-100064874702840\/\" \/>\n<meta property=\"article:published_time\" content=\"2026-04-28T13:19:35+00:00\" \/>\n<meta name=\"author\" content=\"Imanol Irigoien\" \/>\n<meta name=\"twitter:card\" content=\"summary_large_image\" \/>\n<meta name=\"twitter:creator\" content=\"@diocesis_ss\" \/>\n<meta name=\"twitter:site\" content=\"@diocesis_ss\" \/>\n<meta name=\"twitter:label1\" content=\"Written by\" \/>\n\t<meta name=\"twitter:data1\" content=\"Imanol Irigoien\" \/>\n\t<meta name=\"twitter:label2\" content=\"Est. reading time\" \/>\n\t<meta name=\"twitter:data2\" content=\"1 minutua\" \/>\n<script type=\"application\/ld+json\" class=\"yoast-schema-graph\">{\"@context\":\"https:\/\/schema.org\",\"@graph\":[{\"@type\":\"Article\",\"@id\":\"https:\/\/elizagipuzkoa.org\/eu\/aniversarios-sacerdotales-2026\/#article\",\"isPartOf\":{\"@id\":\"https:\/\/elizagipuzkoa.org\/eu\/aniversarios-sacerdotales-2026\/\"},\"author\":{\"name\":\"Imanol Irigoien\",\"@id\":\"https:\/\/elizagipuzkoa.org\/eu\/#\/schema\/person\/26e5458eed088cbb44f02fc40ebae39d\"},\"headline\":\"Aniversarios sacerdotales 2026\",\"datePublished\":\"2026-04-28T13:19:35+00:00\",\"mainEntityOfPage\":{\"@id\":\"https:\/\/elizagipuzkoa.org\/eu\/aniversarios-sacerdotales-2026\/\"},\"wordCount\":149,\"publisher\":{\"@id\":\"https:\/\/elizagipuzkoa.org\/eu\/#organization\"},\"image\":{\"@id\":\"https:\/\/elizagipuzkoa.org\/eu\/aniversarios-sacerdotales-2026\/#primaryimage\"},\"thumbnailUrl\":\"https:\/\/elizagipuzkoa.org\/wp-content\/uploads\/2026\/04\/foto-1.jpg\",\"articleSection\":[\"Gaurkotasuna\",\"Obispo D. Fernando\"],\"inLanguage\":\"eu\"},{\"@type\":\"WebPage\",\"@id\":\"https:\/\/elizagipuzkoa.org\/eu\/aniversarios-sacerdotales-2026\/\",\"url\":\"https:\/\/elizagipuzkoa.org\/eu\/aniversarios-sacerdotales-2026\/\",\"name\":\"Aniversarios sacerdotales 2026 - Di\u00f3cesis de San Sebasti\u00e1n\",\"isPartOf\":{\"@id\":\"https:\/\/elizagipuzkoa.org\/eu\/#website\"},\"primaryImageOfPage\":{\"@id\":\"https:\/\/elizagipuzkoa.org\/eu\/aniversarios-sacerdotales-2026\/#primaryimage\"},\"image\":{\"@id\":\"https:\/\/elizagipuzkoa.org\/eu\/aniversarios-sacerdotales-2026\/#primaryimage\"},\"thumbnailUrl\":\"https:\/\/elizagipuzkoa.org\/wp-content\/uploads\/2026\/04\/foto-1.jpg\",\"datePublished\":\"2026-04-28T13:19:35+00:00\",\"breadcrumb\":{\"@id\":\"https:\/\/elizagipuzkoa.org\/eu\/aniversarios-sacerdotales-2026\/#breadcrumb\"},\"inLanguage\":\"eu\",\"potentialAction\":[{\"@type\":\"ReadAction\",\"target\":[\"https:\/\/elizagipuzkoa.org\/eu\/aniversarios-sacerdotales-2026\/\"]}]},{\"@type\":\"ImageObject\",\"inLanguage\":\"eu\",\"@id\":\"https:\/\/elizagipuzkoa.org\/eu\/aniversarios-sacerdotales-2026\/#primaryimage\",\"url\":\"https:\/\/elizagipuzkoa.org\/wp-content\/uploads\/2026\/04\/foto-1.jpg\",\"contentUrl\":\"https:\/\/elizagipuzkoa.org\/wp-content\/uploads\/2026\/04\/foto-1.jpg\",\"width\":1920,\"height\":1080},{\"@type\":\"BreadcrumbList\",\"@id\":\"https:\/\/elizagipuzkoa.org\/eu\/aniversarios-sacerdotales-2026\/#breadcrumb\",\"itemListElement\":[{\"@type\":\"ListItem\",\"position\":1,\"name\":\"Inicio\",\"item\":\"https:\/\/elizagipuzkoa.org\/eu\/\"},{\"@type\":\"ListItem\",\"position\":2,\"name\":\"Aniversarios sacerdotales 2026\"}]},{\"@type\":\"WebSite\",\"@id\":\"https:\/\/elizagipuzkoa.org\/eu\/#website\",\"url\":\"https:\/\/elizagipuzkoa.org\/eu\/\",\"name\":\"Di\u00f3cesis de San Sebasti\u00e1n\",\"description\":\"\",\"publisher\":{\"@id\":\"https:\/\/elizagipuzkoa.org\/eu\/#organization\"},\"potentialAction\":[{\"@type\":\"SearchAction\",\"target\":{\"@type\":\"EntryPoint\",\"urlTemplate\":\"https:\/\/elizagipuzkoa.org\/eu\/?s={search_term_string}\"},\"query-input\":{\"@type\":\"PropertyValueSpecification\",\"valueRequired\":true,\"valueName\":\"search_term_string\"}}],\"inLanguage\":\"eu\"},{\"@type\":\"Organization\",\"@id\":\"https:\/\/elizagipuzkoa.org\/eu\/#organization\",\"name\":\"Di\u00f3cesis de San Sebasti\u00e1n\",\"url\":\"https:\/\/elizagipuzkoa.org\/eu\/\",\"logo\":{\"@type\":\"ImageObject\",\"inLanguage\":\"eu\",\"@id\":\"https:\/\/elizagipuzkoa.org\/eu\/#\/schema\/logo\/image\/\",\"url\":\"https:\/\/elizagipuzkoa.org\/wp-content\/uploads\/2024\/02\/logo_transparente_250.png\",\"contentUrl\":\"https:\/\/elizagipuzkoa.org\/wp-content\/uploads\/2024\/02\/logo_transparente_250.png\",\"width\":250,\"height\":124,\"caption\":\"Di\u00f3cesis de San Sebasti\u00e1n\"},\"image\":{\"@id\":\"https:\/\/elizagipuzkoa.org\/eu\/#\/schema\/logo\/image\/\"},\"sameAs\":[\"https:\/\/www.facebook.com\/p\/Donostiako-ElizbarrutiaDicesis-de-San-Sebastin-100064874702840\/\",\"https:\/\/x.com\/diocesis_ss\",\"https:\/\/www.instagram.com\/diocesis_ss\/?hl=es\",\"https:\/\/www.youtube.com\/@DiocesisdeSanSebastian\",\"https:\/\/www.flickr.com\/photos\/133958253@N05\/albums\/\"]},{\"@type\":\"Person\",\"@id\":\"https:\/\/elizagipuzkoa.org\/eu\/#\/schema\/person\/26e5458eed088cbb44f02fc40ebae39d\",\"name\":\"Imanol Irigoien\",\"image\":{\"@type\":\"ImageObject\",\"inLanguage\":\"eu\",\"@id\":\"https:\/\/elizagipuzkoa.org\/eu\/#\/schema\/person\/image\/\",\"url\":\"https:\/\/secure.gravatar.com\/avatar\/8b717de42f09ebc8db0f13d1a09d81afc446aee6f278599d9ec62bf0db12797c?s=96&d=mm&r=g\",\"contentUrl\":\"https:\/\/secure.gravatar.com\/avatar\/8b717de42f09ebc8db0f13d1a09d81afc446aee6f278599d9ec62bf0db12797c?s=96&d=mm&r=g\",\"caption\":\"Imanol Irigoien\"},\"url\":\"https:\/\/elizagipuzkoa.org\/eu\/author\/imanolirigoien\/\"}]}<\/script>\n<!-- \/ Yoast SEO plugin. -->","yoast_head_json":{"title":"Aniversarios sacerdotales 2026 - Di\u00f3cesis de San Sebasti\u00e1n","robots":{"index":"index","follow":"follow","max-snippet":"max-snippet:-1","max-image-preview":"max-image-preview:large","max-video-preview":"max-video-preview:-1"},"canonical":"https:\/\/elizagipuzkoa.org\/eu\/aniversarios-sacerdotales-2026\/","og_locale":"en_US","og_type":"article","og_title":"Aniversarios sacerdotales 2026 - Di\u00f3cesis de San Sebasti\u00e1n","og_description":"El Seminario Diocesano de San Sebasti\u00e1n acogi\u00f3 ayer Lunes una emotiva eucarist\u00eda para homenajear a siete sacerdotes que celebran sus bodas de oro y plata [...]","og_url":"https:\/\/elizagipuzkoa.org\/eu\/aniversarios-sacerdotales-2026\/","og_site_name":"Di\u00f3cesis de San Sebasti\u00e1n","article_publisher":"https:\/\/www.facebook.com\/p\/Donostiako-ElizbarrutiaDicesis-de-San-Sebastin-100064874702840\/","article_published_time":"2026-04-28T13:19:35+00:00","author":"Imanol Irigoien","twitter_card":"summary_large_image","twitter_creator":"@diocesis_ss","twitter_site":"@diocesis_ss","twitter_misc":{"Written by":"Imanol Irigoien","Est. reading time":"1 minutua"},"schema":{"@context":"https:\/\/schema.org","@graph":[{"@type":"Article","@id":"https:\/\/elizagipuzkoa.org\/eu\/aniversarios-sacerdotales-2026\/#article","isPartOf":{"@id":"https:\/\/elizagipuzkoa.org\/eu\/aniversarios-sacerdotales-2026\/"},"author":{"name":"Imanol Irigoien","@id":"https:\/\/elizagipuzkoa.org\/eu\/#\/schema\/person\/26e5458eed088cbb44f02fc40ebae39d"},"headline":"Aniversarios sacerdotales 2026","datePublished":"2026-04-28T13:19:35+00:00","mainEntityOfPage":{"@id":"https:\/\/elizagipuzkoa.org\/eu\/aniversarios-sacerdotales-2026\/"},"wordCount":149,"publisher":{"@id":"https:\/\/elizagipuzkoa.org\/eu\/#organization"},"image":{"@id":"https:\/\/elizagipuzkoa.org\/eu\/aniversarios-sacerdotales-2026\/#primaryimage"},"thumbnailUrl":"https:\/\/elizagipuzkoa.org\/wp-content\/uploads\/2026\/04\/foto-1.jpg","articleSection":["Gaurkotasuna","Obispo D. Fernando"],"inLanguage":"eu"},{"@type":"WebPage","@id":"https:\/\/elizagipuzkoa.org\/eu\/aniversarios-sacerdotales-2026\/","url":"https:\/\/elizagipuzkoa.org\/eu\/aniversarios-sacerdotales-2026\/","name":"Aniversarios sacerdotales 2026 - Di\u00f3cesis de San Sebasti\u00e1n","isPartOf":{"@id":"https:\/\/elizagipuzkoa.org\/eu\/#website"},"primaryImageOfPage":{"@id":"https:\/\/elizagipuzkoa.org\/eu\/aniversarios-sacerdotales-2026\/#primaryimage"},"image":{"@id":"https:\/\/elizagipuzkoa.org\/eu\/aniversarios-sacerdotales-2026\/#primaryimage"},"thumbnailUrl":"https:\/\/elizagipuzkoa.org\/wp-content\/uploads\/2026\/04\/foto-1.jpg","datePublished":"2026-04-28T13:19:35+00:00","breadcrumb":{"@id":"https:\/\/elizagipuzkoa.org\/eu\/aniversarios-sacerdotales-2026\/#breadcrumb"},"inLanguage":"eu","potentialAction":[{"@type":"ReadAction","target":["https:\/\/elizagipuzkoa.org\/eu\/aniversarios-sacerdotales-2026\/"]}]},{"@type":"ImageObject","inLanguage":"eu","@id":"https:\/\/elizagipuzkoa.org\/eu\/aniversarios-sacerdotales-2026\/#primaryimage","url":"https:\/\/elizagipuzkoa.org\/wp-content\/uploads\/2026\/04\/foto-1.jpg","contentUrl":"https:\/\/elizagipuzkoa.org\/wp-content\/uploads\/2026\/04\/foto-1.jpg","width":1920,"height":1080},{"@type":"BreadcrumbList","@id":"https:\/\/elizagipuzkoa.org\/eu\/aniversarios-sacerdotales-2026\/#breadcrumb","itemListElement":[{"@type":"ListItem","position":1,"name":"Inicio","item":"https:\/\/elizagipuzkoa.org\/eu\/"},{"@type":"ListItem","position":2,"name":"Aniversarios sacerdotales 2026"}]},{"@type":"WebSite","@id":"https:\/\/elizagipuzkoa.org\/eu\/#website","url":"https:\/\/elizagipuzkoa.org\/eu\/","name":"Di\u00f3cesis de San Sebasti\u00e1n","description":"","publisher":{"@id":"https:\/\/elizagipuzkoa.org\/eu\/#organization"},"potentialAction":[{"@type":"SearchAction","target":{"@type":"EntryPoint","urlTemplate":"https:\/\/elizagipuzkoa.org\/eu\/?s={search_term_string}"},"query-input":{"@type":"PropertyValueSpecification","valueRequired":true,"valueName":"search_term_string"}}],"inLanguage":"eu"},{"@type":"Organization","@id":"https:\/\/elizagipuzkoa.org\/eu\/#organization","name":"Di\u00f3cesis de San Sebasti\u00e1n","url":"https:\/\/elizagipuzkoa.org\/eu\/","logo":{"@type":"ImageObject","inLanguage":"eu","@id":"https:\/\/elizagipuzkoa.org\/eu\/#\/schema\/logo\/image\/","url":"https:\/\/elizagipuzkoa.org\/wp-content\/uploads\/2024\/02\/logo_transparente_250.png","contentUrl":"https:\/\/elizagipuzkoa.org\/wp-content\/uploads\/2024\/02\/logo_transparente_250.png","width":250,"height":124,"caption":"Di\u00f3cesis de San Sebasti\u00e1n"},"image":{"@id":"https:\/\/elizagipuzkoa.org\/eu\/#\/schema\/logo\/image\/"},"sameAs":["https:\/\/www.facebook.com\/p\/Donostiako-ElizbarrutiaDicesis-de-San-Sebastin-100064874702840\/","https:\/\/x.com\/diocesis_ss","https:\/\/www.instagram.com\/diocesis_ss\/?hl=es","https:\/\/www.youtube.com\/@DiocesisdeSanSebastian","https:\/\/www.flickr.com\/photos\/133958253@N05\/albums\/"]},{"@type":"Person","@id":"https:\/\/elizagipuzkoa.org\/eu\/#\/schema\/person\/26e5458eed088cbb44f02fc40ebae39d","name":"Imanol Irigoien","image":{"@type":"ImageObject","inLanguage":"eu","@id":"https:\/\/elizagipuzkoa.org\/eu\/#\/schema\/person\/image\/","url":"https:\/\/secure.gravatar.com\/avatar\/8b717de42f09ebc8db0f13d1a09d81afc446aee6f278599d9ec62bf0db12797c?s=96&d=mm&r=g","contentUrl":"https:\/\/secure.gravatar.com\/avatar\/8b717de42f09ebc8db0f13d1a09d81afc446aee6f278599d9ec62bf0db12797c?s=96&d=mm&r=g","caption":"Imanol Irigoien"},"url":"https:\/\/elizagipuzkoa.org\/eu\/author\/imanolirigoien\/"}]}},"_links":{"self":[{"href":"https:\/\/elizagipuzkoa.org\/eu\/wp-json\/wp\/v2\/posts\/57550","targetHints":{"allow":["GET"]}}],"collection":[{"href":"https:\/\/elizagipuzkoa.org\/eu\/wp-json\/wp\/v2\/posts"}],"about":[{"href":"https:\/\/elizagipuzkoa.org\/eu\/wp-json\/wp\/v2\/types\/post"}],"author":[{"embeddable":true,"href":"https:\/\/elizagipuzkoa.org\/eu\/wp-json\/wp\/v2\/users\/6"}],"replies":[{"embeddable":true,"href":"https:\/\/elizagipuzkoa.org\/eu\/wp-json\/wp\/v2\/comments?post=57550"}],"version-history":[{"count":0,"href":"https:\/\/elizagipuzkoa.org\/eu\/wp-json\/wp\/v2\/posts\/57550\/revisions"}],"wp:featuredmedia":[{"embeddable":true,"href":"https:\/\/elizagipuzkoa.org\/eu\/wp-json\/wp\/v2\/media\/57548"}],"wp:attachment":[{"href":"https:\/\/elizagipuzkoa.org\/eu\/wp-json\/wp\/v2\/media?parent=57550"}],"wp:term":[{"taxonomy":"category","embeddable":true,"href":"https:\/\/elizagipuzkoa.org\/eu\/wp-json\/wp\/v2\/categories?post=57550"},{"taxonomy":"post_tag","embeddable":true,"href":"https:\/\/elizagipuzkoa.org\/eu\/wp-json\/wp\/v2\/tags?post=57550"}],"curies":[{"name":"wp","href":"https:\/\/api.w.org\/{rel}","templated":true}]}}